{"id":9344,"date":"2013-09-26T18:33:54","date_gmt":"2013-09-26T18:33:54","guid":{"rendered":"http:\/\/fonasc-cbh.org.br\/?p=9344"},"modified":"2013-10-01T00:31:57","modified_gmt":"2013-10-01T00:31:57","slug":"programacao-dos-cursos-de-capacitacao-de-professores-sobre-educacao-ambiental","status":"publish","type":"post","link":"https:\/\/fonasc-cbh.org.br\/?p=9344","title":{"rendered":"PR &#8211; FONASC APRESENTA PROGRAMA\u00c7\u00c3O DOS CURSOS DE CAPACITA\u00c7\u00c3O DE PROFESSORES SOBRE EDUCA\u00c7\u00c3O AMBIENTAL EM CERRO AZUL ."},"content":{"rendered":"<p dir=\"ltr\"><strong>fonasc participa e apoia CURSOS DE CAPACITA\u00c7\u00c3O DE PROFESSORES SOBRE EDUCA\u00c7\u00c3O AMBIENTAL EM CERRO AZUL .Em CERRO AZUL-PR :Atrav\u00e9s de nossa coordenadora no PR o FONASC apoia e estimukla projeto de educa\u00e7\u00e3o ambiental. Veja a Programa\u00e7\u00e3o \u00a0<\/strong><\/p>\n<p dir=\"ltr\">&#8211;<strong> DIA 28 DE SETEMBRO DE 2013:<\/strong><\/p>\n<p dir=\"ltr\">&#8211; 09h00 \u2013 Abertura do Curso e pronunciamento de autoridades presentes. Apresenta\u00e7\u00f5es.<\/p>\n<p dir=\"ltr\">&#8211; 09h30 \u2013 1\u00aa. Palestra: Hist\u00f3rico da Educa\u00e7\u00e3o Ambiental no Mundo at\u00e9 a Rio 92; o Tratado de<\/p>\n<p dir=\"ltr\">Educa\u00e7\u00e3o Ambiental \u2013 bases conceituais e a Lei Federal de Educa\u00e7\u00e3o Ambiental (Lei<\/p>\n<p dir=\"ltr\">9.795, de 27 de abril de 1999); Decreto Federal n. 4281, de 25 de junho de 2002.<\/p>\n<p dir=\"ltr\">&#8211; 10h45 \u2013 2\u00aa. Palestra: o Programa Nacional de Educa\u00e7\u00e3o Ambiental (PRONEA) e a Resolu\u00e7\u00e3o<\/p>\n<p dir=\"ltr\">CONAMA 422, de 23 de mar\u00e7o de 2010.<\/p>\n<p dir=\"ltr\">&#8211; 13h30 \u2013 Din\u00e2mica de grupo: leitura da Lei Federal de Educa\u00e7\u00e3o Ambiental, do Programa<\/p>\n<p dir=\"ltr\">Nacional de Educa\u00e7\u00e3o Ambiental e da Resolu\u00e7\u00e3o CONAMA 422\/2010.<\/p>\n<p dir=\"ltr\">\u2013 Plen\u00e1ria: exposi\u00e7\u00e3o do trabalho em grupo.<\/p>\n<p dir=\"ltr\"><strong>&#8211; DIA 19 DE OUTUBRO DE 2013:<\/strong><\/p>\n<p dir=\"ltr\">&#8211; 09h00 \u2013 1\u00aa. Palestra: Lei Estadual de Educa\u00e7\u00e3o Ambiental (Lei n. 17.505, de 11 de janeiro de 2013).<\/p>\n<p dir=\"ltr\">&#8211; 10h45 \u2013 Diretrizes Curriculares de Educa\u00e7\u00e3o Ambiental do PR. A Agenda 21 Escolar.<\/p>\n<p dir=\"ltr\">&#8211; 13h30 \u2013 Oficina: A bacia hidrogr\u00e1fica do Rio Ribeira e o Munic\u00edpio de Cerro Azul.<\/p>\n<p dir=\"ltr\">Subs\u00eddios para a elabora\u00e7\u00e3o de uma proposta para as escolas do Munic\u00edpio de Cerro<\/p>\n<p dir=\"ltr\">Azul, integrante da bacia do Rio Ribeira, levantamento de sugest\u00f5es e encaminhamentos.<\/p>\n<p dir=\"ltr\">&#8211; Plen\u00e1ria: exposi\u00e7\u00e3o do trabalho em grupo.<\/p>\n<p dir=\"ltr\"><strong>&#8211; DIA 23 DE NOVEMBRO DE 2013:<\/strong><\/p>\n<p dir=\"ltr\">&#8211; 09h00 \u2013 Apresenta\u00e7\u00e3o dos Planos Escolares de Educa\u00e7\u00e3o Ambiental elaborados pelos<\/p>\n<p dir=\"ltr\">professores do curso.<\/p>\n<p dir=\"ltr\">&#8211; 13h30 \u2013 Avalia\u00e7\u00e3o do trabalho elaborado e do Curso ministrado. Entrega de Certificados.<\/p>\n<p dir=\"ltr\"><a title=\"parana\" href=\"https:\/\/fonasc-cbh.org.br\/?wpfb_dl=360\" target=\"_blank\">veja mais<\/a><\/p>\n","protected":false},"excerpt":{"rendered":"<p>fonasc participa e apoia CURSOS DE CAPACITA\u00c7\u00c3O DE PROFESSORES SOBRE EDUCA\u00c7\u00c3O AMBIENTAL EM CERRO AZUL .Em CERRO AZUL-PR :Atrav\u00e9s de&#8230;<\/p>\n","protected":false},"author":2,"featured_media":0,"comment_status":"open","ping_status":"open","sticky":false,"template":"","format":"standard","meta":{"footnotes":""},"categories":[8],"tags":[21],"_links":{"self":[{"href":"https:\/\/fonasc-cbh.org.br\/index.php?rest_route=\/wp\/v2\/posts\/9344"}],"collection":[{"href":"https:\/\/fonasc-cbh.org.br\/index.php?rest_route=\/wp\/v2\/posts"}],"about":[{"href":"https:\/\/fonasc-cbh.org.br\/index.php?rest_route=\/wp\/v2\/types\/post"}],"author":[{"embeddable":true,"href":"https:\/\/fonasc-cbh.org.br\/index.php?rest_route=\/wp\/v2\/users\/2"}],"replies":[{"embeddable":true,"href":"https:\/\/fonasc-cbh.org.br\/index.php?rest_route=%2Fwp%2Fv2%2Fcomments&post=9344"}],"version-history":[{"count":6,"href":"https:\/\/fonasc-cbh.org.br\/index.php?rest_route=\/wp\/v2\/posts\/9344\/revisions"}],"predecessor-version":[{"id":9348,"href":"https:\/\/fonasc-cbh.org.br\/index.php?rest_route=\/wp\/v2\/posts\/9344\/revisions\/9348"}],"wp:attachment":[{"href":"https:\/\/fonasc-cbh.org.br\/index.php?rest_route=%2Fwp%2Fv2%2Fmedia&parent=9344"}],"wp:term":[{"taxonomy":"category","embeddable":true,"href":"https:\/\/fonasc-cbh.org.br\/index.php?rest_route=%2Fwp%2Fv2%2Fcategories&post=9344"},{"taxonomy":"post_tag","embeddable":true,"href":"https:\/\/fonasc-cbh.org.br\/index.php?rest_route=%2Fwp%2Fv2%2Ftags&post=9344"}],"curies":[{"name":"wp","href":"https:\/\/api.w.org\/{rel}","templated":true}]}}