{"id":7461,"date":"2013-03-14T00:29:53","date_gmt":"2013-03-14T00:29:53","guid":{"rendered":"http:\/\/fonasc-cbh.org.br\/?p=7461"},"modified":"2013-03-30T18:18:14","modified_gmt":"2013-03-30T18:18:14","slug":"pefonasc-participa-apoia-e-divulga-lancamento-do-forum-suape-%e2%80%93-espaco-socioambiental-na-bacia-do-rio-ipojuca-frente-as-injusticas-ambientais-em-pe-m-pe","status":"publish","type":"post","link":"https:\/\/fonasc-cbh.org.br\/?p=7461","title":{"rendered":"PERNAMBUCO-FONASC PARTICIPA APOIA E DIVULGA  Lan\u00e7amento do F\u00f3rum Suape \u2013 Espa\u00e7o socioambiental na Bacia do Rio Ipojuca &#8211; frente as injusti\u00e7as ambientais em PE"},"content":{"rendered":"<p style=\"text-align: justify;\"><strong>PE=FONASC PARTICIPA APOIA E DIVULGA\u00a0 Lan\u00e7amento do F\u00f3rum Suape \u2013 Espa\u00e7o socioambiental na Bacia do Rio Ipojuca &#8211; frente as injusti\u00e7as ambientais em Pernambuco\u00a0<\/strong><\/p>\n<p style=\"text-align: justify;\">Lan\u00e7amento do F\u00f3rum Suape \u2013 Espa\u00e7o socioambiental No dia 15 de mar\u00e7o, sexta feira \u00e0s 19 horas, na C\u00e2mara de Vereadores do Cabo de Santo Agostinho ser\u00e1 o Lan\u00e7amento do F\u00f3rum Suape \u2013 Espa\u00e7o socioambiental, que ter\u00e1 como objetivos: a organiza\u00e7\u00e3o e mobiliza\u00e7\u00e3o popular; organiza\u00e7\u00e3o e promo\u00e7\u00e3o de debates, ciclos de conferencias, eventos culturais com exposi\u00e7\u00f5es de fotos, v\u00eddeos; promover a\u00e7\u00f5es jur\u00eddicas junto ao Minist\u00e9rio P\u00fablico contra as injusti\u00e7as sociais e ambientais cometidas naquele territ\u00f3rio; interagir com outros movimentos (local, nacional e internacional) que defendem a justi\u00e7a s\u00f3cio-ambiental; e a constru\u00e7\u00e3o de um \u201cportal\u201d para dissemina\u00e7\u00e3o das informa\u00e7\u00f5es. A organiza\u00e7\u00e3o da sociedade civil em torno de um f\u00f3rum permanente, al\u00e9m de discutir as quest\u00f5es atuais que est\u00e3o sendo vivenciadas pelos moradores do entorno do Complexo, e seus reflexos para as gera\u00e7\u00f5es futuras; permitir\u00e1 dar visibilidade aos problemas enfrentados por aquelas popula\u00e7\u00f5es. A promo\u00e7\u00e3o deste evento \u00e9 de responsabilidade de mais de 20 organiza\u00e7\u00f5es locais, regionais e nacionais, assim como pessoas f\u00edsicas interessadas em discutir a implanta\u00e7\u00e3o do Complexo de Suape, alardeado como uma oportunidade \u00fanica para alavancar o crescimento econ\u00f4mico da regi\u00e3o e do Estado de Pernambuco. Iniciaremos o evento com a apresenta\u00e7\u00e3o do F\u00f3rum Suape, vindo a seguir a apresenta\u00e7\u00e3o do \u201cportal\u201d, finalizando esta primeira parte teremos a exibi\u00e7\u00e3o de um v\u00eddeo sobre os atingidos pelo Complexo Industrial Portu\u00e1rio de Suape. Na segunda parte ser\u00e1 realizada uma mesa de debates. A Sra. Nivete Azevedo do Centro das Mulheres do Cabo (CMC) nos falara sobre a experi\u00eancia do CMC na quest\u00e3o da viola\u00e7\u00e3o dos direitos dos moradores do entorno do Complexo e o aumento da viol\u00eancia sobre as mulheres. O Dr. Sebasti\u00e3o Raulino nos far\u00e1 um breve resgate hist\u00f3rico da cria\u00e7\u00e3o do F\u00f3rum dos Atingidos pela Ind\u00fastria do Petr\u00f3leo e Petroqu\u00edmica nas Cercanias da Ba\u00eda de Guanabara, os conflitos ambientais relacionados a ind\u00fastria do petr\u00f3leo e petroqu\u00edmica. E para terminar esta segunda parte, teremos a participa\u00e7\u00e3o da Sra. Rafaela Nicola ec\u00f3loga, especialista na quest\u00e3o de \u00e1reas \u00famidas e modos de vida, discorrer\u00e1 sobre os efeitos ambientais provocados pelo Complexo de Suape para as popula\u00e7\u00f5es que vivem da pesca, e as possibilidade de apoio de organiza\u00e7\u00f5es internacionais a luta dos atingidos E para finalizar o evento teremos depoimentos de moradores do territ\u00f3rio abrangido por Suape. Palestrantes: Nivete Azevedo, ge\u00f3grafa, coordenadora geral do Centro das Mulheres do Cabo, e da equipe de coordena\u00e7\u00e3o do F\u00f3rum das Entidades Populares do Cabo Sebasti\u00e3o Fernades Raulino, professor, representante do F\u00f3rum dos Atingidos pela Ind\u00fastria do Petr\u00f3leo e Petroqu\u00edmica nas Cercanias da Ba\u00eda de Guanabara (FAPP-BG) Rafaela Danielli Nicola*, ec\u00f3loga, consultora para \u201c\u00e1reas \u00famidas e modos de vida\u201d, membro da WWW- World Wetland Network. Assessoria de comunica\u00e7\u00e3o (Jornalista: Gerson Fl\u00e1vio\/78120080<\/p>\n<ul>\n<li>\n<div>\n<div data-ved=\"0CEYQkgowAw\">\n<div data-ved=\"0CEcQkQowAw\"><\/div>\n<\/div>\n<h3><a href=\"http:\/\/www.google.com.br\/url?sa=t&amp;rct=j&amp;q=&amp;esrc=s&amp;frm=1&amp;source=web&amp;cd=4&amp;cad=rja&amp;ved=0CEgQFjAD&amp;url=http%3A%2F%2Fracismoambiental.net.br%2F2013%2F03%2Fe-amanha-lancamento-do-forum-suape-espaco-socioambiental-em-recife-pe%2F&amp;ei=pCtXUfDNB5HNqAHHpIAI&amp;usg=AFQjCNFXS_HYZ7hJRMb9BUaQracktWlqiw&amp;sig2=hutXtVcqDAbJzTelgoXSIw\">\u00c9 <\/a><\/h3>\n<\/div>\n<\/li>\n<li>\n<div>\n<div data-ved=\"0CE0QkgowBA\">\n<div data-ved=\"0CE4QkQowBA\"><\/div>\n<\/div>\n<h3><a href=\"http:\/\/www.agb.org.br\/index.php\/eventos-agenda\/5\/event_details\"><em>F\u00f3rum Suape<\/em> \u2013 Espa\u00e7o socioambiental<\/a><\/h3>\n<div><\/div>\n<\/div>\n<\/li>\n<li>\n<div>\n<h3><a href=\"http:\/\/www.mespe.com.br\/xn\/detail\/6378280:BlogPost:19501?xg_source=activity\">Lan\u00e7amento do <em>F\u00f3rum Suape<\/em> &#8211; Movimento Ecossocialista de <strong>&#8230;<\/strong><\/a><\/h3>\n<div><\/div>\n<\/div>\n<\/li>\n<li>\n<div>\n<h3><a href=\"http:\/\/www.soscorpo.org.br\/home\/entry\/lancamento-do-forum-suape-espaco-socioambiental.html\">Lan\u00e7amento do <em>F\u00f3rum Suape<\/em> \u2013 Espa\u00e7o socioambiental &#8211; SOS Corpo<\/a><\/h3>\n<div><\/div>\n<div><\/div>\n<\/div>\n<\/li>\n<li>\n<div>\n<div data-ved=\"0CGQQkgowBw\">\n<div data-ved=\"0CGUQkQowBw\"><\/div>\n<\/div>\n<h3><a href=\"http:\/\/vivapernambuco.com.br\/index.php\/blogs\/item\/2760-f%C3%B3rum-suape-nasce-com-proposta-de-debater-problemas-ambientais-do-complexo-portu%C3%A1rio\"><em>F\u00f3rum Suape<\/em> nasce com proposta de debater problemas <strong>&#8230;<\/strong><\/a><\/h3>\n<div><\/div>\n<\/div>\n<\/li>\n<li>\n<div>\n<div data-ved=\"0CGwQkgowCA\">\n<div data-ved=\"0CG0QkQowCA\"><\/div>\n<\/div>\n<h3><a href=\"http:\/\/tabiradetodos.blogspot.com\/2013\/03\/lancamento-do-forum-suape.html\">TABIRA DE TODOS: Lan\u00e7amento do <em>F\u00f3rum Suape<\/em><\/a><\/h3>\n<div><\/div>\n<\/div>\n<\/li>\n<li>\n<div>\n<div data-ved=\"0CHQQkgowCQ\">\n<div data-ved=\"0CHUQkQowCQ\"><\/div>\n<\/div>\n<h3><\/h3>\n<\/div>\n<\/li>\n<\/ul>\n","protected":false},"excerpt":{"rendered":"<p>PE=FONASC PARTICIPA APOIA E DIVULGA\u00a0 Lan\u00e7amento do F\u00f3rum Suape \u2013 Espa\u00e7o socioambiental na Bacia do Rio Ipojuca &#8211; frente as&#8230;<\/p>\n","protected":false},"author":3,"featured_media":0,"comment_status":"open","ping_status":"open","sticky":false,"template":"","format":"standard","meta":{"footnotes":""},"categories":[8],"tags":[],"_links":{"self":[{"href":"https:\/\/fonasc-cbh.org.br\/index.php?rest_route=\/wp\/v2\/posts\/7461"}],"collection":[{"href":"https:\/\/fonasc-cbh.org.br\/index.php?rest_route=\/wp\/v2\/posts"}],"about":[{"href":"https:\/\/fonasc-cbh.org.br\/index.php?rest_route=\/wp\/v2\/types\/post"}],"author":[{"embeddable":true,"href":"https:\/\/fonasc-cbh.org.br\/index.php?rest_route=\/wp\/v2\/users\/3"}],"replies":[{"embeddable":true,"href":"https:\/\/fonasc-cbh.org.br\/index.php?rest_route=%2Fwp%2Fv2%2Fcomments&post=7461"}],"version-history":[{"count":8,"href":"https:\/\/fonasc-cbh.org.br\/index.php?rest_route=\/wp\/v2\/posts\/7461\/revisions"}],"predecessor-version":[{"id":7465,"href":"https:\/\/fonasc-cbh.org.br\/index.php?rest_route=\/wp\/v2\/posts\/7461\/revisions\/7465"}],"wp:attachment":[{"href":"https:\/\/fonasc-cbh.org.br\/index.php?rest_route=%2Fwp%2Fv2%2Fmedia&parent=7461"}],"wp:term":[{"taxonomy":"category","embeddable":true,"href":"https:\/\/fonasc-cbh.org.br\/index.php?rest_route=%2Fwp%2Fv2%2Fcategories&post=7461"},{"taxonomy":"post_tag","embeddable":true,"href":"https:\/\/fonasc-cbh.org.br\/index.php?rest_route=%2Fwp%2Fv2%2Ftags&post=7461"}],"curies":[{"name":"wp","href":"https:\/\/api.w.org\/{rel}","templated":true}]}}