{"id":7434,"date":"2013-03-08T14:47:05","date_gmt":"2013-03-08T14:47:05","guid":{"rendered":"http:\/\/fonasc-cbh.org.br\/?p=7434"},"modified":"2013-05-21T15:43:00","modified_gmt":"2013-05-21T15:43:00","slug":"pi-mobilizacao-pelo-cbh-rio-parnaiba-fonasc-divulga-a-carta-de-timon","status":"publish","type":"post","link":"https:\/\/fonasc-cbh.org.br\/?p=7434","title":{"rendered":"PI &#8211; MOBILIZA\u00c7\u00c3O PELO CBH RIO PARNAIBA &#8211; FONASC DIVULGA A CARTA DE TIMON"},"content":{"rendered":"<p><strong>PI &#8211; MOBILIZA\u00c7\u00c3O PELO CBH RIO PARNAIBA &#8211; FONASC DIVULGA A CARTA DE TIMON<\/strong><\/p>\n<p style=\"text-align: justify;\"><a href=\"https:\/\/fonasc-cbh.org.br\/wp-content\/uploads\/31_-_F1.jpg\"><img loading=\"lazy\" decoding=\"async\" class=\"aligncenter size-full wp-image-7426\" title=\"31_-_F~1\" src=\"https:\/\/fonasc-cbh.org.br\/wp-content\/uploads\/31_-_F1-e1362761706426.jpg\" alt=\"\" width=\"602\" height=\"472\" \/><\/a><\/p>\n<p style=\"text-align: justify;\">Prosegue com grande esfor\u00e7o de entidades da Soc civil , usu\u00e1rios e alguns \u00a0organismos\u00a0 vernamentais a agenda\u00a0 para implanta\u00e7\u00e3o do CBH PArnaiba &#8211; Divulgamos a Carta de Timon resultado\u00a0 do semin\u00e1rio realizado na cidade de TIMON no MA consolidando a mobiliza\u00e7\u00e3o\u00a0\u00a0 desses segmentos para dotar o\u00a0\u00a0Rio Parnaiba de uma gest\u00e3o compartilhada e descentralizada. A comiss\u00e3o\u00a0 composta pelos treis segmentos dos treis estados \u00a0instituida em\u00a0reuni\u00e3o de \u00a02 de Dezembro\u00a0em Teresina ainda n\u00e3o disponibilizou uma agenda de atividades e documentos referentes aos esfor\u00e7os at\u00e9 agora para instruir o processo junto ao CNRH . Nota-se que desde 2006 as organiza\u00e7\u00f5es civis tem se esfor\u00e7ado para consubtanciar os \u00f3rg\u00e3os\u00a0 feDerais em especial a SRHU MMA MPF COM FARTA documenta\u00e7\u00e3o \u00a0\u00a0\u00a0para mostrar a import\u00e2ncia desse CBH numa bacia marcada pela perspectiva de interven\u00e7\u00f5es de grande impacto \u00a0que atinge diretamente a\u00a0 popula\u00e7\u00e3o\u00a0\u00a0. No pr\u00f3ximo dia 14 de Mar\u00e7o 2013 haver\u00e1 mais uma reuni\u00e3o da comiss\u00e3o formada por membros do estado do Piaui e almejamos\u00a0 sua tranaparencia e diligente a\u00e7\u00e3o -veja a <a title=\"caSRTE\" href=\"https:\/\/fonasc-cbh.org.br\/?wpfb_dl=287\" target=\"_blank\">carta<\/a> de Timon e mais <a title=\"sx\" href=\"https:\/\/fonasc-cbh.org.br\/?page_id=3419\" target=\"_blank\">documentos<\/a>\u00a0<a title=\"sas\" href=\"https:\/\/fonasc-cbh.org.br\/?wpfb_dl=288\" target=\"_blank\">convite<\/a><\/p>\n<p>&nbsp;<\/p>\n","protected":false},"excerpt":{"rendered":"<p>PI &#8211; MOBILIZA\u00c7\u00c3O PELO CBH RIO PARNAIBA &#8211; FONASC DIVULGA A CARTA DE TIMON<br \/>\nCarta de Timon resultado  do semin\u00e1rio realizado na cidade de TIMON no MA consolidando a mobiliza\u00e7\u00e3o   desses segmentos para dotar o  Rio Parnaiba de uma gest\u00e3o compartilhada e descentralizada. <\/p>\n","protected":false},"author":3,"featured_media":0,"comment_status":"open","ping_status":"open","sticky":false,"template":"","format":"standard","meta":{"footnotes":""},"categories":[8],"tags":[],"_links":{"self":[{"href":"https:\/\/fonasc-cbh.org.br\/index.php?rest_route=\/wp\/v2\/posts\/7434"}],"collection":[{"href":"https:\/\/fonasc-cbh.org.br\/index.php?rest_route=\/wp\/v2\/posts"}],"about":[{"href":"https:\/\/fonasc-cbh.org.br\/index.php?rest_route=\/wp\/v2\/types\/post"}],"author":[{"embeddable":true,"href":"https:\/\/fonasc-cbh.org.br\/index.php?rest_route=\/wp\/v2\/users\/3"}],"replies":[{"embeddable":true,"href":"https:\/\/fonasc-cbh.org.br\/index.php?rest_route=%2Fwp%2Fv2%2Fcomments&post=7434"}],"version-history":[{"count":26,"href":"https:\/\/fonasc-cbh.org.br\/index.php?rest_route=\/wp\/v2\/posts\/7434\/revisions"}],"predecessor-version":[{"id":7437,"href":"https:\/\/fonasc-cbh.org.br\/index.php?rest_route=\/wp\/v2\/posts\/7434\/revisions\/7437"}],"wp:attachment":[{"href":"https:\/\/fonasc-cbh.org.br\/index.php?rest_route=%2Fwp%2Fv2%2Fmedia&parent=7434"}],"wp:term":[{"taxonomy":"category","embeddable":true,"href":"https:\/\/fonasc-cbh.org.br\/index.php?rest_route=%2Fwp%2Fv2%2Fcategories&post=7434"},{"taxonomy":"post_tag","embeddable":true,"href":"https:\/\/fonasc-cbh.org.br\/index.php?rest_route=%2Fwp%2Fv2%2Ftags&post=7434"}],"curies":[{"name":"wp","href":"https:\/\/api.w.org\/{rel}","templated":true}]}}