{"id":7419,"date":"2013-03-06T17:22:37","date_gmt":"2013-03-06T17:22:37","guid":{"rendered":"http:\/\/fonasc-cbh.org.br\/?p=7419"},"modified":"2013-07-15T19:02:33","modified_gmt":"2013-07-15T19:02:33","slug":"fonasc-apoia-campanha-contra-a-pec37-que-retira-o-poder-investigatorio-do-ministerio-publico","status":"publish","type":"post","link":"https:\/\/fonasc-cbh.org.br\/?p=7419","title":{"rendered":"FONASC APOIA CAMPANHA CONTRA A PEC37  que retira o poder investigat\u00f3rio do Minist\u00e9rio P\u00fablico"},"content":{"rendered":"<p><strong>FONASC APOIA CAMPANHA CONTRA A PEC37\u00a0 que retira o poder investigat\u00f3rio do Minist\u00e9rio P\u00fablico<\/strong><\/p>\n<p style=\"text-align: justify;\">Para aqueles que ainda n\u00e3o conhecem ou n\u00e3o participaram da campanha contra a PEC37, que retira o poder investigat\u00f3rio do Minist\u00e9rio P\u00fablico, ainda h\u00e1 tempo\u2026 Vejam as informa\u00e7\u00f5es anexas! \u00c9 bom ressaltar que essa mudan\u00e7a absurda interferiria diretamente nas investiga\u00e7\u00f5es relativas aos crimes ambientais conduzidas pelo MP. <a title=\"asdf\" href=\"https:\/\/fonasc-cbh.org.br\/?page_id=1475\" target=\"_blank\">veja os documentos<\/a>\u00a0<a title=\"abaixo\" href=\"https:\/\/drive.google.com\/?authuser=1#folders\/0B_-yyLekWKMmNVFYNnhxSEJQSXc\" target=\"_blank\">abaixo assinado <\/a>\u00a0<a title=\"sss\" href=\"https:\/\/drive.google.com\/?authuser=1#folders\/0B_-yyLekWKMmNVFYNnhxSEJQSXc\" target=\"_blank\">folders<\/a>\u00a0<a href=\"https:\/\/drive.google.com\/?authuser=1#folders\/0B_-yyLekWKMmNVFYNnhxSEJQSXc\" target=\"_blank\">baners<\/a><\/p>\n<p style=\"text-align: justify;\"><a href=\"https:\/\/fonasc-cbh.org.br\/wp-content\/uploads\/bannerpec372.jpg\"><img loading=\"lazy\" decoding=\"async\" class=\"aligncenter size-full wp-image-7416\" title=\"bannerpec37\" src=\"https:\/\/fonasc-cbh.org.br\/wp-content\/uploads\/bannerpec372.jpg\" alt=\"\" width=\"496\" height=\"480\" \/><\/a><\/p>\n<p style=\"text-align: justify;\">Vale informar que o MPF por solicita\u00e7\u00e3o do FONASC comeca a atuar diretamente nas reuni\u00f5es das CTs do CNRH al\u00e9m de estar contribuindo efetivamente contra ilegalidades e desmandos perpetrados contra os rios e aguas publicas do pa\u00eds.<\/p>\n<p style=\"text-align: justify;\">\n","protected":false},"excerpt":{"rendered":"<p>Para aqueles que ainda n\u00e3o conhecem ou n\u00e3o participaram da campanha contra a PEC37, que retira o poder investigat\u00f3rio do Minist\u00e9rio P\u00fablico, ainda h\u00e1 tempo\u2026 A mudan\u00e7a absurda provocada pela aprova\u00e7\u00e3o dessa PEC interferiria diretamente nas investiga\u00e7\u00f5es relativas aos crimes ambientais conduzidas pelo MP. veja <\/p>\n","protected":false},"author":3,"featured_media":0,"comment_status":"open","ping_status":"open","sticky":false,"template":"","format":"standard","meta":{"footnotes":""},"categories":[8],"tags":[],"_links":{"self":[{"href":"https:\/\/fonasc-cbh.org.br\/index.php?rest_route=\/wp\/v2\/posts\/7419"}],"collection":[{"href":"https:\/\/fonasc-cbh.org.br\/index.php?rest_route=\/wp\/v2\/posts"}],"about":[{"href":"https:\/\/fonasc-cbh.org.br\/index.php?rest_route=\/wp\/v2\/types\/post"}],"author":[{"embeddable":true,"href":"https:\/\/fonasc-cbh.org.br\/index.php?rest_route=\/wp\/v2\/users\/3"}],"replies":[{"embeddable":true,"href":"https:\/\/fonasc-cbh.org.br\/index.php?rest_route=%2Fwp%2Fv2%2Fcomments&post=7419"}],"version-history":[{"count":9,"href":"https:\/\/fonasc-cbh.org.br\/index.php?rest_route=\/wp\/v2\/posts\/7419\/revisions"}],"predecessor-version":[{"id":7422,"href":"https:\/\/fonasc-cbh.org.br\/index.php?rest_route=\/wp\/v2\/posts\/7419\/revisions\/7422"}],"wp:attachment":[{"href":"https:\/\/fonasc-cbh.org.br\/index.php?rest_route=%2Fwp%2Fv2%2Fmedia&parent=7419"}],"wp:term":[{"taxonomy":"category","embeddable":true,"href":"https:\/\/fonasc-cbh.org.br\/index.php?rest_route=%2Fwp%2Fv2%2Fcategories&post=7419"},{"taxonomy":"post_tag","embeddable":true,"href":"https:\/\/fonasc-cbh.org.br\/index.php?rest_route=%2Fwp%2Fv2%2Ftags&post=7419"}],"curies":[{"name":"wp","href":"https:\/\/api.w.org\/{rel}","templated":true}]}}