{"id":6751,"date":"2013-01-10T00:57:20","date_gmt":"2013-01-10T00:57:20","guid":{"rendered":"http:\/\/fonasc-cbh.org.br\/?p=6751"},"modified":"2017-09-11T18:03:10","modified_gmt":"2017-09-11T18:03:10","slug":"fonasc-divulga-nota-a-imprensa-e-sociedade-sobre-o-parque-nacional-gandarella","status":"publish","type":"post","link":"https:\/\/fonasc-cbh.org.br\/?p=6751","title":{"rendered":"FONASC DIVULGA -MG &#8211;  ULTIMAS  SOBRE O PARQUE  NACIONAL DA  GANDARELLA"},"content":{"rendered":"<p>\/&gt;<a href=\"https:\/\/fonasc-cbh.org.br\/wp-content\/uploads\/541858_491381944238984_1787780090_n.jpg\"><img loading=\"lazy\" decoding=\"async\" class=\"aligncenter\" title=\"SERRA DA GANDARELLA\" src=\"https:\/\/fonasc-cbh.org.br\/wp-content\/uploads\/541858_491381944238984_1787780090_n.jpg\" alt=\"\" width=\"480\" height=\"320\" \/><\/a><\/p>\n<p>30-01 FONASC DIVULGA &#8211; ULTIMAS SOBRE O PARQUE NACIONAL GANDARELLA<\/p>\n<p>ulimas noticias acesse<\/p>\n<p>movimentogandarela@gmail.com ou www.aguasdogandarela.org E VEJA<\/p>\n<p>PARQUE NACIONAL DA SERRA DO GANDARELA<\/p>\n<p>INSTITUTO CHICO MENDES ENVIA PROJETO AO MINIST\u00c9RIO DO MEIO AMBIENTE<\/p>\n<p>O Instituto Chico Mendes de Conserva\u00e7\u00e3o da Biodiversidade (ICMBio) cumpriu seu importante papel e entregou ao Minist\u00e9rio do Meio Ambiente (MMA) o projeto de cria\u00e7\u00e3o do Parque Nacional da Serra do Gandarela, incluindo o processo, as justificativas e as minutas do of\u00edcio e do decreto que a Ministra do Meio Ambiente dever\u00e1 enviar \u00e0 Presidente Dilma Roussef. Dessa forma tamb\u00e9m honrou com o pacto firmado pelo \u00f3rg\u00e3o junto ao Poder Judici\u00e1rio, em conjunto com o Minist\u00e9rio P\u00fablico Federal (MPF).<\/p>\n<p>Atendendo \u00e0 nossa demanda, nos enviou o documento que o Presidente do ICMBio, Sr. Roberto Vizentin, encaminhou no dia 9 de janeiro ao Secret\u00e1rio Executivo do MMA, Sr. Francisco Gaetani. A partir das coordenadas mencionadas na minuta do decreto e dos documentos relacionados com a solicita\u00e7\u00e3o pelas comunidades da Reserva de Desenvolvimento Sustent\u00e1vel (RDS) anteriormente consultados em Bras\u00edlia, apresentamos abaixo o mapa do Parque Nacional da Serra do Gandarela e da RDS, que juntas representam a proposta do ICMBio expressas nesse documento.<\/p>\n<p>No documento fica claro que o ICMBio manteve o posicionamento t\u00e9cnico que levou \u00e0s consultas p\u00fablicas, realizadas em maio de 2012, com limites que j\u00e1 tinham a chancela do Governo do Estado e do Minist\u00e9rio do Meio Ambiente, o que revela coer\u00eancia e compet\u00eancia em sua atua\u00e7\u00e3o como \u00f3rg\u00e3o do MMA que prop\u00f5e a cria\u00e7\u00e3o de Unidades de Conserva\u00e7\u00e3o importantes para o Brasil e os brasileiros.<\/p>\n<p>N\u00e3o vamos nos aprofundar sobre o item 6 do Of\u00edcio do ICMBio n\u00ba 13\/2013, porque consideramos inadmiss\u00edvel que \u201c\u00faltimos acertos t\u00e9cnicos relativos ao refinamento da dimens\u00e3o definitiva do Parque e suas correlatas coordenadas geogr\u00e1ficas\u201d sejam realizados nesta etapa da cria\u00e7\u00e3o da Unidade de Conserva\u00e7\u00e3o, ainda mais quando se coloca como objetivo \u201ccompatibilizar os objetivos da conserva\u00e7\u00e3o e o desenvolvimento regional, notadamente no que diz respeito \u00e0s atividades miner\u00e1rias\u201d. Acreditamos que ao Minist\u00e9rio do Meio Ambiente\/ICMBio e \u00e0 Secretaria de Estado de Meio Ambiente e Desenvolvimento Sustent\u00e1vel de Minas Gerais (SEMAD) n\u00e3o resta outra alternativa sen\u00e3o a cria\u00e7\u00e3o do Parque Nacional da Serra do Gandarela, agora oficialmente referendado pelo ICMBIO.<\/p>\n<p>Nos \u00faltimos meses divulgamos diversos comunicados sobre amea\u00e7as \u00e0 proposta defendida pelo Instituto Chico Mendes de Conserva\u00e7\u00e3o da Biodiversidade (ICMBio) e j\u00e1 chancelada pelos governos estadual e federal, devido \u00e0s press\u00f5es da Vale SA. para conseguir novas altera\u00e7\u00f5es nos limites do Parque Nacional da Serra do Gandarela, para al\u00e9m dos 1.719 hectares j\u00e1 retirados da proposta t\u00e9cnica preliminar \u2013 com o qual n\u00e3o concordamos &#8211; a partir de um acordo pol\u00edtico entre os governos para permitir as atividades da empresa na Serra do Gandarela, com a chamada Mina Apolo.<\/p>\n<p>Salientamos, mais uma vez, que as altera\u00e7\u00f5es pretendidas amea\u00e7avam os principais atributos ecossist\u00eamicos, tur\u00edsticos e h\u00eddricos do Parque Nacional da Serra do Gandarela, destacadamente as maiores extens\u00f5es de cangas ferruginosas preservadas, ecossistema associado \u00e0s maiores \u00e1reas de Florestas Estacionais Semideciduais (Bioma Mata Atl\u00e2ntica) da Regi\u00e3o Metropolitana de Belo Horizonte. As cangas ferruginosas do per\u00edodo Paleogeno (65,5 a 23 milh\u00f5es de anos atr\u00e1s) s\u00e3o as mais impactadas pela atividade de minera\u00e7\u00e3o e n\u00e3o h\u00e1 no Brasil at\u00e9 o momento nenhuma unidade de conserva\u00e7\u00e3o federal de prote\u00e7\u00e3o integral que as proteja.<\/p>\n<p>Assim, o documento enviado pelo ICMBio ao Minist\u00e9rio do Meio Ambiente, representa para n\u00f3s mais um importante passo dado para a cria\u00e7\u00e3o do Parque Nacional da Serra do Gandarela, agora associado a uma Reserva de Desenvolvimento Sustent\u00e1vel que amplia ainda mais as perspectivas dessas duas importantes unidades de conserva\u00e7\u00e3o, tanto no que se refere \u00e0 preserva\u00e7\u00e3o de todos os atributos que a regi\u00e3o do Gandarela possui como \u00e0 garantia de \u00e1gua para o abastecimento p\u00fablico dos munic\u00edpios do entorno e da Regi\u00e3o Metropolitana de Belo Horizonte e perspectivas de gera\u00e7\u00e3o de emprego e renda a partir do turismo e outras atividades associadas \u00e0 preserva\u00e7\u00e3o deste regi\u00e3o.<\/p>\n<p>DIVULGUE ESTA NOT\u00cdCIA !<\/p>\n<p>MOVIMENTO PELA PRESERVA\u00c7\u00c3O DA SERRA DO GANDARELA<\/p>\n<p>movimentogandarela@gmail.com<\/p>\n<p>www.aguasdogandarela.org<\/p>\n<p>03012013<\/p>\n<p>O futuro do Parque Nacional da Serra do Gandarela foi tratado nesta ter\u00e7a-feira (08-01-2013) na Cidade Administrativa do Governo de Minas Gerais, com participa\u00e7\u00e3o da Vale S.A., e sem representantes dos movimentos sociais que desde o in\u00edcio defendem a cria\u00e7\u00e3o do Parque.<\/p>\n<p>A agenda do presidente do Instituto Chico Mendes de Conserva\u00e7\u00e3o da Biodiversidade (ICMBio), Roberto Vinzentin, desta ter\u00e7a-feira (08\/01\/2013) registrou como \u00fanica atividade sua participa\u00e7\u00e3o em reuni\u00e3o na Cidade Administrativa para tratar do Parque Nacional da Serra do Gandarela. Segundo o site do ICMBio a reuni\u00e3o deve ter contado com a participa\u00e7\u00e3o do Secret\u00e1rio de Estado de Meio Ambiente e Desenvolvimento Sustent\u00e1vel, Adriano Magalh\u00e3es, e do secret\u00e1rio executivo e ministro substituto do Minist\u00e9rio do Meio Ambiente (MMA), Francisco Gaetani, al\u00e9m de outros representantes do ICMBio, e da Vale S\/A.<\/p>\n<p>\u00c9 sabido que a Vale S.A. vem pressionando diretamente o gabinete da Ministra do Meio Ambiente Izabella Teixeira pela retirada de \u00e1reas vitais da proposta do Parque Nacional da Serra do Gandarela (Parna Gandarela). Francisco Gaetani vem coordenando as reuni\u00f5es do que vem chamando \u201cnegocia\u00e7\u00e3o tripartite\u201d (MMA-Governo de Minas-Vale).<\/p>\n<p>Lembramos que, de acordo com proposta da Vale, praticamente todo o maci\u00e7o principal da serra do Gandarela seria minerado. Do futuro parque, este trecho \u00e9 a \u00e1rea mais pr\u00f3xima de Belo Horizonte e aquela dotada de maior interesse tur\u00edstico e de recrea\u00e7\u00e3o (devido \u00e0s dezenas de cachoeiras, com \u00e1guas de alta pureza, e aos mirantes e paisagens monumentais); de grande import\u00e2ncia ambiental (devido aos recursos h\u00eddricos e aqu\u00edferos guardados nas forma\u00e7\u00f5es ferr\u00edferas e \u00e0 densa mata atl\u00e2ntica ali encontrada, inclusive com trechos de mata prim\u00e1ria j\u00e1 identificados); e ao valor cient\u00edfico (as cangas ferruginosas associadas \u00e0 mata atl\u00e2ntica, um s\u00edtio paleontol\u00f3gico e cavidades de m\u00e1xima e alta relev\u00e2ncia) a serem protegidos pelo Parque.<\/p>\n<p>VEJA O MAPA<br \/>\nhttps:\/\/fonasc-cbh.org.br\/wp-content\/uploads\/securedownload.jpg<\/p>\n<p>O Movimento pela Preserva\u00e7\u00e3o da Serra do Gandarela mant\u00e9m sua defesa do posicionamento t\u00e9cnico do Instituto Chico Mendes de Conserva\u00e7\u00e3o da Biodiversidade (ICMBio), e espera que n\u00e3o haja retrocesso em rela\u00e7\u00e3o \u00e0 proposta levada, em maio de 2012, \u00e0s consultas p\u00fablicas pelo \u00f3rg\u00e3o, j\u00e1 com a chancela do Governo do Estado, como resultado das discuss\u00f5es do Grupo de Trabalho, que realizou mais de 15 reuni\u00f5es entre dezembro\/2011 e fevereiro\/2012, com participa\u00e7\u00e3o de representantes do governo estadual, federal, munic\u00edpios, mineradoras e movimento socioambiental.<\/p>\n<p>Qualquer afronta \u00e0 proposta at\u00e9 aqui defendida pelo ICMBio amea\u00e7ar\u00e1 os principais atributos ecossist\u00eamicos, tur\u00edsticos e h\u00eddricos do que at\u00e9 aqui se prop\u00f5e seja o Parna Gandarela \u2013 preservar, destacadamente, al\u00e9m dos aspectos acima mencionados, as maiores extens\u00f5es de cangas ferruginosas preservadas, ecossistema associado \u00e0s maiores \u00e1reas de Florestas Estacionais Semideciduais (Bioma Mata Atl\u00e2ntica) da Regi\u00e3o Metropolitana de Belo Horizonte. As cangas ferruginosas do per\u00edodo Paleogeno (65,5 a 23 milh\u00f5es de anos atr\u00e1s) s\u00e3o as mais impactadas e a retirada da maior \u00e1rea ainda preservada de toda a regi\u00e3o, do Parque Nacional da Serra do Gandarela, implicar\u00e1 em dano irrevers\u00edvel para o meio ambiente e a natureza a ser legada \u00e0s futuras gera\u00e7\u00f5es.<\/p>\n<p>N\u00e3o h\u00e1 no Brasil nenhuma unidade de conserva\u00e7\u00e3o federal de prote\u00e7\u00e3o integral, preservando as cangas ferruginosas associadas ao bioma mais impactado do pa\u00eds. Minas Gerais, fa\u00e7a-se o registro, continua na lideran\u00e7a dos desmates de remanescentes da Mata Atl\u00e2ntica no Brasil, acompanhado por Santa Catarina e a Bahia.<\/p>\n<p>Desde o in\u00edcio, o Movimento pela Preserva\u00e7\u00e3o da Serra do Gandarela, integrado por v\u00e1rias organiza\u00e7\u00f5es sociais e ambientais e por diferentes comunidades, ressalta que, depois de ter sido exportado quase todo o min\u00e9rio com maior concentra\u00e7\u00e3o de ferro do Quadril\u00e1tero, alavancando a o super\u00e1vit da balan\u00e7a comercial do pa\u00eds, ao governo federal cabe o dever moral de preservar dignamente a principal \u00e1rea que sobrou: a Serra do Gandarela. Al\u00e9m desse dever para com Minas Gerais, a correta cria\u00e7\u00e3o do Parque Nacional da Serra do Gandarela proteger\u00e1 as \u00e1reas de recarga e as nascentes da maior parte dos c\u00f3rregos e ribeir\u00f5es classes Especial e 1, em excelente estado de conserva\u00e7\u00e3o nas bacias do alto rio das Velhas (a montante da capta\u00e7\u00e3o do Sistema Rio das Velhas, da Copasa) e do alto rio Santa B\u00e1rbara\/Piracicaba, bacia esta altamente impactada pela minera\u00e7\u00e3o e os agrot\u00f3xicos despejados pela monocultura do eucalipto.<\/p>\n<p>MOVIMENTO PELA PRESERVA\u00c7\u00c3O DA SERRA DO GANDARELA<br \/>\nmovimentogandarela@gmail.com<br \/>\nSite: www.aguasdogandarela.org<br \/>\nLeia o jornal O Gandarela 2: http:\/\/www.aguasdogandarela.org\/page\/o-gandarela-jornal<br \/>\nAssista ao v\u00eddeo: http:\/\/www.youtube.com\/watch?v=ebnNURo7KQc<br \/>\nVeja as entrevistas recentes:<br \/>\npontototerra.org.br\/programa-ecologia-e-cidadania-24http:\/\/www.youtube.com\/watch?v=IWTMa9BH5ig&amp;feature=relmfu]<\/p>\n<p><a title=\"ASDFF\" href=\"https:\/\/fonasc-cbh.org.br\/?p=7392\" target=\"_blank\">VEJA MAIS <\/a><\/p>\n","protected":false},"excerpt":{"rendered":"<p>FONASC DIVULGA &#8211; <\/p>\n<p>NOTA A IMPRENSA E SOCIEDADE SOBRE O PARQUE  NACIONAL GANDARELLA<\/p>\n","protected":false},"author":3,"featured_media":0,"comment_status":"open","ping_status":"open","sticky":false,"template":"","format":"standard","meta":{"footnotes":""},"categories":[1,8],"tags":[],"_links":{"self":[{"href":"https:\/\/fonasc-cbh.org.br\/index.php?rest_route=\/wp\/v2\/posts\/6751"}],"collection":[{"href":"https:\/\/fonasc-cbh.org.br\/index.php?rest_route=\/wp\/v2\/posts"}],"about":[{"href":"https:\/\/fonasc-cbh.org.br\/index.php?rest_route=\/wp\/v2\/types\/post"}],"author":[{"embeddable":true,"href":"https:\/\/fonasc-cbh.org.br\/index.php?rest_route=\/wp\/v2\/users\/3"}],"replies":[{"embeddable":true,"href":"https:\/\/fonasc-cbh.org.br\/index.php?rest_route=%2Fwp%2Fv2%2Fcomments&post=6751"}],"version-history":[{"count":18,"href":"https:\/\/fonasc-cbh.org.br\/index.php?rest_route=\/wp\/v2\/posts\/6751\/revisions"}],"predecessor-version":[{"id":6763,"href":"https:\/\/fonasc-cbh.org.br\/index.php?rest_route=\/wp\/v2\/posts\/6751\/revisions\/6763"}],"wp:attachment":[{"href":"https:\/\/fonasc-cbh.org.br\/index.php?rest_route=%2Fwp%2Fv2%2Fmedia&parent=6751"}],"wp:term":[{"taxonomy":"category","embeddable":true,"href":"https:\/\/fonasc-cbh.org.br\/index.php?rest_route=%2Fwp%2Fv2%2Fcategories&post=6751"},{"taxonomy":"post_tag","embeddable":true,"href":"https:\/\/fonasc-cbh.org.br\/index.php?rest_route=%2Fwp%2Fv2%2Ftags&post=6751"}],"curies":[{"name":"wp","href":"https:\/\/api.w.org\/{rel}","templated":true}]}}