{"id":6682,"date":"2012-12-28T16:05:06","date_gmt":"2012-12-28T16:05:06","guid":{"rendered":"http:\/\/fonasc-cbh.org.br\/?p=6682"},"modified":"2012-12-28T17:11:42","modified_gmt":"2012-12-28T17:11:42","slug":"pr-sc-fonasc-divulga","status":"publish","type":"post","link":"https:\/\/fonasc-cbh.org.br\/?p=6682","title":{"rendered":"PR, SC &#8211; FONASC DIVULGA -ELEICAO CONAMA"},"content":{"rendered":"<div id=\"yiv128971607\">\n<p><span style=\"font-size: medium;\"><strong>F\u00d3RUM DO MOVIMENTO AMBIENTALISTA DO PARAN\u00c1<\/strong><\/span><\/p>\n<p><span style=\"font-size: medium;\"><strong>FEDERA\u00c7\u00c3O DAS ENTIDADES ECOLOGISTAS<br \/>\nCATARINENSES<\/strong><\/span><\/p>\n<p align=\"right\"><strong><br \/>\n<\/strong><\/p>\n<p align=\"right\"><strong>10 de Dezembro, 2012<\/strong><\/p>\n<p><strong>Prezados representantes das ONGs ambientalistas cadastradas no CNEA<\/strong>,<\/p>\n<p>&nbsp;<\/p>\n<p>Em respeito \u00e0s regras do rod\u00edzio eleitoral que as ONGs ambientalistas participam na<br \/>\nRegi\u00e3o Sul h\u00e1 mais de 20 anos, e por decis\u00e3o participativa do F\u00f3rum do Movimento<br \/>\nAmbientalista do Paran\u00e1 (FOMAP) e da Federa\u00e7\u00e3o das Entidades Ecologistas Catarinenses (FEEC) comunicamos que foram indicadas como candidatas do movimento ambientalista para as vagas ao CONAMA da Regi\u00e3o Sul, as seguintes<br \/>\nONGs:<\/p>\n<p>&nbsp;<\/p>\n<p><strong><span style=\"text-decoration: underline;\">APROMAC \u2013 Associa\u00e7\u00e3o de Prote\u00e7\u00e3o ao<br \/>\nMeio Ambiente de Cianorte<\/span><\/strong><strong>, fundada em 1985 no Paran\u00e1, com a principal miss\u00e3o de defender e proteger a Natureza das agress\u00f5es humanas, desde<br \/>\nent\u00e3o desenvolve programas de prote\u00e7\u00e3o da fauna e da flora, recupera\u00e7\u00e3o de matas nativas, salvamento de animais silvestres e pol\u00edticas p\u00fablicas de prote\u00e7\u00e3o ambiental, principalmente na \u00e1rea de florestas, seguran\u00e7a qu\u00edmica, sa\u00fade ambiental e gest\u00e3o de res\u00edduos na \u00e1rea de \u00f3leo lubrificante usado, pilhas e baterias, pneus, res\u00edduos hospitalares, lodo de esgoto na agricultura, res\u00edduos de nanotecnologia e eletroeletr\u00f4nicos<\/strong>.<\/p>\n<p>&nbsp;<\/p>\n<p><strong><span style=\"text-decoration: underline;\">ONG S\u00f3cios da Natureza<\/span><\/strong><strong>,<br \/>\nfundada em 1980 em Ararangu\u00e1, SC, com objetivo de preservar a natureza e defender uma melhor qualidade de vida para a popula\u00e7\u00e3o. Tem como principal miss\u00e3o o combate \u00e0 intensa polui\u00e7\u00e3o ambiental causada pela explora\u00e7\u00e3o e queima do carv\u00e3o mineral no sul de SC, al\u00e9m de lutar contra outras formas de agress\u00e3o \u00e0 biodiversidade.\u00a0 Foi membro do CoNAMA no per\u00edodo de 2009\/2010, quando pleiteou a realiza\u00e7\u00e3o do Encontro Nacional de Entidades Ambientalistas (ENEA) e a normatiza\u00e7\u00e3o das emiss\u00f5es de gases do efeito estufa, dentre outras a\u00e7\u00f5es\u00a0 importantes.<\/strong><\/p>\n<p><strong><br \/>\n<\/strong><\/p>\n<p>As duas ONGs indicadas t\u00eam um hist\u00f3rico de atua\u00e7\u00e3o ininterrupta contra a injusti\u00e7a<br \/>\nambiental e pela intransigente defesa e prote\u00e7\u00e3o do meio ambiente, e comprometem-se a adotar uma conduta \u00e9tica rigorosa nas suas a\u00e7\u00f5es junto ao CONAMA no papel de representantes do movimento ambientalista hist\u00f3rico da Regi\u00e3 o Sul do Brasil. Ambas as ONGs assinaram e se comprometeram a cumprir a <strong>Carta de Princ\u00edpios do CNEA<\/strong> (em anexo).<\/p>\n<p>&nbsp;<\/p>\n<table border=\"1\" cellspacing=\"0\" cellpadding=\"0\">\n<tbody>\n<tr>\n<td valign=\"top\" width=\"274\"><strong><span style=\"text-decoration: underline;\">ONG S\u00f3cios da<br \/>\nNatureza<\/span><\/strong><strong><\/strong><\/td>\n<td valign=\"top\" width=\"269\"><strong><span style=\"text-decoration: underline;\">APROMAC<\/span><\/strong><\/td>\n<\/tr>\n<tr>\n<td valign=\"top\" width=\"274\"><a href=\"http:\/\/www.sociosnatureza.blogspot.com.br\/\" rel=\"nofollow\" target=\"_blank\">http:\/\/www.sociosnatureza.blogspot.com.br<\/a><\/td>\n<\/tr>\n<\/tbody>\n<\/table>\n<p>Email: <a name=\"13bdc7214bc3cb18_13ba8b6c0cf2ac4e_13ba8af6c85fe8f6_13b962935cc2b065_13b95bee4d60d8eb_13b9232269125b82_13b922ba2db16557_13b9227fcacb2fa3__GoBack\" rel=\"nofollow\"><\/a><a href=\"http:\/\/br.mc1245.mail.yahoo.com\/mc\/compose?to=sociosnatureza@contato.net\" rel=\"nofollow\" target=\"_blank\">sociosnatureza@contato.net<\/a><a href=\"http:\/\/www.apromac.org.br\/\" rel=\"nofollow\" target=\"_blank\">http:\/\/www.apromac.org.br<\/a><\/p>\n<p><a href=\"http:\/\/br.mc1245.mail.yahoo.com\/mc\/compose?to=apromac02@gmail.com\" rel=\"nofollow\" target=\"_blank\">Email: apromac02@gmail.com<\/a><\/p>\n<p>Por essas raz\u00f5es, as entidades e os respectivos Movimentos Ambientalistas estaduais,<br \/>\ncom apoio das ONGs do Rio Grande do Sul, solicitam o seu voto para <strong>ONG<\/strong> <strong>S\u00f3cios da Natureza<\/strong> e <strong>APROMAC<\/strong>.<\/p>\n<p><strong>ONG S\u00f3cios da Natureza<\/strong><br \/>\n<strong>APROMAC \u2013 Associa\u00e7\u00e3o de Prote\u00e7\u00e3o ao meio<\/strong><strong> Ambiente de Cianorte<\/strong><\/p>\n<p><strong>FEEC \u2013 Federa\u00e7\u00e3o das Entidades <strong>Ecologistas Catarinenses<\/strong><\/strong><\/p>\n<p><strong>F\u00f3rum do Movimento Ambientalista do Paran\u00e1<\/strong><\/p>\n<p><a title=\"http:\/\/feec-santacatarina.blogspot.com.br\/\" href=\"http:\/\/feec-santacatarina.blogspot.com.br\/\" rel=\"nofollow\" target=\"_blank\">http:\/\/feec-santacatarina.blogspot.com.br\/<\/a>\u00a0\u00a0\u00a0\u00a0\u00a0\u00a0\u00a0\u00a0\u00a0\u00a0\u00a0\u00a0\u00a0\u00a0\u00a0\u00a0\u00a0\u00a0\u00a0\u00a0\u00a0 <a href=\"http:\/\/goog_254288948\/\" rel=\"nofollow\" target=\"_blank\">\u00a0\u00a0\u00a0\u00a0\u00a0\u00a0\u00a0\u00a0 <\/a><a href=\"http:\/\/goog_254288954\/\" rel=\"nofollow\" target=\"_blank\">\u00a0\u00a0 <\/a><a href=\"http:\/\/www.forumambientalistadoparana.org\/\" rel=\"nofollow\" target=\"_blank\">http:\/\/www.forumambientalistadoparana.org\/<\/a><\/p>\n<p>*veja os documentos<\/p>\n<p><a title=\"JJJJ\" href=\"https:\/\/fonasc-cbh.org.br\/?wpfb_dl=265\" target=\"_blank\">carta de principios<\/a><\/p>\n<p><a title=\"ASDG\" href=\"https:\/\/fonasc-cbh.org.br\/?wpfb_dl=264\" target=\"_blank\">carta dos ambientalistas<\/a><\/p>\n<p>SECRETARIA EXECUTIVA &#8211; Juliano Bueno de Ara\u00fajo<\/p>\n<div><strong><span style=\"font-size: medium;\"><span style=\"text-decoration: underline;\">F\u00f3rum do Movimento Ambientalista do<br \/>\nParan\u00e1<\/span><\/span><\/strong><\/div>\n<div><span style=\"color: #3333ff;\"><strong><a href=\"http:\/\/www.forumambientalistadoparana.org\/\" rel=\"nofollow\" target=\"_blank\">www.forumambientalistadoparana.org<\/a> <\/strong><\/span><\/div>\n<div><a href=\"http:\/\/br.mc1245.mail.yahoo.com\/mc\/compose?to=forumambientalistadoparana@gmail.com\" rel=\"nofollow\" target=\"_blank\"><span style=\"color: #3333ff;\"><strong>forumambientalistadoparana@gmail.com<\/strong><\/span><\/a><\/div>\n<div><a href=\"http:\/\/www.facebook.com\/forumdomovimentoambientalistadoparana\" rel=\"nofollow\" target=\"_blank\"><span style=\"color: #3333ff;\"><strong>http:\/\/www.facebook.com\/forumdomovimentoambientalistadoparana<\/strong><\/span><\/a><\/div>\n<div><span style=\"color: #3333ff; font-family: arial narrow, sans-serif;\"><strong><a href=\"https:\/\/twitter.com\/forumparana\" rel=\"nofollow\" target=\"_blank\">https:\/\/twitter.com\/forumparana<\/a><\/strong><\/span><\/div>\n<div><span style=\"color: #3333ff; font-family: arial narrow, sans-serif;\">\u00a0<\/span><span style=\"color: #3333ff; font-family: arial narrow, sans-serif;\">e-mail <strong>GRUPOS<br \/>\n<\/strong> : <a href=\"http:\/\/br.mc1245.mail.yahoo.com\/mc\/compose?to=movimentoambiental@grupos.com.br\" rel=\"nofollow\" target=\"_blank\">movimentoambiental@grupos.com.br<\/a><\/span><\/div>\n<div>\n<div><span style=\"color: #3333ff; font-family: arial narrow, sans-serif;\">e-mail <strong>Secretaria<br \/>\nExecutiva<\/strong> : <a href=\"http:\/\/br.mc1245.mail.yahoo.com\/mc\/compose?to=forumdomovimentoambientalistadoparana@gmail.com\" rel=\"nofollow\" target=\"_blank\">forumambientalistadoparana@gmail.com<\/a><\/span><\/div>\n<div><span style=\"color: #3333ff; font-family: arial narrow, sans-serif;\">e-mail<strong> Institucional<br \/>\n<\/strong>: <a href=\"http:\/\/br.mc1245.mail.yahoo.com\/mc\/compose?to=forumambientalistadoparana@forumambientalistadoparana.org\" rel=\"nofollow\" target=\"_blank\">forumambientalistadoparana@forumambientalistadoparana.org<\/a><\/span><\/div>\n<\/div>\n<div><span style=\"color: #3333ff; font-family: arial narrow, sans-serif;\">\u00a0<\/span><\/div>\n<div><span style=\"color: #009900; font-family: arial narrow, sans-serif;\"><strong>Sede<br \/>\nEstadual<\/strong><\/span><\/div>\n<div><span style=\"color: #3333ff; font-family: arial narrow, sans-serif;\">\u00a0<\/span><span style=\"color: #009900;\"><strong>Curitiba &#8211; Paran\u00e1 &#8211; Brasil &#8211;\u00a0 CEP<br \/>\n80.810-210<\/strong><\/span><\/div>\n<div>\n<div><span style=\"color: #009900;\"><strong>Rua Gaspar Carrilho Junior 001 &#8211; Sala Osvaldo<br \/>\nCardoso &#8211; Bosque Gutierrez &#8211; Memorial Chico Mendes &#8211; Funda\u00e7\u00e3o ANINPA<br \/>\nBrasil<\/strong><\/span><\/div>\n<\/div>\n<div><span style=\"color: #009900;\"><strong>(Reuni\u00f5es Mensais no Audit\u00f3rio Jorge\u00a0 Grando)<\/strong><\/span><\/div>\n<div><span style=\"color: #009900;\">&#8220;Aqui Fazemos o Verdadeiro\u00a0 Ambientalismo&#8221; <\/span><\/div>\n<\/div>\n","protected":false},"excerpt":{"rendered":"<p>F\u00d3RUM DO MOVIMENTO AMBIENTALISTA DO PARAN\u00c1 FEDERA\u00c7\u00c3O DAS ENTIDADES ECOLOGISTAS CATARINENSES 10 de Dezembro, 2012 Prezados representantes das ONGs ambientalistas&#8230;<\/p>\n","protected":false},"author":3,"featured_media":0,"comment_status":"open","ping_status":"open","sticky":false,"template":"","format":"standard","meta":{"footnotes":""},"categories":[8],"tags":[],"_links":{"self":[{"href":"https:\/\/fonasc-cbh.org.br\/index.php?rest_route=\/wp\/v2\/posts\/6682"}],"collection":[{"href":"https:\/\/fonasc-cbh.org.br\/index.php?rest_route=\/wp\/v2\/posts"}],"about":[{"href":"https:\/\/fonasc-cbh.org.br\/index.php?rest_route=\/wp\/v2\/types\/post"}],"author":[{"embeddable":true,"href":"https:\/\/fonasc-cbh.org.br\/index.php?rest_route=\/wp\/v2\/users\/3"}],"replies":[{"embeddable":true,"href":"https:\/\/fonasc-cbh.org.br\/index.php?rest_route=%2Fwp%2Fv2%2Fcomments&post=6682"}],"version-history":[{"count":11,"href":"https:\/\/fonasc-cbh.org.br\/index.php?rest_route=\/wp\/v2\/posts\/6682\/revisions"}],"predecessor-version":[{"id":6711,"href":"https:\/\/fonasc-cbh.org.br\/index.php?rest_route=\/wp\/v2\/posts\/6682\/revisions\/6711"}],"wp:attachment":[{"href":"https:\/\/fonasc-cbh.org.br\/index.php?rest_route=%2Fwp%2Fv2%2Fmedia&parent=6682"}],"wp:term":[{"taxonomy":"category","embeddable":true,"href":"https:\/\/fonasc-cbh.org.br\/index.php?rest_route=%2Fwp%2Fv2%2Fcategories&post=6682"},{"taxonomy":"post_tag","embeddable":true,"href":"https:\/\/fonasc-cbh.org.br\/index.php?rest_route=%2Fwp%2Fv2%2Ftags&post=6682"}],"curies":[{"name":"wp","href":"https:\/\/api.w.org\/{rel}","templated":true}]}}