{"id":6286,"date":"2012-12-05T22:33:14","date_gmt":"2012-12-05T22:33:14","guid":{"rendered":"http:\/\/fonasc-cbh.org.br\/?p=6286"},"modified":"2015-01-09T19:57:17","modified_gmt":"2015-01-09T19:57:17","slug":"fonasc-pi-avanco-na-criacao-do-comite-da-bacia-do-rio-parnaiba","status":"publish","type":"post","link":"https:\/\/fonasc-cbh.org.br\/?p=6286","title":{"rendered":"FONASC &#8211; PI &#8211; Avan\u00e7o e destempero para cria\u00e7\u00e3o do comit\u00ea da bacia do Rio Parna\u00edba"},"content":{"rendered":"<h2><\/h2>\n<h2>FONASC &#8211; PI &#8211; Avan\u00e7o e destempero para cria\u00e7\u00e3o do comit\u00ea da bacia do Rio Parna\u00edba<\/h2>\n<p><em>05\/12\/2012<\/em><\/p>\n<div><a href=\"http:\/\/www.piauisempreverde.com.br\/images\/up\/201212\/135471193818283gr.JPG\"><img loading=\"lazy\" decoding=\"async\" title=\"Avan\u00e7o na cria\u00e7\u00e3o do comit\u00ea da bacia do Rio Parna\u00edba \" src=\"http:\/\/www.piauisempreverde.com.br\/images\/up\/201212\/135471193818283md.JPG\" alt=\"Avan\u00e7o na cria\u00e7\u00e3o do comit\u00ea da bacia do Rio Parna\u00edba \" width=\"284\" height=\"160\" \/><\/a><\/div>\n<p>&nbsp;<\/p>\n<p><strong>Semin\u00e1rio\u00a0 discutiu a cria\u00e7\u00e3o da comiss\u00e3o de cria\u00e7\u00e3o do Comit\u00ea da Bacia Hidrogr\u00e1fica do rio Parna\u00edba\u00a0\u00a0\u00a0\u00a0\u00a0\u00a0\u00a0\u00a0\u00a0\u00a0\u00a0\u00a0\u00a0\u00a0 <\/strong><\/p>\n<p>N\u00e3o existe d\u00favida que este \u00faltimo dia 04 foi hist\u00f3rico para os piauienses que deram um largo passo em rela\u00e7\u00e3o a prote\u00e7\u00e3o\u00a0 da Bacia Hidrogr\u00e1fica do Rio Parna\u00edba. Para os representantes da sociedade civil organizada-ONGs, o gosto da vitoria teve sabores de bel prazer, justificado pela luta empreendida para conseguir representa\u00e7\u00e3o dentro do Comit\u00ea Hidrogr\u00e1fico da Bacia do Rio Parna\u00edba- CBH, que ser\u00e1 criado em breve.<\/p>\n<p>Personalidades como o presidente da Ag\u00eancia Nacional de\u00a0\u00c1guas-ANA, Vicente Andreu, representante da secret\u00e1ria\u00a0\u00a0de Recursos H\u00eddricos\u00a0\u00a0e Meio Urbano, do Minist\u00e9rio do Meio Ambiente-MMA, J\u00falio Tadeu, de representantes dos estados do Maranh\u00e3o e Cear\u00e1 e do F\u00f3rum Nacional da Socirdade\u00a0 Civil nos Comit\u00eas de Bacia-FONASC, estiveram no audit\u00f3rio da Justi\u00e7a Federal, local onde ocorreu o evento.As discurs\u00f5es das propostas que viabilizar\u00e3o a cria\u00e7\u00e3o do comit\u00ea, terminou com a garantia de que a ANA e o MMA dar\u00e3o o apoio necess\u00e1rio para sua instala\u00e7\u00e3o, contudo, discorreram sobre os desafios\u00a0\u00a0que as entidades enfrentaram\u00a0\u00a0no processo de cria\u00e7\u00e3o do CBH.<\/p>\n<p>O evento chegou ao fim com a escolha de representantes das entidades dos segmentos que v\u00e3o compor a comiss\u00e3o pr\u00f3-cria\u00e7\u00e3o do comit\u00ea: \u00f3rg\u00e3os p\u00fablicos, sociedade civil organizada e usu\u00e1rios de \u00e1gua. Ao longo do semin\u00e1rio, os representantes dos tr\u00eas segmentos falaram das propostas, d\u00favidas e anseios que ocorrer\u00e3o ao longo\u00a0\u00a0do processo. O representante da Associa\u00e7\u00e3o dos Engenheiros Agr\u00f4nomos do Piau\u00ed-AEAPI, Avelar Damasceno Amorim fez um relato de uma reuni\u00e3o que aconteceu em Bras\u00edlia, em agosto passado para discutir a necessidade de se criar o comit\u00ea, visto a situa\u00e7\u00e3o\u00a0\u00a0de degrada\u00e7\u00e3o do rio Parna\u00edba.<\/p>\n<p>Segundo ele, na oportunidade, em que estiveram presentes o presidente da\u00a0\u00a0ANA, secret\u00e1rios de recursos h\u00eddricos e representantes das entidades dos estados do Piau\u00ed e Cear\u00e1, al\u00e9m do presidente da OAB-PI, Sigefroi Moreno,\u00a0\u00a0que explicou que na regi\u00e3o de transi\u00e7\u00e3o ecotonal e clim\u00e1tica, a bacia apresenta grande variabilidade de disponibilidade h\u00eddrica, que vai desde condi\u00e7\u00f5es cr\u00edticas em seu limite leste-sudeste, at\u00e9 a abund\u00e2ncia caracter\u00edstica de seu rio principal, com cerca de 1.400 km de extens\u00e3o e 330 mil Km\u00b2.<\/p>\n<p>Na oportunidade, segundo Avelar, Sigifroi disse que colocava a sua entidade \u00e0 disposi\u00e7\u00e3o da comiss\u00e3o formada e que durante\u00a0\u00a0a sua gest\u00e3o\u00a0dar\u00e1 todo o apoio para forma\u00e7\u00e3o do comit\u00ea.\u00a0J\u00e1 a representante do FONASC, Thereza Cristina, disse que a por\u00e7\u00e3o maranhense da bacia, caracterizada pelo rio Balsas, constitui-se em \u00e1rea de franco desenvolvimento econ\u00f4mico com a implanta\u00e7\u00e3o de grandes planta\u00e7\u00f5es de gr\u00e3os, em especial da soja.<\/p>\n<p>Avelar tamb\u00e9m chamou aten\u00e7\u00e3o para que os representantes de \u00f3rg\u00e3os e entidades, atente para conhecer a lei 9.933\/97, conhecida como Lei das \u00c1guas, para que se possa ter um conhecimento macro sobre comit\u00eas de bacia. No semin\u00e1rio, usaram ainda da palavra, o secret\u00e1rio do Meio Ambiente e dos recursos h\u00eddricos do Piau\u00ed, Dalton Macambira, os representante da secretaria de recursos h\u00eddricos dos estados do Cear\u00e1 e Maranh\u00e3o, al\u00e9m de representantes da sociedade civil e usu\u00e1rios de \u00e1gua dos estados envolvidos.<\/p>\n<p><strong>\u00a0M\u00e1cula do semin\u00e1rio,<\/strong><\/p>\n<p>Tudo teria transcorrido de forma salutar se n\u00e3o fosse a grosseria do representante da Agespisa, Marcelo Tajra Hidd, que ao final, vociferou ultrajes contra a sociedade civil, numa demonstra\u00e7\u00e3o de rep\u00fadio por quem representa os verdadeiros donos das terras e das \u00e1guas. Tudo porque decidiram escolher cinco representantes para compor a comiss\u00e3o pr\u00f3-cria\u00e7\u00e3o do comit\u00ea. Al\u00e9m do afronto, Marcelo demonstrou que n\u00e3o se enquadra ao modelo avan\u00e7ado e democratico de gerenciamento de um comit\u00ea de bacias, que envolve \u00e9tica, transpar\u00eancia e concilia\u00e7\u00e3o na administra\u00e7\u00e3o. Se compreendesse ou aceitasse as ONGs no processo, n\u00e3o teria tentado desqualificar o coordenador do MST e Via Campesina no Piau\u00ed, Claudimir Vieira, que ao usar da palavra criticou o governo, que n\u00e3o tem plano estadual de recursos h\u00eddricos e, principalmente, criticou o projeto de privatiza\u00e7\u00e3o da empresa que administra a \u00e1gua no estado-Agespisa.<\/p>\n<p>Em defesa da sociedade civil, o COORDENADOR DO FONASC entidade\u00a0 representante das ONGs no Conselho Nacional de Recursos H\u00eddricos, Jo\u00e3o Cl\u00edmico, bem como Thereza Cristina, al\u00e9m do representante da Funda\u00e7\u00e3o de Prote\u00e7\u00e3o ao Meio Ambiente do Piau\u00ed-Funpapi, repudiaram a atitude de Marcelo desqualificando seu comportamento, ao fim, se constituindo uma comiss\u00e3o com cinco membros de cada segmento.<\/p>\n<p>N\u00e3o est\u00e1 errado dizer que o destempero do representante da Agespisa faz parte do processo, afinal, os quem tem mandato em institui\u00e7\u00f5es p\u00fablicas nesta \u201cprov\u00edncia\u201d ainda n\u00e3o est\u00e3o acostumados com novos paradigmas de gest\u00e3o participativa, como \u00e9 o caso do modelo de gerenciamento das \u00e1guas, por sinal franc\u00eas. Marcelo agiu assim, baseado no que costuma ver no f\u00f3rum ao qual faz parte, onde, por exemplo, houve v\u00e1rias tentativa de criar o comit\u00ea sempre\u00a0 deixando fora a sociedade civil. \u00a0A prop\u00f3sito,\u00a0vale resaltar o esfor\u00e7os de Gerv\u00e1sio Rodrigues, representante da sociedade civil de Santa Filomena, de Absal\u00e3o Dias de Parnag\u00e1, Alcionira Bechior, da Vila Firmino Filho, Anderson Costa, da Associa\u00e7\u00e3o dos Gestores Ambientais do Piau\u00ed, da Associa\u00e7\u00e3o Amigos da Natureza de Francin\u00f3polis, do Instituto Sociambiental, da Cootapi e Associados, da Obra Kolping, Os Verdes, entre outras entidades que se fizeram presente no semin\u00e1rio. \u00a0\u00a0(T\u00e2nia Martins)<\/p>\n","protected":false},"excerpt":{"rendered":"<p>ULTIMAS<\/p>\n<p>FONASC &#8211; PI &#8211; Avan\u00e7o e destempero para cria\u00e7\u00e3o do comit\u00ea da bacia do Rio Parna\u00edba<\/p>\n","protected":false},"author":3,"featured_media":0,"comment_status":"open","ping_status":"open","sticky":false,"template":"","format":"standard","meta":{"footnotes":""},"categories":[8],"tags":[],"_links":{"self":[{"href":"https:\/\/fonasc-cbh.org.br\/index.php?rest_route=\/wp\/v2\/posts\/6286"}],"collection":[{"href":"https:\/\/fonasc-cbh.org.br\/index.php?rest_route=\/wp\/v2\/posts"}],"about":[{"href":"https:\/\/fonasc-cbh.org.br\/index.php?rest_route=\/wp\/v2\/types\/post"}],"author":[{"embeddable":true,"href":"https:\/\/fonasc-cbh.org.br\/index.php?rest_route=\/wp\/v2\/users\/3"}],"replies":[{"embeddable":true,"href":"https:\/\/fonasc-cbh.org.br\/index.php?rest_route=%2Fwp%2Fv2%2Fcomments&post=6286"}],"version-history":[{"count":16,"href":"https:\/\/fonasc-cbh.org.br\/index.php?rest_route=\/wp\/v2\/posts\/6286\/revisions"}],"predecessor-version":[{"id":6288,"href":"https:\/\/fonasc-cbh.org.br\/index.php?rest_route=\/wp\/v2\/posts\/6286\/revisions\/6288"}],"wp:attachment":[{"href":"https:\/\/fonasc-cbh.org.br\/index.php?rest_route=%2Fwp%2Fv2%2Fmedia&parent=6286"}],"wp:term":[{"taxonomy":"category","embeddable":true,"href":"https:\/\/fonasc-cbh.org.br\/index.php?rest_route=%2Fwp%2Fv2%2Fcategories&post=6286"},{"taxonomy":"post_tag","embeddable":true,"href":"https:\/\/fonasc-cbh.org.br\/index.php?rest_route=%2Fwp%2Fv2%2Ftags&post=6286"}],"curies":[{"name":"wp","href":"https:\/\/api.w.org\/{rel}","templated":true}]}}