{"id":4894,"date":"2012-08-22T16:45:40","date_gmt":"2012-08-22T16:45:40","guid":{"rendered":"http:\/\/fonasc-cbh.org.br\/?p=4894"},"modified":"2012-08-23T13:51:32","modified_gmt":"2012-08-23T13:51:32","slug":"fonasc-amplia-sua-participacao-em-colegiados-em-minas-gerais-resultado-da-eleicao-copam-mg","status":"publish","type":"post","link":"https:\/\/fonasc-cbh.org.br\/?p=4894","title":{"rendered":"FONASC AMPLIA  PARTICIPA\u00c7\u00c3O EM COLEGIADOS EM MINAS GERAIS -RESULTADO DA ELEI\u00c7\u00c3O COPAM-MG"},"content":{"rendered":"<p>Prezados amigos<\/p>\n<p style=\"text-align: justify;\">Em MInas Gerais cada vez mais o FONASC DENTRO DE SUA MISS\u00c3O INSTITUCIONAL E POL\u00cdTICA\u00a0INSTITUI uma frente pol\u00edtca forte em Minas Gerais \u00a0com O SURGIMENTO DE CONDUTAS E POSTURAS POL\u00cdTICAS MAIS COMPROMETIDAS COM A SOCIEDADE E SEUS RECURSOS AMBIENTAIS.Ja estamos atuando em colegiados nos CBhs Santo Antonio( R Doce ) ,SF1, Araguari, PN1, Paranaiba Federal\u00a0. Al\u00e9m dos demais companheiros\u00a0das demais Bacias de Rios Mineiros.Saiu o resultado\u00a0o resultado da vota\u00e7\u00e3o do Copam:CONSELHO DE POLITICA AMBIOENTAL DO ESTADO MINAS GERAIS que pode ser acessado no site:<\/p>\n<p style=\"text-align: justify;\">\u00a0\u00a0\u00a0<a href=\"http:\/\/www.semad.mg.gov.br\/images\/stories\/copam\/recomposicao\/resultado-recomposicao-integrantes-copam.pdf\">http:\/\/www.semad.mg.gov.br\/images\/stories\/copam\/recomposicao\/resultado-recomposicao-integrantes-copam.pdf<\/a>.<\/p>\n<p style=\"text-align: justify;\">Quanto \u00e0s c\u00e2maras t\u00e9cnicas, estamos bem representados na de Minera\u00e7\u00e3o, como tamb\u00e9m na CTIG &#8211; respectivamente pelo Fonasc e a Cerrado Vivo (que ficou na supl\u00eancia). O\u00a0 Mover, assumiu o compromisso de indicar o amigo Gustavo Malacco para a vaga da CPB, onde ficou como suplente. Agora disputaremos a titularidade das URCs Jequitinhonha e Velhas, pois houve empate, e neste caso haver\u00e1 sorteio. \u00c9 preciso nos fazermos presentes neste ato. Um abra\u00e7o A TODOS E CUMPRIMENTOS a nosso rep \u00a0 FONASC EM Gustavo Gazzinelli<\/p>\n<p style=\"text-align: justify;\">Estamos todos\u00a0 satisfeitos \u00a0com o resultado pois tamb\u00e9m\u00a0 conseguimos eleger os parceiros\u00a0 Neoambiente e a Caminhos da Serra como titulares do segmento socioambientalista no Plen\u00e1rio do Copam. O Pr\u00f3-Citt\u00e1 e o Fonasc s\u00e3o titulares da CNR respectivamente pelos segmentos socioambientalista e ambientalista. O FONASC\u00a0 confirma\u00a0 o compromisso de indicar um nome apresentado pelos amigos de Montes Claros (Centro de Agricultura Alternativa do Norte de Minas) na CNR. Nosso pacto \u00e9 estadual\u00a0 cresce e queremos ampli\u00e1-lo com os novos mandatos que iniciaremos. Quanto \u00e0s c\u00e2maras t\u00e9cnicas, estamos bem representados na de Minera\u00e7\u00e3o, como tamb\u00e9m na CTIG &#8211; C\u00e2mara T\u00e9cnica de Instrumetnos de Gest\u00e3o respectivamente pelo Fonasc e a Cerrado Vivo (que ficou na supl\u00eancia).\u00a0O\u00a0Mover, assumiu o compromisso de indicar o amigo Gustavo Malacco para a vaga da CPB, onde ficou como suplente. Agora disputaremos a titularidade das URCs Jequitinhonha e Velhas, pois houve empate, e neste caso haver\u00e1 sorteio. \u00c9 preciso nos fazermos presentes neste ato.<\/p>\n<p>Nosso pacto estadual CRESCE e queremos ampli\u00e1-lo com os novos mandatos que iniciaremos.<\/p>\n<p style=\"text-align: justify;\">Almejamos mui breve consolidarmos uma agenDa de trabalho para unificarmos nossas estrat\u00e9gias e encaminhamentos.\u00a0<\/p>\n<p style=\"text-align: justify;\">Cumprimentos a todos de Minas Gerais pelo exemplo<\/p>\n<p style=\"text-align: justify;\">Cordena\u00e7\u00e3o Fonasc \u00a0<\/p>\n","protected":false},"excerpt":{"rendered":"<p>Prezados amigos Em MInas Gerais cada vez mais o FONASC DENTRO DE SUA MISS\u00c3O INSTITUCIONAL E POL\u00cdTICA\u00a0INSTITUI uma frente pol\u00edtca&#8230;<\/p>\n","protected":false},"author":3,"featured_media":0,"comment_status":"open","ping_status":"open","sticky":false,"template":"","format":"standard","meta":{"footnotes":""},"categories":[8],"tags":[],"_links":{"self":[{"href":"https:\/\/fonasc-cbh.org.br\/index.php?rest_route=\/wp\/v2\/posts\/4894"}],"collection":[{"href":"https:\/\/fonasc-cbh.org.br\/index.php?rest_route=\/wp\/v2\/posts"}],"about":[{"href":"https:\/\/fonasc-cbh.org.br\/index.php?rest_route=\/wp\/v2\/types\/post"}],"author":[{"embeddable":true,"href":"https:\/\/fonasc-cbh.org.br\/index.php?rest_route=\/wp\/v2\/users\/3"}],"replies":[{"embeddable":true,"href":"https:\/\/fonasc-cbh.org.br\/index.php?rest_route=%2Fwp%2Fv2%2Fcomments&post=4894"}],"version-history":[{"count":8,"href":"https:\/\/fonasc-cbh.org.br\/index.php?rest_route=\/wp\/v2\/posts\/4894\/revisions"}],"predecessor-version":[{"id":4896,"href":"https:\/\/fonasc-cbh.org.br\/index.php?rest_route=\/wp\/v2\/posts\/4894\/revisions\/4896"}],"wp:attachment":[{"href":"https:\/\/fonasc-cbh.org.br\/index.php?rest_route=%2Fwp%2Fv2%2Fmedia&parent=4894"}],"wp:term":[{"taxonomy":"category","embeddable":true,"href":"https:\/\/fonasc-cbh.org.br\/index.php?rest_route=%2Fwp%2Fv2%2Fcategories&post=4894"},{"taxonomy":"post_tag","embeddable":true,"href":"https:\/\/fonasc-cbh.org.br\/index.php?rest_route=%2Fwp%2Fv2%2Ftags&post=4894"}],"curies":[{"name":"wp","href":"https:\/\/api.w.org\/{rel}","templated":true}]}}