{"id":4763,"date":"2012-08-04T14:31:54","date_gmt":"2012-08-04T14:31:54","guid":{"rendered":"http:\/\/fonasc-cbh.org.br\/?p=4763"},"modified":"2012-08-06T04:37:42","modified_gmt":"2012-08-06T04:37:42","slug":"o-fonasc-denuncia-e-reivindica-as-autoridades-brasileiras-medidas-administrativas-e-legais-contra-ameaca-a-rep-das-soc-civil-no-cbh-araguari-em-reuniao-do-cerg-mg","status":"publish","type":"post","link":"https:\/\/fonasc-cbh.org.br\/?p=4763","title":{"rendered":"O FONASC DENUNCIA E REIVINDICA AS AUTORIDADES BRASILEIRAS MEDIDAS ADMINISTRATIVAS E LEGAIS CONTRA AMEA\u00c7A A REP DAS SOC CIVIL DO CBH ARAGUARI-MG  EM REUNI\u00c3O DO CERH MG"},"content":{"rendered":"<p style=\"text-align: justify;\"><strong>O FONASC VEM MANIFESTAR NOSSO APOIO E SOLIDARIEDADE AO NOSSO\u00a0 PARCEIRO , COLABORADOR DO FONASC NA CTPNRH DO CNRH E REP DA\u00a0 SOC CIVIL NO CBH ARAGUARI ,\u00a0 BIOLOGO GUSTAVO MALLACO , QUE NO \u00c3MBITO DE SUA ATUA\u00c7\u00c3O NO\u00a0 CERH-MG \u00a0FOI AMEACADO POR PREPOSTOS DE EMPRESA LIGADA A\u00a0 EMPREENDIMENTOS HIDRO EN\u00c9RG\u00c9TICOS NA BACIA DO RIO PARANAIBA \u00a0COM FRIEZA E AUD\u00c1CIA.<\/strong><br \/>\n<strong>\u00a0<\/strong><br \/>\n<strong>REPUDIAMOS TAL ESCALADA DE AMEACAS POR PARTE DE GRUPOS<\/strong><br \/>\n<strong>ECONOMICOS QUE SEMPRE FIZERAM O QUE QUIZERAM COM OS RIOS\u00a0, ABUZARAM E OS AGRIDEM SEM O SENTIDO DE BEM P\u00daBLICO QUE SIGNIFICA AS \u00c1GUAS DOS RIOS\u00a0BRASILEIROS.<\/strong><\/p>\n<p style=\"text-align: justify;\"><strong>O FONASC DENUNCIA E REIVINDICA AS AUTORIDADES BRASILEIRAS MEDIDAS ADMINISTRATIVAS E LEGAIS COM \u00a0A\u00c7\u00c3O CORRETIVA PARA QUE TAIS\u00a0FATOS N\u00c3O SE REPITAM DENEGRINDO O REGIME DEMOCRATICO, O SINGREH\u00a0, O ESTADO DE DIREITO BEM COMO TODO \u00a0O ESP\u00cdRITO DO PROCESSO DA GEST\u00c3O PARTICIPATIVA DO RECURSOS NATURAIS,\u00a0\u00a0\u00a0 DAS \u00c1GUAS E RIOS\u00a0\u00a0BRASILEIROS;\u00a0<\/strong><br \/>\n<strong>\u00a0<\/strong><br \/>\n<strong>ASSIM Segue abaixo carta endere\u00e7ada a diversas\u00a0 institui\u00e7\u00f5es PELO cOMPANHEIRO GUSTAVO MALLACO , a\u00a0respeito de amea\u00e7a recebida em Belo Horizonte, na X\u00a0 Reuni\u00e3o Conjunta da CTIL CTIG\/CERH, no dia 02 de julho<\/strong>. <a title=\"denuncia \" href=\"https:\/\/fonasc-cbh.org.br\/?p=4759 \" target=\"_blank\">VEJA MAIS<\/a><\/p>\n","protected":false},"excerpt":{"rendered":"<p>O FONASC VEM MANIFESTAR NOSSO APOIO E SOLIDARIEDADE AO NOSSO\u00a0 PARCEIRO , COLABORADOR DO FONASC NA CTPNRH DO CNRH E&#8230;<\/p>\n","protected":false},"author":3,"featured_media":0,"comment_status":"open","ping_status":"open","sticky":false,"template":"","format":"standard","meta":{"footnotes":""},"categories":[8],"tags":[],"_links":{"self":[{"href":"https:\/\/fonasc-cbh.org.br\/index.php?rest_route=\/wp\/v2\/posts\/4763"}],"collection":[{"href":"https:\/\/fonasc-cbh.org.br\/index.php?rest_route=\/wp\/v2\/posts"}],"about":[{"href":"https:\/\/fonasc-cbh.org.br\/index.php?rest_route=\/wp\/v2\/types\/post"}],"author":[{"embeddable":true,"href":"https:\/\/fonasc-cbh.org.br\/index.php?rest_route=\/wp\/v2\/users\/3"}],"replies":[{"embeddable":true,"href":"https:\/\/fonasc-cbh.org.br\/index.php?rest_route=%2Fwp%2Fv2%2Fcomments&post=4763"}],"version-history":[{"count":14,"href":"https:\/\/fonasc-cbh.org.br\/index.php?rest_route=\/wp\/v2\/posts\/4763\/revisions"}],"predecessor-version":[{"id":4777,"href":"https:\/\/fonasc-cbh.org.br\/index.php?rest_route=\/wp\/v2\/posts\/4763\/revisions\/4777"}],"wp:attachment":[{"href":"https:\/\/fonasc-cbh.org.br\/index.php?rest_route=%2Fwp%2Fv2%2Fmedia&parent=4763"}],"wp:term":[{"taxonomy":"category","embeddable":true,"href":"https:\/\/fonasc-cbh.org.br\/index.php?rest_route=%2Fwp%2Fv2%2Fcategories&post=4763"},{"taxonomy":"post_tag","embeddable":true,"href":"https:\/\/fonasc-cbh.org.br\/index.php?rest_route=%2Fwp%2Fv2%2Ftags&post=4763"}],"curies":[{"name":"wp","href":"https:\/\/api.w.org\/{rel}","templated":true}]}}