{"id":4075,"date":"2012-06-07T04:39:07","date_gmt":"2012-06-07T04:39:07","guid":{"rendered":"http:\/\/fonasc-cbh.org.br\/?p=4075"},"modified":"2017-09-11T18:54:41","modified_gmt":"2017-09-11T18:54:41","slug":"4075","status":"publish","type":"post","link":"https:\/\/fonasc-cbh.org.br\/?p=4075","title":{"rendered":"FONASC NA RIO MAIS 20"},"content":{"rendered":"<p style=\"text-align: justify;\">23-6 &#8211;<a title=\"declara\u00e7\u00e3o \" href=\"https:\/\/docs.google.com\/document\/d\/1apkvY1gyXeMgPWqYjdSQ1dmv6rvsfCAINRr_KkrwDe0\/edit\"> DECLARA\u00c7\u00c3O RIO + 20\u00a0<\/a><\/p>\n<p style=\"text-align: justify;\"><strong>18- 06 &#8211;\u00a0<a title=\"FONASC\" href=\"https:\/\/fonasc-cbh.org.br\/?p=4256\" target=\"_blank\">SOBRE O PAINEL DE POLITICAS NACIONAL E ESTADUAIS DE AGUAS NA CUPULA DOS POVOS\u00a0\u00a0\u00a0<\/a><\/strong><\/p>\n<p style=\"text-align: justify;\"><strong>11-06 &#8211; O FONASC CONVOCA AS ENTIDADES FILIADAS E PARCEIRAS PARA CONTRIBUIR COM O PAINEL SOBRE OS LIMITES E POSSIBILiDADES DAS POLITICAS ESTADUAIS E NACIONAL DE RECURSOS H\u00cdDRICOS NA RIO + 20 &#8211; Identifique <a title=\"rio + 20 \" href=\"https:\/\/fonasc-cbh.org.br\/?p=4148\" target=\"_blank\">nossa atividade<\/a> na grade de programa\u00e7\u00e3o &#8211; Ser\u00e1 no dia 18 de\u00a0 14 as 16,hs..e INSCREVA SUA ATIVIDADE . Envie email para <a href=\"mailto:fonasc-cbh@fonasc-cbh.org.br\">fonasc-cbh@fonasc-cbh.org.br<\/a> <\/strong><\/p>\n<p><strong>EVENTOS COM A PARTICIPA\u00c7\u00c3O DE ENTIDADES E PARCEIROS DO FONASC NA RIO + 20. O FONASC PARTICIPA DO COMITE MINEIRO DA ORGANIZA\u00c7\u00c3O DA CUPULA DOS POVOS &#8211; LINKS VEJA OS <a title=\"FONASC NA CUPULA DOS POVOS \" href=\"http:\/\/groups.google.com\/group\/cupula-dos-povos-mg\/topics\" target=\"_blank\">BOLETINS <\/a>&#8211;<\/strong>VEJA O EVENTO DA C\u00daPULA DOS POVOS <a title=\"LISTA \" href=\"https:\/\/docs.google.com\/a\/fonasc-cbh.org.br\/document\/d\/1x3T-9Mhd5dDUv3m5RiHyE_9bNvS8U_E62UjkdpsEVBc\/edit?pli=1\" target=\"_blank\">com participa\u00e7\u00e3o do FONASC <\/a>&#8211;<a title=\"FONASC \" href=\"https:\/\/fonasc-cbh.org.br\/?p=4148\" target=\"_blank\">PAINEL SOBRE AS POLITICAS PUBLICAS PARA AS \u00c1GUAS <\/a>&#8211; IDENTIFIQUE E SE INSCREVA<\/p>\n<p><strong>PAINEL SOBRE AS POL\u00cdTICAS ESTADUAIS E NACIONAL DE RECURSOS H\u00cdDRICOS <\/strong><\/p>\n<p>10-06 \u2013 O FONASC CONVOCA AS ENTIDADES FILIADAS E PARCEIRAS PARA CONTRIBUIR COM O PAINEL SOBRE OS LIMITES E POSSIBILDFIADES DAS\u00a0 O PAINEL SOBRE POLITICAS ESTADUAIS E NACIONAL DE RECURSOS H\u00cdDRICOS SER\u00c1 NO DIA 18 DAS 14,00 HS AS 16,00 NA TENDA 24 &#8211; &#8220;Mercede Sossa&#8221; com capacidade para 100 pessoas.<\/p>\n<p>&nbsp;<\/p>\n<table style=\"width: 478px; height: 132px;\" dir=\"ltr\" width=\"478\" border=\"1\" cellspacing=\"0\" cellpadding=\"7\">\n<tbody>\n<tr>\n<td valign=\"top\" width=\"11%\" height=\"14\">n\u00famero<strong>47760<\/strong><\/td>\n<td valign=\"top\" width=\"11%\" height=\"14\">dia<strong>18<\/strong><\/td>\n<td valign=\"top\" width=\"11%\" height=\"14\">hora<strong>14h00-16h00<\/strong><\/td>\n<td valign=\"top\" width=\"11%\" height=\"14\">1804<\/td>\n<td valign=\"top\" width=\"11%\" height=\"14\">entidade<strong>FONASC\/REDE COMIT\u00ca MINEIRO DA CUPULA DOS POVOS-GT AGUA<\/strong><\/td>\n<td valign=\"top\" width=\"11%\" height=\"14\">nome da atividade<strong>PAINEL SOBRE AS POL\u00cdTICAS DAS AGUAS NO BRASIL<\/strong><\/td>\n<td valign=\"top\" width=\"11%\" height=\"14\">local<strong>Tenda 24<\/strong><\/td>\n<td valign=\"top\" width=\"11%\" height=\"14\">nome do local<strong>Mercedes Sosa<\/strong><\/td>\n<td valign=\"top\" width=\"11%\" height=\"14\">capacidade<strong><\/strong>\u00a0<strong>100<\/strong><\/td>\n<\/tr>\n<\/tbody>\n<\/table>\n<p><strong>F\u00d3RUM AMAZONIA SUSTENT\u00c1VEL<\/strong><\/p>\n<p><a title=\"AGENDA \" href=\"http:\/\/forumamazoniasustentavel.org.br\/rio20\/Programacao-Forum.pdf\" target=\"_blank\">VEJA TAMB\u00c9M A PARTICIPA\u00c7\u00c3O DO FONASC NA GRADE OFICIAL PROGRAMA\u00c7\u00c3O AMAZONIA SUSTENT\u00c1VEL DIA 19 AS 12,00 HS <\/a><\/p>\n<p><strong>ENTIDADES QUE PARTICIPAM DO FONASC NA RIO + 20\u00a0<a title=\"RIO MAIS 20 \" href=\"https:\/\/fonasc-cbh.org.br\/?p=4006\" target=\"_blank\">CONFIRA<\/a> <\/strong><\/p>\n<p><a href=\"https:\/\/fonasc-cbh.org.br\/?p=4148\">https:\/\/fonasc-cbh.org.br\/?p=4148<\/a><\/p>\n<p style=\"text-align: justify;\"><strong><a title=\"GRADE\" href=\"http:\/\/cupuladospovos.org.br\/wp-content\/uploads\/2012\/06\/Programa-autogestionada-parcial-final1.pdf\" target=\"_blank\">MAIS NOTICIAS &#8211; IDENTIFIQUE NOSSA ATIVIDADE NA GRADE E\u00a0 MOSTRE SUA ATIVIDADE RELACIONADA A SITUA\u00c7\u00c3O DA POLITICA ESTADUAL DE RECURSOS H\u00cdDRICOS EM SEU ESTADO REMETA EMAIL PARA FONASC-CBH@FONASC-CBH.ORG.BR\u00a0 <\/a><\/strong><\/p>\n<p><strong><a title=\"GRADE\" href=\"http:\/\/cupuladospovos.org.br\/wp-content\/uploads\/2012\/06\/Programa-autogestionada-parcial-final1.pdf\" target=\"_blank\">divulge <\/a><\/strong><\/p>\n<p><strong><a title=\"Tweet isso'!\" href=\"http:\/\/twitter.com\/home\/?status=NOVO ENDERE\u00c7O FONASC NO MARANH\u00c3O : https:\/\/fonasc-cbh.org.br\/?p=3753\"><img decoding=\"async\" src=\"https:\/\/fonasc-cbh.org.br\/wp-content\/themes\/webfolio\/images\/twitter.png\" alt=\"Tweet this!\" \/><\/a><a title=\"StumbleUpon.\" href=\"http:\/\/www.stumbleupon.com\/submit?url=https:\/\/fonasc-cbh.org.br\/?p=3753&amp;amp;title=NOVO ENDERE\u00c7O FONASC NO MARANH\u00c3O\"><img decoding=\"async\" src=\"https:\/\/fonasc-cbh.org.br\/wp-content\/themes\/webfolio\/images\/stumbleupon.png\" alt=\"StumbleUpon\" \/><\/a><a title=\"Vote em Reddit.\" href=\"http:\/\/www.reddit.com\/submit?url=https:\/\/fonasc-cbh.org.br\/?p=3753&amp;amp;title=NOVO ENDERE\u00c7O FONASC NO MARANH\u00c3O\"><img decoding=\"async\" src=\"https:\/\/fonasc-cbh.org.br\/wp-content\/themes\/webfolio\/images\/reddit.png\" alt=\"Reddit\" \/><\/a><a title=\"Digg this!\" href=\"http:\/\/digg.com\/submit?phase=2&amp;amp;url=https:\/\/fonasc-cbh.org.br\/?p=3753&amp;amp;title=NOVO ENDERE\u00c7O FONASC NO MARANH\u00c3O\"><img decoding=\"async\" src=\"https:\/\/fonasc-cbh.org.br\/wp-content\/themes\/webfolio\/images\/digg.png\" alt=\"Digg This!\" \/><\/a><a title=\"Bookmark Delicious.\" href=\"http:\/\/del.icio.us\/post?url=https:\/\/fonasc-cbh.org.br\/?p=3753&amp;amp;title=NOVO ENDERE\u00c7O FONASC NO MARANH\u00c3O\"><img decoding=\"async\" src=\"https:\/\/fonasc-cbh.org.br\/wp-content\/themes\/webfolio\/images\/delicious.png\" alt=\"Bookmark Delicious\" \/><\/a><a title=\"Compartilhar no Facebook.\" href=\"http:\/\/www.facebook.com\/sharer.php?u=https:\/\/fonasc-cbh.org.br\/?p=3753&amp;amp;t=NOVO ENDERE\u00c7O FONASC NO MARANH\u00c3O\"><img decoding=\"async\" id=\"sharethis-last\" src=\"https:\/\/fonasc-cbh.org.br\/wp-content\/themes\/webfolio\/images\/facebook.png\" alt=\"Compartilhar no Facebook\" \/><\/a><\/strong><\/p>\n","protected":false},"excerpt":{"rendered":"<p>NA GRADE DE PROGRAMA\u00c7\u00c3O DOS EVENTOS DA RIO + 20 O FONASC PARTICIPAR\u00c1 EM DOIS PAIN\u00c9IS  CONFIRA E COMPARECA <\/p>\n","protected":false},"author":3,"featured_media":0,"comment_status":"open","ping_status":"open","sticky":false,"template":"","format":"standard","meta":{"footnotes":""},"categories":[1,8],"tags":[],"_links":{"self":[{"href":"https:\/\/fonasc-cbh.org.br\/index.php?rest_route=\/wp\/v2\/posts\/4075"}],"collection":[{"href":"https:\/\/fonasc-cbh.org.br\/index.php?rest_route=\/wp\/v2\/posts"}],"about":[{"href":"https:\/\/fonasc-cbh.org.br\/index.php?rest_route=\/wp\/v2\/types\/post"}],"author":[{"embeddable":true,"href":"https:\/\/fonasc-cbh.org.br\/index.php?rest_route=\/wp\/v2\/users\/3"}],"replies":[{"embeddable":true,"href":"https:\/\/fonasc-cbh.org.br\/index.php?rest_route=%2Fwp%2Fv2%2Fcomments&post=4075"}],"version-history":[{"count":39,"href":"https:\/\/fonasc-cbh.org.br\/index.php?rest_route=\/wp\/v2\/posts\/4075\/revisions"}],"predecessor-version":[{"id":18265,"href":"https:\/\/fonasc-cbh.org.br\/index.php?rest_route=\/wp\/v2\/posts\/4075\/revisions\/18265"}],"wp:attachment":[{"href":"https:\/\/fonasc-cbh.org.br\/index.php?rest_route=%2Fwp%2Fv2%2Fmedia&parent=4075"}],"wp:term":[{"taxonomy":"category","embeddable":true,"href":"https:\/\/fonasc-cbh.org.br\/index.php?rest_route=%2Fwp%2Fv2%2Fcategories&post=4075"},{"taxonomy":"post_tag","embeddable":true,"href":"https:\/\/fonasc-cbh.org.br\/index.php?rest_route=%2Fwp%2Fv2%2Ftags&post=4075"}],"curies":[{"name":"wp","href":"https:\/\/api.w.org\/{rel}","templated":true}]}}