{"id":28520,"date":"2026-04-30T02:32:53","date_gmt":"2026-04-30T02:32:53","guid":{"rendered":"https:\/\/fonasc-cbh.org.br\/?p=28520"},"modified":"2026-04-30T02:35:41","modified_gmt":"2026-04-30T02:35:41","slug":"comite-infantojuvenil-da-bacia-do-rio-jeniparana-participa-do-3o-forum-brasil-das-aguas-em-sao-luis","status":"publish","type":"post","link":"https:\/\/fonasc-cbh.org.br\/?p=28520","title":{"rendered":"Comit\u00ea Infantojuvenil da Bacia do Rio Jeniparana e Fonasc.CBH participa do 3\u00ba F\u00f3rum Brasil das \u00c1guas em S\u00e3o Lu\u00eds"},"content":{"rendered":"\n<p> O Fonasc.CBH participar\u00e1 do 3\u00ba F\u00f3rum Brasil das \u00c1guas, que acontecer\u00e1 na capital maranhense, S\u00e3o Lu\u00eds, de 4 a 8 de maio, no Sebrae Multicenter, Cohafuma. Sua participa\u00e7\u00e3o se dar\u00e1 na oficina &#8220;Educa\u00e7\u00e3o Ambiental Formal na perspectiva das \u00c1guas: experi\u00eancias em Forma\u00e7\u00e3o e Tecnologias Sociais&#8221;, no dia 5 de maio, das 10h \u00e0s 12h, na Sala 2. Durante o evento, o Fonasc.CBH estar\u00e1 com a presen\u00e7a do coordenador Nacional, Jo\u00e3o Cl\u00edmaco (MG), a vice-coordenadora nacional, Thereza Christina, al\u00e9m de representantes do Fonasc.CBH de outras regi\u00f5es do Brasil, como a ge\u00f3grafa Uiara Martins, do Comit\u00ea de Bacia Hidrogr\u00e1fica (CBH) Guandu (RJ), e de outras regi\u00f5es importantes do Brasil, como Jo\u00e3o Ricardo Raiser, presidente do CBH Parana\u00edba (GO).<\/p>\n\n\n\n<p>Reconhecido como um dos principais espa\u00e7os nacionais de debate sobre recursos h\u00eddricos, o F\u00f3rum das \u00c1guas re\u00fane especialistas, institui\u00e7\u00f5es, comit\u00eas de bacias, pesquisadores e representantes da sociedade civil de todo o pa\u00eds para discutir pol\u00edticas p\u00fablicas, preserva\u00e7\u00e3o ambiental e governan\u00e7a das \u00e1guas.<\/p>\n\n\n\n<p>Entre os participantes estar\u00e1 o Comit\u00ea Infantojuvenil da Bacia Hidrogr\u00e1fica do Rio Jeniparana, que, em parceria com o F\u00f3rum Nacional da Sociedade Civil nos Comit\u00eas de Bacias Hidrogr\u00e1ficas (Fonasc.CBH), integra a programa\u00e7\u00e3o oficial com a oficina \u201cEduca\u00e7\u00e3o Ambiental Formal na perspectiva das \u00c1guas: experi\u00eancias em Forma\u00e7\u00e3o e Tecnologias Sociais\u201d.<\/p>\n\n\n\n<p>Representando o Fonasc.CBH no evento estar\u00e3o o coordenador nacional, o soci\u00f3logo Jo\u00e3o Cl\u00edmaco, e a vice-coordenadora nacional, a engenheira civil especialista em meio ambiente Thereza Christina. O Fonasc.CBH \u00e9 refer\u00eancia nacional na articula\u00e7\u00e3o e fortalecimento da participa\u00e7\u00e3o da sociedade civil nos organismos de gest\u00e3o das \u00e1guas no Brasil e, em 2026, completa 25 anos de atua\u00e7\u00e3o.<\/p>\n\n\n\n<p>Entre suas principais realiza\u00e7\u00f5es est\u00e1 a assessoria e cria\u00e7\u00e3o do CIJBHRJ, que h\u00e1 15 anos desenvolve a\u00e7\u00f5es de forma\u00e7\u00e3o socioambiental com crian\u00e7as e adolescentes, promovendo protagonismo juvenil, consci\u00eancia ecol\u00f3gica e educa\u00e7\u00e3o voltada \u00e0 preserva\u00e7\u00e3o dos recursos h\u00eddricos.<\/p>\n\n\n\n<p>Em mar\u00e7o deste ano, o Comit\u00ea lan\u00e7ou o document\u00e1rio \u201cGrita Jeniparana: assista esse filme\u201d, resultado de um projeto socioambiental constru\u00eddo de forma coletiva. A obra foi dirigida pela cineasta Tha\u00eds Lima, vice-presidente do Comit\u00ea de Cultura de S\u00e3o Lu\u00eds e fundadora da Guajajara Filmes, com roteiro desenvolvido em conjunto com as crian\u00e7as do Comit\u00ea, o Fonasc.CBH e a professora Dra. B\u00e1rbara Prado, coordenadora do Laborat\u00f3rio da Paisagem e do Ambiente Constru\u00eddo (LAPA). A trilha sonora conta com interpreta\u00e7\u00e3o do m\u00fasico maranhense Beto Ehong e letra de Virg\u00ednia Diniz.<\/p>\n\n\n\n<p>A oficina com participa\u00e7\u00e3o do CIJBHRJ e do Fonasc.CBH acontece no dia 5 de maio, na Sala 2 do Sebrae Multicenter, e reunir\u00e1 experi\u00eancias de diferentes regi\u00f5es do pa\u00eds que atuam na forma\u00e7\u00e3o ambiental, mobiliza\u00e7\u00e3o social e fortalecimento da governan\u00e7a das \u00e1guas.<\/p>\n\n\n\n<p>Durante a atividade, o Comit\u00ea Infantojuvenil apresentar\u00e1 sua experi\u00eancia de atua\u00e7\u00e3o com jovens na gest\u00e3o participativa dos recursos h\u00eddricos, refor\u00e7ando o papel da educa\u00e7\u00e3o ambiental como instrumento de transforma\u00e7\u00e3o social e preserva\u00e7\u00e3o das bacias hidrogr\u00e1ficas.<\/p>\n\n\n\n<p>A programa\u00e7\u00e3o contar\u00e1 ainda com a participa\u00e7\u00e3o do Observat\u00f3rio da Bacia Hidrogr\u00e1fica do Canal do Cunha, Observat\u00f3rio Escolar do Rio Anil e outras iniciativas voltadas \u00e0 educa\u00e7\u00e3o ambiental e participa\u00e7\u00e3o social.<\/p>\n\n\n\n<p>\u201cA presen\u00e7a do Comit\u00ea no evento fortalece o debate sobre a inser\u00e7\u00e3o da juventude nas pol\u00edticas p\u00fablicas de gest\u00e3o das \u00e1guas e evidencia a import\u00e2ncia da participa\u00e7\u00e3o social na constru\u00e7\u00e3o de solu\u00e7\u00f5es sustent\u00e1veis para os territ\u00f3rios\u201d, destaca Jo\u00e3o Cl\u00edmaco, coordenador nacional do Fonasc.CBH.<\/p>\n\n\n\n<h2 class=\"wp-block-heading\">Programa\u00e7\u00e3o com participa\u00e7\u00e3o do Fonasc.CBH e do CIJBHRJ<\/h2>\n\n\n\n<h3 class=\"wp-block-heading\">Oficina<\/h3>\n\n\n\n<p><strong>Educa\u00e7\u00e3o Ambiental Formal na perspectiva das \u00c1guas: experi\u00eancias em Forma\u00e7\u00e3o e Tecnologias Sociais<\/strong><\/p>\n\n\n\n<h3 class=\"wp-block-heading\">Organiza\u00e7\u00e3o<\/h3>\n\n\n\n<p>Jaqueline Guerreiro \u2013 Coordenadora da C\u00e2mara T\u00e9cnica de Educa\u00e7\u00e3o Ambiental e Mobiliza\u00e7\u00e3o Social do CBH da Ba\u00eda de Guanabara (RJ)<\/p>\n\n\n\n<p>Rejany Ferreira \u2013 Presidenta do CBH da Ba\u00eda de Guanabara (RJ)<\/p>\n\n\n\n<p>Eduardo Ara\u00fajo Rodrigues \u2013 Coordenador do GT de Educa\u00e7\u00e3o Ambiental, Mobiliza\u00e7\u00e3o e Comunica\u00e7\u00e3o do CEIVAP<\/p>\n\n\n\n<h2 class=\"wp-block-heading\">Servi\u00e7o<\/h2>\n\n\n\n<p><strong>3\u00ba F\u00f3rum Brasil das \u00c1guas<\/strong><\/p>\n\n\n\n<p><strong>Oficina:<\/strong> Educa\u00e7\u00e3o Ambiental Formal na perspectiva das \u00c1guas: experi\u00eancias em Forma\u00e7\u00e3o e Tecnologias Sociais<\/p>\n\n\n\n<p><strong>Data:<\/strong> 5 de maio (segunda-feira)<\/p>\n\n\n\n<p><strong>Local:<\/strong> Sebrae Multicenter, Cohafuma, S\u00e3o Lu\u00eds (MA)<\/p>\n\n\n\n<p><strong>Hor\u00e1rio:<\/strong> 10h \u00e0s 12h<\/p>\n\n\n\n<p><strong>Espa\u00e7o da oficina:<\/strong> Sala 2<\/p>\n\n\n\n<p><strong>Contato para imprensa:<\/strong> (98) 98284-1316<\/p>\n\n\n\n<p><strong>Site do evento: <\/strong><a href=\"https:\/\/www.forumbrasildasaguas.org\/prog\">https:\/\/www.forumbrasildasaguas.org\/prog<\/a><\/p>\n","protected":false},"excerpt":{"rendered":"<p>O Fonasc.CBH participar\u00e1 do 3\u00ba F\u00f3rum Brasil das \u00c1guas, que acontecer\u00e1 na capital maranhense, S\u00e3o Lu\u00eds, de 4 a 8&#8230;<\/p>\n","protected":false},"author":3,"featured_media":0,"comment_status":"closed","ping_status":"open","sticky":false,"template":"","format":"standard","meta":{"footnotes":""},"categories":[95,8],"tags":[20,111,15,107],"_links":{"self":[{"href":"https:\/\/fonasc-cbh.org.br\/index.php?rest_route=\/wp\/v2\/posts\/28520"}],"collection":[{"href":"https:\/\/fonasc-cbh.org.br\/index.php?rest_route=\/wp\/v2\/posts"}],"about":[{"href":"https:\/\/fonasc-cbh.org.br\/index.php?rest_route=\/wp\/v2\/types\/post"}],"author":[{"embeddable":true,"href":"https:\/\/fonasc-cbh.org.br\/index.php?rest_route=\/wp\/v2\/users\/3"}],"replies":[{"embeddable":true,"href":"https:\/\/fonasc-cbh.org.br\/index.php?rest_route=%2Fwp%2Fv2%2Fcomments&post=28520"}],"version-history":[{"count":3,"href":"https:\/\/fonasc-cbh.org.br\/index.php?rest_route=\/wp\/v2\/posts\/28520\/revisions"}],"predecessor-version":[{"id":28524,"href":"https:\/\/fonasc-cbh.org.br\/index.php?rest_route=\/wp\/v2\/posts\/28520\/revisions\/28524"}],"wp:attachment":[{"href":"https:\/\/fonasc-cbh.org.br\/index.php?rest_route=%2Fwp%2Fv2%2Fmedia&parent=28520"}],"wp:term":[{"taxonomy":"category","embeddable":true,"href":"https:\/\/fonasc-cbh.org.br\/index.php?rest_route=%2Fwp%2Fv2%2Fcategories&post=28520"},{"taxonomy":"post_tag","embeddable":true,"href":"https:\/\/fonasc-cbh.org.br\/index.php?rest_route=%2Fwp%2Fv2%2Ftags&post=28520"}],"curies":[{"name":"wp","href":"https:\/\/api.w.org\/{rel}","templated":true}]}}