{"id":28420,"date":"2025-10-09T05:08:53","date_gmt":"2025-10-09T05:08:53","guid":{"rendered":"https:\/\/fonasc-cbh.org.br\/?p=28420"},"modified":"2025-10-09T05:09:44","modified_gmt":"2025-10-09T05:09:44","slug":"entrevista-thereza-christina-vice-coordenadora-nacional-do-fonasc-cbh-concede-entrevista-a-tv-e-radio-assembleia-sobre-a-53a-reuniao-ordinaria-da-ciea-ma","status":"publish","type":"post","link":"https:\/\/fonasc-cbh.org.br\/?p=28420","title":{"rendered":"Entrevista: Thereza Christina, vice-coordenadora nacional do Fonasc.CBH concede entrevista \u00e0 TV e R\u00e1dio Assembleia sobre a 53\u00aa Reuni\u00e3o Ordin\u00e1ria da CIEA-MA"},"content":{"rendered":"\n<p>Por Virg\u00ednia Diniz | Ascom Fonasc.CBH<\/p>\n\n\n\n<p><br><em>Thereza Christina destacou para os jornalistas os avan\u00e7os do colegiado e a import\u00e2ncia da consolida\u00e7\u00e3o do regimento interno para o fortalecimento das pol\u00edticas p\u00fablicas de educa\u00e7\u00e3o ambiental no Maranh\u00e3o.<\/em><\/p>\n\n\n\n<p>O F\u00f3rum Nacional da Sociedade Civil nos Comit\u00eas de Bacias Hidrogr\u00e1ficas (Fonasc.CBH) participou, nesta semana, da 53\u00aa Reuni\u00e3o Ordin\u00e1ria da Comiss\u00e3o Interinstitucional de Educa\u00e7\u00e3o Ambiental do Maranh\u00e3o (CIEA-MA), realizada na sede da Secretaria de Estado de Meio Ambiente e Recursos Naturais (SEMA). O encontro reuniu representantes de \u00f3rg\u00e3os p\u00fablicos, universidades, escolas e entidades civis para discutir estrat\u00e9gias de implementa\u00e7\u00e3o da Pol\u00edtica Estadual de Educa\u00e7\u00e3o Ambiental.<\/p>\n\n\n\n<p>Em entrevista \u00e0 R\u00e1dio Assembleia, a vice-presidente do Fonasc.CBH e representante institucional na CIEA-MA, engenheira civil Thereza Christina, ressaltou o avan\u00e7o que o novo Regimento Interno representa para o colegiado.<\/p>\n\n\n\n<blockquote class=\"wp-block-quote is-layout-flow wp-block-quote-is-layout-flow\">\n<p>\u201cA aprova\u00e7\u00e3o desse documento d\u00e1 \u00e0 Comiss\u00e3o mais clareza de funcionamento, define responsabilidades e garante que as decis\u00f5es sejam mais participativas e representativas. \u00c9 um marco para o fortalecimento da educa\u00e7\u00e3o ambiental no Maranh\u00e3o\u201d, afirmou Thereza Christina.<\/p>\n<\/blockquote>\n\n\n\n<p>A dirigente tamb\u00e9m destacou que o Maranh\u00e3o vem avan\u00e7ando na consolida\u00e7\u00e3o da CIEA, seguindo o exemplo de outros estados que j\u00e1 possuem estruturas consolidadas de governan\u00e7a ambiental. \u201cEstamos num momento importante de amadurecimento institucional. O Maranh\u00e3o est\u00e1 alinhando suas pr\u00e1ticas \u00e0s pol\u00edticas nacionais e se colocando entre os estados que reconhecem a educa\u00e7\u00e3o ambiental como um instrumento estrat\u00e9gico de transforma\u00e7\u00e3o social\u201d, pontuou.<\/p>\n\n\n\n<p>A reuni\u00e3o teve como tema central a atualiza\u00e7\u00e3o do regimento interno do CIEA, que j\u00e1 possui dez anos de exist\u00eancia e carece ser atualizado. <\/p>\n\n\n\n<p>Em sua atua\u00e7\u00e3o constante do Fonasc.CBH na CIEA-MA reafirma o compromisso da entidade com a democratiza\u00e7\u00e3o dos espa\u00e7os de gest\u00e3o ambiental e com o fortalecimento das redes de educa\u00e7\u00e3o ambiental em todo o pa\u00eds.<\/p>\n\n\n\n<p>Veja mat\u00e9ria da TV Assembleia: <\/p>\n\n\n\n<figure class=\"wp-block-video\"><video controls src=\"https:\/\/fonasc-cbh.org.br\/wp-content\/uploads\/7.10.2025_TV-Assembleia_Materia-CIEA_entrevista-Thereza-Christina.mp4\"><\/video><\/figure>\n\n\n\n<p>Veja mat\u00e9ria da R\u00e1dio Assembleia: <\/p>\n\n\n\n<figure class=\"wp-block-embed is-type-rich is-provider-soundcloud wp-block-embed-soundcloud\"><div class=\"wp-block-embed__wrapper\">\n<iframe loading=\"lazy\" title=\"Entrevista Fonasc.CBH para R\u00e1dio Assembleia MA sobre 53\u00aa Reuni\u00e3o Ordin\u00e1ria da CIEA by Fonasc.CBH\" width=\"640\" height=\"400\" scrolling=\"no\" frameborder=\"no\" src=\"https:\/\/w.soundcloud.com\/player\/?visual=true&#038;url=https%3A%2F%2Fapi.soundcloud.com%2Ftracks%2F2185555958&#038;show_artwork=true&#038;maxheight=960&#038;maxwidth=640\"><\/iframe>\n<\/div><\/figure>\n","protected":false},"excerpt":{"rendered":"<p>Por Virg\u00ednia Diniz | Ascom Fonasc.CBH Thereza Christina destacou para os jornalistas os avan\u00e7os do colegiado e a import\u00e2ncia da&#8230;<\/p>\n","protected":false},"author":3,"featured_media":0,"comment_status":"closed","ping_status":"open","sticky":false,"template":"","format":"standard","meta":{"footnotes":""},"categories":[1],"tags":[],"_links":{"self":[{"href":"https:\/\/fonasc-cbh.org.br\/index.php?rest_route=\/wp\/v2\/posts\/28420"}],"collection":[{"href":"https:\/\/fonasc-cbh.org.br\/index.php?rest_route=\/wp\/v2\/posts"}],"about":[{"href":"https:\/\/fonasc-cbh.org.br\/index.php?rest_route=\/wp\/v2\/types\/post"}],"author":[{"embeddable":true,"href":"https:\/\/fonasc-cbh.org.br\/index.php?rest_route=\/wp\/v2\/users\/3"}],"replies":[{"embeddable":true,"href":"https:\/\/fonasc-cbh.org.br\/index.php?rest_route=%2Fwp%2Fv2%2Fcomments&post=28420"}],"version-history":[{"count":1,"href":"https:\/\/fonasc-cbh.org.br\/index.php?rest_route=\/wp\/v2\/posts\/28420\/revisions"}],"predecessor-version":[{"id":28422,"href":"https:\/\/fonasc-cbh.org.br\/index.php?rest_route=\/wp\/v2\/posts\/28420\/revisions\/28422"}],"wp:attachment":[{"href":"https:\/\/fonasc-cbh.org.br\/index.php?rest_route=%2Fwp%2Fv2%2Fmedia&parent=28420"}],"wp:term":[{"taxonomy":"category","embeddable":true,"href":"https:\/\/fonasc-cbh.org.br\/index.php?rest_route=%2Fwp%2Fv2%2Fcategories&post=28420"},{"taxonomy":"post_tag","embeddable":true,"href":"https:\/\/fonasc-cbh.org.br\/index.php?rest_route=%2Fwp%2Fv2%2Ftags&post=28420"}],"curies":[{"name":"wp","href":"https:\/\/api.w.org\/{rel}","templated":true}]}}