{"id":28212,"date":"2025-07-30T03:00:13","date_gmt":"2025-07-30T03:00:13","guid":{"rendered":"https:\/\/fonasc-cbh.org.br\/?p=28212"},"modified":"2025-08-31T22:12:18","modified_gmt":"2025-08-31T22:12:18","slug":"projeto-grita-jeniparana-promove-roda-de-conversa-novos-olhares-para-um-mundo-novo","status":"publish","type":"post","link":"https:\/\/fonasc-cbh.org.br\/?p=28212","title":{"rendered":"Projeto Grita Jeniparana promove 2\u00aa Roda de Conversa \u201cNovos olhares para um mundo novo\u201d"},"content":{"rendered":"\n<p><em>Por Virg\u00ednia Diniz, Ascom Fonasc.CBH | Foto: Let\u00edcia Chaves | ON&amp;OFF comunica\u00e7\u00e3o <\/em><\/p>\n\n\n\n<p>Na manh\u00e3 desta ter\u00e7a-feira (29), o &#8220;Projeto Grita Jeniparana- assista esse filme&#8221; promoveu uma Roda de Conversa no Centro Caixeiral, pr\u00e9dio do Curso de Direito e Rela\u00e7\u00f5es Internacionais da Universidade Estadual do Maranh\u00e3o (UEMA), localizado na Rua da Palma, no Centro de S\u00e3o Lu\u00eds (MA). Com o tema <strong>\u201cNovo olhar para um mundo novo\u201d<\/strong>, a Roda de Conversa reuniu gestoras das escolas comunit\u00e1rias que formam o Comit\u00ea Infantojuvenil da Bacia Hidrogr\u00e1fica do Rio Jeniparana (CIBHRJ). O projeto &#8220;Grita Jeniparana&#8221; tem o apoio do Conselho Municipal dos Direitos da Crian\u00e7a e do Adolescente (CMDCA), execu\u00e7\u00e3o do Instituto Mariana e participa\u00e7\u00e3o das institui\u00e7\u00f5es que comp\u00f5em o CIBHRJ, entre elas, o F\u00f3rum Nacional da Sociedade Civil nos Comit\u00eas de Bacias Hidrogr\u00e1ficas (Fonasc.CBH).<\/p>\n\n\n\n<p>Conduzido pela coordena\u00e7\u00e3o t\u00e9cnica do projeto, fun\u00e7\u00e3o assumida por Thereza Christina Pereira Castro, vice-coordenadora nacional, o momento serviu de importante instrumento de reflex\u00e3o, avalia\u00e7\u00e3o e alinhamento das a\u00e7\u00f5es para o segundo semestre, relacionadas ao projeto. Atrav\u00e9s da Roda de Conversa, que aconteceu pela manh\u00e3, os participantes puderam fazer suas reflex\u00f5es sobre o valor de suas vidas na soma de for\u00e7as para o projeto. E na parte da tarde, o grupo realizou seu momento de avalia\u00e7\u00e3o e alinhamento.<\/p>\n\n\n\n<blockquote class=\"wp-block-quote is-layout-flow wp-block-quote-is-layout-flow\">\n<p>\u201cParticipar de projetos como este \u00e9 de grande valor social, pois o investimento impacta n\u00e3o somente a conscientiza\u00e7\u00e3o ambiental \u2013 que \u00e9 importante \u2013 mas, tamb\u00e9m, por contribuir para que as comunidades envolvidas e seus entornos, percebam o valor das pessoas e do ambiente ao seu redor. O Fonasc.CBH, assim, reafirma seu compromisso com iniciativas que promovem a escuta democr\u00e1tica e o protagonismo das juventudes na constru\u00e7\u00e3o de um mundo mais justo e sustent\u00e1vel\u201d, refor\u00e7ou Thereza Christina.<\/p>\n<\/blockquote>\n\n\n\n<p>O convidado especial da atividade foi <strong>Luiz Thadeu Nunes e Silva<\/strong>, secret\u00e1rio adjunto de Turismo do Maranh\u00e3o, que compartilhou sua hist\u00f3ria de vida, experi\u00eancias e reflex\u00f5es sobre o papel da biografia de cada cidad\u00e3o e o como, a partir do comprometimento com uma hist\u00f3ria de vida com prop\u00f3sitos de fazer o bem a si e ao pr\u00f3ximo, pode mudar o mundo em nossa volta.<\/p>\n\n\n\n<p>A a\u00e7\u00e3o integra o ciclo de atividades do <em>Projeto Grita Jeniparana: Assista esse filme<\/em>, desenvolvido pelas institui\u00e7\u00f5es que atuam dentro do Comit\u00ea Infantojuvenil do Comit\u00ea da Bacia Hidrogr\u00e1fica do Rio Jeniparana (CIJCBHRJ), institui\u00e7\u00f5es comprometidas com a forma\u00e7\u00e3o cidad\u00e3 de crian\u00e7as, adolescentes e jovens desta regi\u00e3o, a partir da educa\u00e7\u00e3o ambiental e incentivo de participa\u00e7\u00e3o dos jovens em iniciativas que despertem o protagonismo juvenil em quest\u00f5es que envolvam as pol\u00edticas p\u00fablicas dos recursos h\u00eddricos.<\/p>\n\n\n\n<p>A Roda de Conversa integrou a programa\u00e7\u00e3o especial com a dire\u00e7\u00e3o e gestoras do projeto, que aconteceu das 10h \u00e0s 16h e contou com a presen\u00e7a de representantes do Comit\u00ea: &nbsp;F\u00f3rum Nacional da Sociedade Civil nos Comit\u00eas de Bacias Hidrogr\u00e1ficas (Fonasc.CBH), Escola Comunit\u00e1ria Casulo, Educand\u00e1rio Betesda, Educando, Instituto Educacional Assistencial Coroadinho, Escola Irm\u00e3 Maria do Socorro, Instituto Educacional Nossa Senhora Aparecida, Instituto Educacional Manaaim, Instituto Santa Clara, Instituto Shalom e o Instituto Mariana, executor do \u201cProjeto Grita Jeniparana: assista esse filme\u201d.<\/p>\n\n\n\n<p><strong>Sobre o convidado Luiz Thadeu Nunes e Silva <\/strong><\/p>\n\n\n\n<p>Luiz Thadeu Nunes e Silva, 66 anos, \u00e9 natural de S\u00e3o Lu\u00eds do Maranh\u00e3o. Engenheiro Agr\u00f4nomo, jornalista, escritor e globetrotter. Autor do livro \u201cDas muletas fiz asas\u201d. Estudante de Jornalismo, Especialista em Economia Rural e MBA em Gest\u00e3o P\u00fablica e Propaganda e Marketing.<br><br>Atualmente, \u00e9 Subsecret\u00e1rio de Turismo do Maranh\u00e3o. Apaixonado pelo mundo e por pessoas, Luiz Thadeu \u00e9 a pessoa com mobilidade reduzida que mais visitou pa\u00edses no mundo, passando por 151 pa\u00edses em todos os continentes.<\/p>\n\n\n\n<p>Palestrante memor\u00e1vel, al\u00e9m de um ex\u00edmio literato, Luiz Thadeu \u00e9 membro do Instituto Hist\u00f3rico e Geogr\u00e1fico do Maranh\u00e3o (IHGM) e Membro da ABRASCI, Academia Brasileira de Letras, Ci\u00eancias e Arte, Membro da Academia Vianense de Letras (AVL), Membro correspondente da, Academia Guiramaraense de Letras (AGL), Membro da Academia Alcantarense de Letras (AAL) e da Academia Barreirense de Letras e Artes (ABLAC).<\/p>\n","protected":false},"excerpt":{"rendered":"<p>Por Virg\u00ednia Diniz, Ascom Fonasc.CBH | Foto: Let\u00edcia Chaves | ON&amp;OFF comunica\u00e7\u00e3o Na manh\u00e3 desta ter\u00e7a-feira (29), o &#8220;Projeto Grita&#8230;<\/p>\n","protected":false},"author":3,"featured_media":28213,"comment_status":"closed","ping_status":"open","sticky":false,"template":"","format":"standard","meta":{"footnotes":""},"categories":[37],"tags":[],"_links":{"self":[{"href":"https:\/\/fonasc-cbh.org.br\/index.php?rest_route=\/wp\/v2\/posts\/28212"}],"collection":[{"href":"https:\/\/fonasc-cbh.org.br\/index.php?rest_route=\/wp\/v2\/posts"}],"about":[{"href":"https:\/\/fonasc-cbh.org.br\/index.php?rest_route=\/wp\/v2\/types\/post"}],"author":[{"embeddable":true,"href":"https:\/\/fonasc-cbh.org.br\/index.php?rest_route=\/wp\/v2\/users\/3"}],"replies":[{"embeddable":true,"href":"https:\/\/fonasc-cbh.org.br\/index.php?rest_route=%2Fwp%2Fv2%2Fcomments&post=28212"}],"version-history":[{"count":3,"href":"https:\/\/fonasc-cbh.org.br\/index.php?rest_route=\/wp\/v2\/posts\/28212\/revisions"}],"predecessor-version":[{"id":28349,"href":"https:\/\/fonasc-cbh.org.br\/index.php?rest_route=\/wp\/v2\/posts\/28212\/revisions\/28349"}],"wp:featuredmedia":[{"embeddable":true,"href":"https:\/\/fonasc-cbh.org.br\/index.php?rest_route=\/wp\/v2\/media\/28213"}],"wp:attachment":[{"href":"https:\/\/fonasc-cbh.org.br\/index.php?rest_route=%2Fwp%2Fv2%2Fmedia&parent=28212"}],"wp:term":[{"taxonomy":"category","embeddable":true,"href":"https:\/\/fonasc-cbh.org.br\/index.php?rest_route=%2Fwp%2Fv2%2Fcategories&post=28212"},{"taxonomy":"post_tag","embeddable":true,"href":"https:\/\/fonasc-cbh.org.br\/index.php?rest_route=%2Fwp%2Fv2%2Ftags&post=28212"}],"curies":[{"name":"wp","href":"https:\/\/api.w.org\/{rel}","templated":true}]}}