{"id":26804,"date":"2023-11-25T20:05:07","date_gmt":"2023-11-25T20:05:07","guid":{"rendered":"http:\/\/fonasc-cbh.org.br\/?p=26804"},"modified":"2024-04-17T17:06:18","modified_gmt":"2024-04-17T17:06:18","slug":"forum-estadual-de-educacao-ambiental-do-maranhao-feea-ma-anuncia-nova-gestao-para-o-bienio-2023-2025","status":"publish","type":"post","link":"https:\/\/fonasc-cbh.org.br\/?p=26804","title":{"rendered":"F\u00d3RUM ESTADUAL DE EDUCA\u00c7\u00c3O AMBIENTAL DO MARANH\u00c3O (FEEA\/MA) ANUNCIA NOVA GEST\u00c3O PARA O BI\u00caNIO 2023\/2025"},"content":{"rendered":"\n<p>Fonasc.CBH (MA) participa da elei\u00e7\u00e3o do FEEA\/MA, refor\u00e7ando compromisso com a Educa\u00e7\u00e3o Ambiental no Maranh\u00e3o.<\/p>\n\n\n\n<figure class=\"wp-block-image size-large\"><img loading=\"lazy\" decoding=\"async\" width=\"1024\" height=\"1024\" src=\"https:\/\/fonasc-cbh.org.br\/wp-content\/uploads\/WhatsApp-Image-2023-12-11-at-16.22.15-1024x1024.jpeg\" alt=\"\" class=\"wp-image-26805\" srcset=\"https:\/\/fonasc-cbh.org.br\/wp-content\/uploads\/WhatsApp-Image-2023-12-11-at-16.22.15-1024x1024.jpeg 1024w, https:\/\/fonasc-cbh.org.br\/wp-content\/uploads\/WhatsApp-Image-2023-12-11-at-16.22.15-300x300.jpeg 300w, https:\/\/fonasc-cbh.org.br\/wp-content\/uploads\/WhatsApp-Image-2023-12-11-at-16.22.15-150x150.jpeg 150w, https:\/\/fonasc-cbh.org.br\/wp-content\/uploads\/WhatsApp-Image-2023-12-11-at-16.22.15-768x768.jpeg 768w, https:\/\/fonasc-cbh.org.br\/wp-content\/uploads\/WhatsApp-Image-2023-12-11-at-16.22.15-1536x1536.jpeg 1536w, https:\/\/fonasc-cbh.org.br\/wp-content\/uploads\/WhatsApp-Image-2023-12-11-at-16.22.15.jpeg 1600w\" sizes=\"(max-width: 1024px) 100vw, 1024px\" \/><figcaption>Mauro Carramilo J\u00fanior e Andr\u00e9a Ara\u00fajo do Carmo, presidente e vice-presidente eleitos do FEEA\/MA. Foto: Reprodu\u00e7\u00e3o \/ FEEA &#8211; MA <\/figcaption><\/figure>\n\n\n\n<p>O F\u00f3rum Estadual de Educa\u00e7\u00e3o Ambiental do Maranh\u00e3o (FEEA\/MA) inaugurou uma nova fase na segunda-feira, dia 20 de novembro, ao dar in\u00edcio \u00e0 forma\u00e7\u00e3o de sua nova gest\u00e3o para o bi\u00eanio 2023\/2025. Este marco representa n\u00e3o apenas uma transi\u00e7\u00e3o administrativa, mas tamb\u00e9m simboliza um compromisso renovador com a miss\u00e3o crucial do F\u00f3rum na busca por solu\u00e7\u00f5es sustent\u00e1veis e na promo\u00e7\u00e3o de pr\u00e1ticas educacionais que visam a preserva\u00e7\u00e3o dos recursos naturais do Maranh\u00e3o.&nbsp;<\/p>\n\n\n\n<p>Enquanto inst\u00e2ncia p\u00fablica n\u00e3o estatal de di\u00e1logo, a miss\u00e3o primordial do FEEA\/MA consiste em estimular, fortalecer e avaliar a aplica\u00e7\u00e3o das Pol\u00edticas de Educa\u00e7\u00e3o Ambiental em n\u00edveis nacional, estadual e municipal. Al\u00e9m disso, busca mobilizar e articular tanto a sociedade civil quanto os poderes p\u00fablicos, promovendo debates e posicionamentos ativos em rela\u00e7\u00e3o \u00e0s quest\u00f5es ambientais. Em um cen\u00e1rio onde a emerg\u00eancia clim\u00e1tica e a gest\u00e3o respons\u00e1vel da \u00e1gua est\u00e3o no centro das preocupa\u00e7\u00f5es globais, a atua\u00e7\u00e3o do F\u00f3rum se torna ainda mais premente, ao buscar construir um meio ambiente ecologicamente equilibrado para todos.&nbsp;&nbsp;<\/p>\n\n\n\n<p>A nova gest\u00e3o do FEEA\/MA apresenta uma equipe diversificada e comprometida. Mauro Carramilo J\u00fanior assume a presid\u00eancia, com Andr\u00e9a Ara\u00fajo do Carmo como vice-presidente. O Conselho \u00e9 composto por Salvio Dino J\u00fanior, Roberto Mauro Gurgel Rocha, Douglas de Melo Martins, Luane Lemos e Karla Vieira, enquanto a Comiss\u00e3o de Educa\u00e7\u00e3o Ambiental N\u00e3o Formal ter\u00e1 Marco Aur\u00e9lio como respons\u00e1vel. Essa composi\u00e7\u00e3o evidencia uma abordagem abrangente e engajada, refletindo a pluralidade de experi\u00eancias e vis\u00f5es essenciais para impulsionar a educa\u00e7\u00e3o ambiental no estado do Maranh\u00e3o nos anos subsequentes.&nbsp;<\/p>\n\n\n\n<p>O novo presidente, Mauro Carramilo J\u00fanior, advogado, p\u00f3s-graduando em Direito Imobili\u00e1rio e Direito Ambiental, Miner\u00e1rio e Urban\u00edstico, destacou sua trajet\u00f3ria no FEEA\/MA desde 2019, ressaltando a sua atua\u00e7\u00e3o ativa na causa socioambiental como cofundador e coordenador do F\u00f3rum em Defesa da \u00c1rea de Prote\u00e7\u00e3o Ambiental do Itapirac\u00f3 (FAI).&nbsp;<\/p>\n\n\n\n<p>Carramilo J\u00fanior destacou as s\u00f3lidas parcerias estabelecidas ao longo dos anos com institui\u00e7\u00f5es de ensino superior, conselhos educacionais, \u00f3rg\u00e3os judiciais e outros colaboradores. Em conjunto com a vice-presidente, Andr\u00e9a Ara\u00fajo do Carmo, e o Conselho composto por cofundadores e membros atuais, delineou sua vis\u00e3o para o bi\u00eanio 2023\/2025. \u201cA nova Coordena\u00e7\u00e3o buscar\u00e1 fortalecer a educa\u00e7\u00e3o ambiental no estado e estimular a implementa\u00e7\u00e3o das metas previstas no plano estadual de educa\u00e7\u00e3o ambiental do Maranh\u00e3o criado pela Lei n. 10.796\/2018, considerado uma constru\u00e7\u00e3o coletiva importante as gera\u00e7\u00f5es presentes e futuras\u201d, afirmou o novo presidente.&nbsp;<\/p>\n\n\n\n<p>Dentre os participantes da elei\u00e7\u00e3o, destaca-se a presen\u00e7a marcante do Fonasc.CBH, que mais uma vez demonstra seu firme compromisso e preocupa\u00e7\u00e3o com as quest\u00f5es h\u00eddricas, ambientais e a promo\u00e7\u00e3o da educa\u00e7\u00e3o ambiental no Maranh\u00e3o. A vice-coordenadora nacional do Fonasc.CBH, Thereza Christina, reiterou que o processo eleitoral transcorreu de maneira tranquila, destacando seu desejo de uma gest\u00e3o bem-sucedida para os rec\u00e9m-eleitos. Al\u00e9m disso, Thereza Christina ressaltou a import\u00e2ncia de uma abordagem integrada para enfrentar os desafios ambientais, expressando sua convic\u00e7\u00e3o de que a atua\u00e7\u00e3o conjunta com o FEEA\/MA fortalecer\u00e1 os esfor\u00e7os em prol da conscientiza\u00e7\u00e3o ambiental e da sustentabilidade na regi\u00e3o.&nbsp;<\/p>\n","protected":false},"excerpt":{"rendered":"<p>Fonasc.CBH (MA) participa da elei\u00e7\u00e3o do FEEA\/MA, refor\u00e7ando compromisso com a Educa\u00e7\u00e3o Ambiental no Maranh\u00e3o. O F\u00f3rum Estadual de Educa\u00e7\u00e3o&#8230;<\/p>\n","protected":false},"author":1,"featured_media":0,"comment_status":"closed","ping_status":"open","sticky":false,"template":"","format":"standard","meta":{"footnotes":""},"categories":[1,8],"tags":[],"_links":{"self":[{"href":"https:\/\/fonasc-cbh.org.br\/index.php?rest_route=\/wp\/v2\/posts\/26804"}],"collection":[{"href":"https:\/\/fonasc-cbh.org.br\/index.php?rest_route=\/wp\/v2\/posts"}],"about":[{"href":"https:\/\/fonasc-cbh.org.br\/index.php?rest_route=\/wp\/v2\/types\/post"}],"author":[{"embeddable":true,"href":"https:\/\/fonasc-cbh.org.br\/index.php?rest_route=\/wp\/v2\/users\/1"}],"replies":[{"embeddable":true,"href":"https:\/\/fonasc-cbh.org.br\/index.php?rest_route=%2Fwp%2Fv2%2Fcomments&post=26804"}],"version-history":[{"count":1,"href":"https:\/\/fonasc-cbh.org.br\/index.php?rest_route=\/wp\/v2\/posts\/26804\/revisions"}],"predecessor-version":[{"id":26806,"href":"https:\/\/fonasc-cbh.org.br\/index.php?rest_route=\/wp\/v2\/posts\/26804\/revisions\/26806"}],"wp:attachment":[{"href":"https:\/\/fonasc-cbh.org.br\/index.php?rest_route=%2Fwp%2Fv2%2Fmedia&parent=26804"}],"wp:term":[{"taxonomy":"category","embeddable":true,"href":"https:\/\/fonasc-cbh.org.br\/index.php?rest_route=%2Fwp%2Fv2%2Fcategories&post=26804"},{"taxonomy":"post_tag","embeddable":true,"href":"https:\/\/fonasc-cbh.org.br\/index.php?rest_route=%2Fwp%2Fv2%2Ftags&post=26804"}],"curies":[{"name":"wp","href":"https:\/\/api.w.org\/{rel}","templated":true}]}}