{"id":26678,"date":"2023-10-10T19:19:55","date_gmt":"2023-10-10T19:19:55","guid":{"rendered":"https:\/\/fonasc-cbh.org.br\/?p=26678"},"modified":"2023-11-10T20:31:23","modified_gmt":"2023-11-10T20:31:23","slug":"fortalecendo-a-gestao-das-aguas-capacitacao-na-bacia-hidrografica-do-rio-pindare-em-santa-ines-ma","status":"publish","type":"post","link":"https:\/\/fonasc-cbh.org.br\/?p=26678","title":{"rendered":"FORTALECENDO A GEST\u00c3O DAS \u00c1GUAS: CAPACITA\u00c7\u00c3O NA BACIA HIDROGR\u00c1FICA DO RIO PINDAR\u00c9 EM SANTA IN\u00caS \u2013 MA"},"content":{"rendered":"\n<p>Especialistas, autoridades e sociedade civil se reuniram para Semin\u00e1rio Regional de Capacita\u00e7\u00e3o na Bacia Hidrogr\u00e1fica do Rio Pindar\u00e9, promovido pelo CBH Pindar\u00e9.<\/p>\n\n\n\n<figure class=\"wp-block-gallery columns-1 is-cropped wp-block-gallery-1 is-layout-flex wp-block-gallery-is-layout-flex\"><ul class=\"blocks-gallery-grid\"><li class=\"blocks-gallery-item\"><figure><img loading=\"lazy\" decoding=\"async\" width=\"1024\" height=\"666\" src=\"https:\/\/fonasc-cbh.org.br\/wp-content\/uploads\/IMG-20231026-WA0110-1024x666.jpg\" alt=\"\" data-id=\"26681\" data-full-url=\"https:\/\/fonasc-cbh.org.br\/wp-content\/uploads\/IMG-20231026-WA0110.jpg\" data-link=\"https:\/\/fonasc-cbh.org.br\/?attachment_id=26681\" class=\"wp-image-26681\" srcset=\"https:\/\/fonasc-cbh.org.br\/wp-content\/uploads\/IMG-20231026-WA0110-1024x666.jpg 1024w, https:\/\/fonasc-cbh.org.br\/wp-content\/uploads\/IMG-20231026-WA0110-300x195.jpg 300w, https:\/\/fonasc-cbh.org.br\/wp-content\/uploads\/IMG-20231026-WA0110-768x499.jpg 768w, https:\/\/fonasc-cbh.org.br\/wp-content\/uploads\/IMG-20231026-WA0110-1536x998.jpg 1536w, https:\/\/fonasc-cbh.org.br\/wp-content\/uploads\/IMG-20231026-WA0110.jpg 1600w\" sizes=\"(max-width: 1024px) 100vw, 1024px\" \/><figcaption class=\"blocks-gallery-item__caption\">Semin\u00e1rio Regional de Capacita\u00e7\u00e3o do CBH Pindar\u00e9 reuniu diversas pessoas que compartilharam experi\u00eancias e insights, a fim de impulsionar a gest\u00e3o das \u00e1guas no Maranh\u00e3o.  Foto: Arquivo pessoal\/ Alcione dos Santos <\/figcaption><\/figure><\/li><\/ul><\/figure>\n\n\n\n<p>Durante os dias 05 e 06 de outubro, o Comit\u00ea de Bacia Hidrogr\u00e1fica do Rio Pindar\u00e9 (CBH Pindar\u00e9) realizou o Semin\u00e1rio Regional de Capacita\u00e7\u00e3o na cidade de Santa In\u00eas (MA), no audit\u00f3rio da Universidade Estadual do Maranh\u00e3o (UEMA). O evento reuniu diversos especialistas e autoridades em suas respectivas \u00e1reas, que compartilharam valiosas experi\u00eancias, enriquecendo os debates propostos e inspirando a implementa\u00e7\u00e3o de a\u00e7\u00f5es que fortalecer\u00e3o a gest\u00e3o das \u00e1guas maranhenses.<\/p>\n\n\n\n<p>Dentre os palestrantes, estava o professor Jos\u00e9 Vieira, engenheiro agr\u00f4nomo, coordenador do Centro de Refer\u00eancia em Recupera\u00e7\u00e3o de \u00c1reas Degradadas do Baixo S\u00e3o Francisco e do Programa de Expedi\u00e7\u00f5es Cient\u00edficas do Baixo S\u00e3o Francisco da Ufal. Durante sua apresenta\u00e7\u00e3o, o professor destacou a Expedi\u00e7\u00e3o realizada em 2022, que percorreu sete munic\u00edpios de Alagoas e tr\u00eas de Sergipe, abrangendo toda a regi\u00e3o do Baixo S\u00e3o Francisco. Ao todo, foram 35 \u00e1reas de pesquisa, com a participa\u00e7\u00e3o de 27 institui\u00e7\u00f5es e um total de 90 pessoas, das quais 68 eram pesquisadores.<\/p>\n\n\n\n<p>Al\u00e9m da participa\u00e7\u00e3o do professor Jo\u00e3o Vieira, o semin\u00e1rio contou com a presen\u00e7a de Almacks Luiz Carneiro da Silva, Secret\u00e1rio Geral do Comit\u00ea de Bacia Hidrogr\u00e1fica do Rio S\u00e3o Francisco, e Edilena Eh\u2019huc Torino Krikati, Coordenadora Regional da FUNAI no Maranh\u00e3o e ex-coordenadora da COAPIMA. Ambos trouxeram valiosas discuss\u00f5es a respeito da valoriza\u00e7\u00e3o, possibilidades e limites da participa\u00e7\u00e3o dos povos origin\u00e1rios na gest\u00e3o das \u00e1guas, uma vez que eles desempenham um papel crucial na preserva\u00e7\u00e3o e gest\u00e3o sustent\u00e1vel dos recursos h\u00eddricos.<\/p>\n\n\n\n<p>O Minist\u00e9rio P\u00fablico do Maranh\u00e3o tamb\u00e9m foi representado no evento pelo procurador Dr. Cl\u00e1udio Reb\u00ealo Correia Alencar, titular da 2\u00aa Promotoria de Justi\u00e7a de Meio Ambiente de S\u00e3o Lu\u00eds (MA). O procurador enfatizou o papel fundamental do MP como parceiro da sociedade civil diante dos desafios enfrentados no cotidiano. J\u00e1 a Secretaria de Estado do Meio Ambiente e Recursos Naturais (SEMA) foi representada por Kiara Mesquita de Azevedo, analista ambiental da SEMA, que apresentou um hist\u00f3rico da implementa\u00e7\u00e3o da Pol\u00edtica Estadual de Recursos H\u00eddricos no Maranh\u00e3o.<\/p>\n\n\n\n<p>A vice-coordenadora nacional do Fonasc.CBH, Thereza Christina, que tamb\u00e9m integra o plen\u00e1rio do CBH Pindar\u00e9, desempenhou um papel fundamental como debatedora durante o evento. Em sua interven\u00e7\u00e3o, ela trouxe \u00e0 tona reflex\u00f5es sobre o papel da Secretaria de Estado do Meio Ambiente e Recursos Naturais (SEMA) e os desafios enfrentados para criar um ambiente prop\u00edcio \u00e0 realiza\u00e7\u00e3o dos princ\u00edpios da participa\u00e7\u00e3o e descentraliza\u00e7\u00e3o da Pol\u00edtica de Recursos H\u00eddricos.<\/p>\n\n\n\n<p>Ademais, ela ressaltou a import\u00e2ncia da participa\u00e7\u00e3o da sociedade civil nos avan\u00e7os j\u00e1 alcan\u00e7ados at\u00e9 o momento, destacando a necessidade de incluir ativamente os povos origin\u00e1rios nas inst\u00e2ncias de gest\u00e3o e nos colegiados. Ao final de sua fala, sugeriu \u00e0 plen\u00e1ria a elabora\u00e7\u00e3o da \u201cCarta de Santa In\u00eas\u201d, que desempenharia um papel significativo, pois serviria como um registro documentado de todas as discuss\u00f5es realizadas ao longo do evento. Em resumo, a carta funcionaria como um arquivo consult\u00e1vel para refer\u00eancia futura, garantindo a tranquilidade e a certeza de que os assuntos abordados n\u00e3o seriam esquecidos, mas sim encaminhados \u00e0s partes interessadas conforme apropriado.<\/p>\n\n\n\n<p>Durante o primeiro dia do Semin\u00e1rio de Capacita\u00e7\u00e3o, algumas den\u00fancias foram apresentadas, uma delas foi realizada por um membro da Rede Justi\u00e7a nos Trilhos, uma organiza\u00e7\u00e3o com sede em A\u00e7ail\u00e2ndia e S\u00e3o Lu\u00eds, que monitora as viola\u00e7\u00f5es causadas pela ferrovia Caraj\u00e1s em Buriticupu, onde sete comunidades \u00e0s margens do Rio Pindar\u00e9 enfrentam diversos impactos.<\/p>\n\n\n\n<p>Em uma entrevista concedida ap\u00f3s a reuni\u00e3o, Marlucia Azevedo, membro ativo da organiza\u00e7\u00e3o, abordou as preocupa\u00e7\u00f5es relacionadas \u00e0 constru\u00e7\u00e3o da segunda linha f\u00e9rrea. Ela destacou que a falta de reflorestamento nas margens do rio agravou o processo de assoreamento, secando alguns lagos que faziam parte do percurso d\u2019\u00e1gua e gerando uma escassez de peixes, essenciais para a sobreviv\u00eancia dessas comunidades. O barulho e a trepida\u00e7\u00e3o dos trens, muitas vezes passando simultaneamente nas duas linhas, danificam casas e escolas, enquanto a aus\u00eancia de passarelas resultou em acidentes, incluindo a morte de animais como gado e bodes. As comunidades, junto \u00e0 Organiza\u00e7\u00e3o Justi\u00e7a nos Trilhos, clamam por medidas da empresa (Vale) para mitigar esses problemas, incluindo melhorias nas escolas, assist\u00eancia m\u00e9dica, estradas e prote\u00e7\u00e3o do Rio Pindar\u00e9, crucial para suas atividades de subsist\u00eancia.<\/p>\n\n\n\n<p>Silvia Krikati tamb\u00e9m manifestou a sua indigna\u00e7\u00e3o frente aos acontecimentos que estavam ocorrendo no Rio Pindar\u00e9: &#8220;N\u00f3s estamos fazendo o que podemos para recuperar a nascente para ter \u00e1gua. O povo pergunta por que estou plantando; eu n\u00e3o estou plantando \u00e1rvore, estou plantando \u00e1gua. E na regi\u00e3o sul, est\u00e3o retirando \u00e1gua do subsolo. N\u00e3o \u00e9 pouquinho, n\u00e3o; \u00e9 para irrigar planta\u00e7\u00f5es de soja. N\u00f3s vamos embora, mas a nova gera\u00e7\u00e3o vai passar sede, vai passar necessidade&#8221;, afirmou ela.<\/p>\n\n\n\n<p>No segundo dia do evento, os participantes realizaram uma visita t\u00e9cnica ao Rio Pindar\u00e9, partindo do cais de Pindar\u00e9. Essa visita proporcionou uma compreens\u00e3o mais profunda da import\u00e2ncia regional do Rio Pindar\u00e9 e seus afluentes, bem como dos impactos ambientais relacionados a ele. Tamb\u00e9m foram abordados temas relacionados \u00e0 ecologia de ecossistemas aqu\u00e1ticos, tipos de polui\u00e7\u00e3o e indicadores biol\u00f3gicos e f\u00edsico-qu\u00edmicos da \u00e1gua.<\/p>\n\n\n\n<figure class=\"wp-block-gallery columns-1 is-cropped wp-block-gallery-2 is-layout-flex wp-block-gallery-is-layout-flex\"><ul class=\"blocks-gallery-grid\"><li class=\"blocks-gallery-item\"><figure><img loading=\"lazy\" decoding=\"async\" width=\"1024\" height=\"768\" src=\"https:\/\/fonasc-cbh.org.br\/wp-content\/uploads\/IMG-20231026-WA0103-1024x768.jpg\" alt=\"\" data-id=\"26679\" data-full-url=\"https:\/\/fonasc-cbh.org.br\/wp-content\/uploads\/IMG-20231026-WA0103.jpg\" data-link=\"https:\/\/fonasc-cbh.org.br\/?attachment_id=26679\" class=\"wp-image-26679\" srcset=\"https:\/\/fonasc-cbh.org.br\/wp-content\/uploads\/IMG-20231026-WA0103-1024x768.jpg 1024w, https:\/\/fonasc-cbh.org.br\/wp-content\/uploads\/IMG-20231026-WA0103-300x225.jpg 300w, https:\/\/fonasc-cbh.org.br\/wp-content\/uploads\/IMG-20231026-WA0103-768x576.jpg 768w, https:\/\/fonasc-cbh.org.br\/wp-content\/uploads\/IMG-20231026-WA0103-1536x1152.jpg 1536w, https:\/\/fonasc-cbh.org.br\/wp-content\/uploads\/IMG-20231026-WA0103.jpg 1600w\" sizes=\"(max-width: 1024px) 100vw, 1024px\" \/><figcaption class=\"blocks-gallery-item__caption\">Visita t\u00e9cnica ao Rio Pindar\u00e9 proporcionou uma experi\u00eancia \u00fanica e enriquecedora. Foto: Arquivo pessoal\/ Alcione dos Santos  <\/figcaption><\/figure><\/li><\/ul><\/figure>\n\n\n\n<p>O evento encerrou com um desafio instigante: o CBH Pindar\u00e9 planejar\u00e1 a realiza\u00e7\u00e3o da Expedi\u00e7\u00e3o no Rio Pindar\u00e9 para 2024?<\/p>\n","protected":false},"excerpt":{"rendered":"<p>Especialistas, autoridades e sociedade civil se reuniram para Semin\u00e1rio Regional de Capacita\u00e7\u00e3o na Bacia Hidrogr\u00e1fica do Rio Pindar\u00e9, promovido pelo&#8230;<\/p>\n","protected":false},"author":1,"featured_media":0,"comment_status":"closed","ping_status":"open","sticky":false,"template":"","format":"standard","meta":{"footnotes":""},"categories":[1,37,8],"tags":[89],"_links":{"self":[{"href":"https:\/\/fonasc-cbh.org.br\/index.php?rest_route=\/wp\/v2\/posts\/26678"}],"collection":[{"href":"https:\/\/fonasc-cbh.org.br\/index.php?rest_route=\/wp\/v2\/posts"}],"about":[{"href":"https:\/\/fonasc-cbh.org.br\/index.php?rest_route=\/wp\/v2\/types\/post"}],"author":[{"embeddable":true,"href":"https:\/\/fonasc-cbh.org.br\/index.php?rest_route=\/wp\/v2\/users\/1"}],"replies":[{"embeddable":true,"href":"https:\/\/fonasc-cbh.org.br\/index.php?rest_route=%2Fwp%2Fv2%2Fcomments&post=26678"}],"version-history":[{"count":1,"href":"https:\/\/fonasc-cbh.org.br\/index.php?rest_route=\/wp\/v2\/posts\/26678\/revisions"}],"predecessor-version":[{"id":26682,"href":"https:\/\/fonasc-cbh.org.br\/index.php?rest_route=\/wp\/v2\/posts\/26678\/revisions\/26682"}],"wp:attachment":[{"href":"https:\/\/fonasc-cbh.org.br\/index.php?rest_route=%2Fwp%2Fv2%2Fmedia&parent=26678"}],"wp:term":[{"taxonomy":"category","embeddable":true,"href":"https:\/\/fonasc-cbh.org.br\/index.php?rest_route=%2Fwp%2Fv2%2Fcategories&post=26678"},{"taxonomy":"post_tag","embeddable":true,"href":"https:\/\/fonasc-cbh.org.br\/index.php?rest_route=%2Fwp%2Fv2%2Ftags&post=26678"}],"curies":[{"name":"wp","href":"https:\/\/api.w.org\/{rel}","templated":true}]}}