{"id":26627,"date":"2023-09-25T17:15:33","date_gmt":"2023-09-25T17:15:33","guid":{"rendered":"https:\/\/fonasc-cbh.org.br\/?p=26627"},"modified":"2023-09-26T06:47:25","modified_gmt":"2023-09-26T06:47:25","slug":"fonasc-cbhma-participa-de-reuniao-do-comite-da-bacia-hidrografica-do-rio-pindare-cbh-pindare","status":"publish","type":"post","link":"https:\/\/fonasc-cbh.org.br\/?p=26627","title":{"rendered":"FONASC.CBH(MA) PARTICIPA DE REUNI\u00c3O DO COMIT\u00ca DA BACIA HIDROGR\u00c1FICA DO RIO PINDAR\u00c9 (CBH PINDAR\u00c9)"},"content":{"rendered":"\n<div class=\"wp-block-image is-style-default\"><figure class=\"aligncenter size-large\"><img loading=\"lazy\" decoding=\"async\" width=\"1024\" height=\"614\" src=\"https:\/\/fonasc-cbh.org.br\/wp-content\/uploads\/IMG-20230922-WA13753-1024x614.jpg\" alt=\"\" class=\"wp-image-26628\" srcset=\"https:\/\/fonasc-cbh.org.br\/wp-content\/uploads\/IMG-20230922-WA13753-1024x614.jpg 1024w, https:\/\/fonasc-cbh.org.br\/wp-content\/uploads\/IMG-20230922-WA13753-300x180.jpg 300w, https:\/\/fonasc-cbh.org.br\/wp-content\/uploads\/IMG-20230922-WA13753-768x460.jpg 768w, https:\/\/fonasc-cbh.org.br\/wp-content\/uploads\/IMG-20230922-WA13753.jpg 1527w\" sizes=\"(max-width: 1024px) 100vw, 1024px\" \/><figcaption>A reuni\u00e3o foi realizada pela plataforma Google Meet. Foto: Arquivo pessoal \/ Thereza Christina<\/figcaption><\/figure><\/div>\n\n\n\n<p>Atendendo \u00e0 convoca\u00e7\u00e3o da diretoria do Comit\u00ea da Bacia Hidrogr\u00e1fica do Rio Pindar\u00e9 (CBH Pindar\u00e9), o Fonasc.CBH, por meio de sua Vice-coordenadora nacional, Thereza Christina, participou da reuni\u00e3o realizada em 13 de setembro, \u00e0s 16 horas, de forma remota. A pauta da reuni\u00e3o contemplou apenas um assunto: a realiza\u00e7\u00e3o do Semin\u00e1rio Regional de Capacita\u00e7\u00e3o na Bacia Hidrogr\u00e1fica do Rio Pindar\u00e9, agendado para os dias 5 e 6 de outubro, no munic\u00edpio de Santa In\u00eas (MA), nas instala\u00e7\u00f5es do campus da Universidade Estadual do Maranh\u00e3o (UEMA). Durante a reuni\u00e3o, o presidente do CBH Pindar\u00e9 informou a todos sobre os \u00faltimos encaminhamentos, incluindo a prof\u00edcua parceria estabelecida com o CBH do Rio S\u00e3o Francisco, que compartilhar\u00e1 com os presentes uma rica e exitosa experi\u00eancia na gest\u00e3o de nossos recursos h\u00eddricos.<\/p>\n\n\n\n<p>De acordo com informa\u00e7\u00f5es confirmadas, Emerson Soares, coordenador geral das expedi\u00e7\u00f5es no Rio S\u00e3o Francisco e professor da Universidade Federal de Alagoas (Ufal), estar\u00e1 presente e desempenhar\u00e1 um papel crucial no Semin\u00e1rio Regional de Capacita\u00e7\u00e3o na Bacia Hidrogr\u00e1fica do Rio Pindar\u00e9.<\/p>\n\n\n\n<p>\u00c9 importante citar que a Expedi\u00e7\u00e3o do S\u00e3o Francisco, segundo informa\u00e7\u00f5es dispon\u00edveis no site oficial da Ufal \u00e9 uma iniciativa pioneira lan\u00e7ada em 2018 por tr\u00eas professores da Universidade Federal de Alagoas (Ufal), que continua a ser um exemplo not\u00e1vel de colabora\u00e7\u00e3o e dedica\u00e7\u00e3o \u00e0 causa da ci\u00eancia, educa\u00e7\u00e3o e sa\u00fade nas margens do Rio S\u00e3o Francisco, entre Alagoas e Sergipe. Intitulado como &#8220;um grande trabalho feito por muitas m\u00e3os,&#8221; tem evolu\u00eddo ano ap\u00f3s ano, atraindo n\u00e3o apenas institui\u00e7\u00f5es, mas tamb\u00e9m pesquisadores que se unem visando promover o bem-estar das comunidades ribeirinhas e gerar dados fundamentais para o desenvolvimento de pol\u00edticas p\u00fablicas.<\/p>\n\n\n\n<p>Al\u00e9m disso, o Semin\u00e1rio Regional de Capacita\u00e7\u00e3o da Bacia Hidrogr\u00e1fica do Rio Pindar\u00e9 contar\u00e1 com a participa\u00e7\u00e3o de diversos outros especialistas e autoridades em suas respectivas \u00e1reas, que compartilhar\u00e3o valiosas experi\u00eancias capazes de inspirar a implementa\u00e7\u00e3o de a\u00e7\u00f5es que fortalecer\u00e3o a gest\u00e3o das \u00e1guas maranhenses. Entre os palestrantes e convidados confirmados, destacam-se:<\/p>\n\n\n\n<ul><li><strong>Cacique Uilton Tux\u00e1<\/strong>: Cacique da Aldeia M\u00e3e Tux\u00e1, membro titular do CBH S\u00e3o Francisco e coordenador da C\u00e2mara T\u00e9cnica de Comunidades Tradicionais;<\/li><\/ul>\n\n\n\n<ul><li><strong>Kiara Mesquita de Azavendo:<\/strong> Analista Ambiental da SEMA \u2013 MA, profissional com forma\u00e7\u00e3o em Turismo, Tecnologia em Gest\u00e3o Ambiental, especializa\u00e7\u00e3o em Desenvolvimento Sustent\u00e1vel e Mestrado em Estudos Ambientais;<\/li><\/ul>\n\n\n\n<ul><li><strong>Almacks Luiz Carneiro da Silva<\/strong>: Secret\u00e1rio Geral do Comit\u00ea de Bacia Hidrogr\u00e1fica do Rio S\u00e3o Francisco e tecn\u00f3logo em Gest\u00e3o Ambiental, p\u00f3s-graduado em Engenharia Ambiental e Saneamento B\u00e1sico;<\/li><\/ul>\n\n\n\n<ul><li><strong>Edilena Eh\u2019huc Torino Krikati<\/strong>: Coordenadora Regional da FUNAI no Maranh\u00e3o e ex-coordenadora da COAPIMA.<\/li><\/ul>\n\n\n\n<ul><li><strong>Jos\u00e9 Vieira Silva<\/strong>: Engenheiro Agr\u00f4nomo e coordenador do Centro de Refer\u00eancia em Recupera\u00e7\u00e3o de \u00c1reas Degradadas do Baixo S\u00e3o Francisco, respons\u00e1vel pelo Programa de Expedi\u00e7\u00f5es Cient\u00edficas do Baixo S\u00e3o Francisco da UFAL.<\/li><\/ul>\n\n\n\n<ul><li><strong>Cl\u00e1udio Reb\u00ealo Correia Alencar<\/strong>: Titular da 2\u00aa Promotoria de Justi\u00e7a de Meio Ambiente de S\u00e3o Lu\u00eds &#8211; MA.<\/li><\/ul>\n\n\n\n<p>Por outro lado, \u00e9 fundamental destacar que, na manh\u00e3 do dia 06 de outubro, est\u00e1 reservado um momento crucial para o CBH Pindar\u00e9, no qual ser\u00e1 debatida a aprova\u00e7\u00e3o de seu Regimento Interno, bem como a discuss\u00e3o sobre a cria\u00e7\u00e3o e composi\u00e7\u00e3o das C\u00e2maras T\u00e9cnicas.<\/p>\n\n\n\n<div class=\"wp-block-image is-style-default\"><figure class=\"aligncenter size-large is-resized\"><img loading=\"lazy\" decoding=\"async\" src=\"https:\/\/fonasc-cbh.org.br\/wp-content\/uploads\/IMG-20230922-WA1374-1024x1024.jpg\" alt=\"\" class=\"wp-image-26629\" width=\"491\" height=\"491\" srcset=\"https:\/\/fonasc-cbh.org.br\/wp-content\/uploads\/IMG-20230922-WA1374-1024x1024.jpg 1024w, https:\/\/fonasc-cbh.org.br\/wp-content\/uploads\/IMG-20230922-WA1374-300x300.jpg 300w, https:\/\/fonasc-cbh.org.br\/wp-content\/uploads\/IMG-20230922-WA1374-150x150.jpg 150w, https:\/\/fonasc-cbh.org.br\/wp-content\/uploads\/IMG-20230922-WA1374-768x768.jpg 768w, https:\/\/fonasc-cbh.org.br\/wp-content\/uploads\/IMG-20230922-WA1374-1536x1536.jpg 1536w, https:\/\/fonasc-cbh.org.br\/wp-content\/uploads\/IMG-20230922-WA1374.jpg 1600w\" sizes=\"(max-width: 491px) 100vw, 491px\" \/><figcaption>O semin\u00e1rio de capacita\u00e7\u00e3o acontecer\u00e1 no Audit\u00f3rio Vale do Pindar\u00e9. Imagem: CBH Pindar\u00e9<\/figcaption><\/figure><\/div>\n","protected":false},"excerpt":{"rendered":"<p>Atendendo \u00e0 convoca\u00e7\u00e3o da diretoria do Comit\u00ea da Bacia Hidrogr\u00e1fica do Rio Pindar\u00e9 (CBH Pindar\u00e9), o Fonasc.CBH, por meio de&#8230;<\/p>\n","protected":false},"author":1,"featured_media":0,"comment_status":"closed","ping_status":"open","sticky":false,"template":"","format":"standard","meta":{"footnotes":""},"categories":[43,1,37,8],"tags":[],"_links":{"self":[{"href":"https:\/\/fonasc-cbh.org.br\/index.php?rest_route=\/wp\/v2\/posts\/26627"}],"collection":[{"href":"https:\/\/fonasc-cbh.org.br\/index.php?rest_route=\/wp\/v2\/posts"}],"about":[{"href":"https:\/\/fonasc-cbh.org.br\/index.php?rest_route=\/wp\/v2\/types\/post"}],"author":[{"embeddable":true,"href":"https:\/\/fonasc-cbh.org.br\/index.php?rest_route=\/wp\/v2\/users\/1"}],"replies":[{"embeddable":true,"href":"https:\/\/fonasc-cbh.org.br\/index.php?rest_route=%2Fwp%2Fv2%2Fcomments&post=26627"}],"version-history":[{"count":1,"href":"https:\/\/fonasc-cbh.org.br\/index.php?rest_route=\/wp\/v2\/posts\/26627\/revisions"}],"predecessor-version":[{"id":26630,"href":"https:\/\/fonasc-cbh.org.br\/index.php?rest_route=\/wp\/v2\/posts\/26627\/revisions\/26630"}],"wp:attachment":[{"href":"https:\/\/fonasc-cbh.org.br\/index.php?rest_route=%2Fwp%2Fv2%2Fmedia&parent=26627"}],"wp:term":[{"taxonomy":"category","embeddable":true,"href":"https:\/\/fonasc-cbh.org.br\/index.php?rest_route=%2Fwp%2Fv2%2Fcategories&post=26627"},{"taxonomy":"post_tag","embeddable":true,"href":"https:\/\/fonasc-cbh.org.br\/index.php?rest_route=%2Fwp%2Fv2%2Ftags&post=26627"}],"curies":[{"name":"wp","href":"https:\/\/api.w.org\/{rel}","templated":true}]}}