{"id":25846,"date":"2022-11-30T19:51:13","date_gmt":"2022-11-30T19:51:13","guid":{"rendered":"https:\/\/fonasc-cbh.org.br\/?p=25846"},"modified":"2022-11-30T19:51:16","modified_gmt":"2022-11-30T19:51:16","slug":"fonasc-cbh-no-dia-de-doar-em-prol-do-podcast-a-voz-dos-rios","status":"publish","type":"post","link":"https:\/\/fonasc-cbh.org.br\/?p=25846","title":{"rendered":"Fonasc.CBH no Dia de Doar em prol do podcast &#8220;A Voz dos Rios&#8221;"},"content":{"rendered":"\n<figure class=\"wp-block-image size-large\"><img loading=\"lazy\" decoding=\"async\" width=\"1024\" height=\"1024\" src=\"https:\/\/fonasc-cbh.org.br\/wp-content\/uploads\/3-1-1024x1024.png\" alt=\"\" class=\"wp-image-25850\" srcset=\"https:\/\/fonasc-cbh.org.br\/wp-content\/uploads\/3-1-1024x1024.png 1024w, https:\/\/fonasc-cbh.org.br\/wp-content\/uploads\/3-1-300x300.png 300w, https:\/\/fonasc-cbh.org.br\/wp-content\/uploads\/3-1-150x150.png 150w, https:\/\/fonasc-cbh.org.br\/wp-content\/uploads\/3-1-768x768.png 768w, https:\/\/fonasc-cbh.org.br\/wp-content\/uploads\/3-1.png 1080w\" sizes=\"(max-width: 1024px) 100vw, 1024px\" \/><\/figure>\n\n\n\n<p>O Fonasc.CBH possui na comunica\u00e7\u00e3o um bra\u00e7o estrat\u00e9gico importante para dar visibilidade \u00e0s a\u00e7\u00f5es desenvolvidas, com a proposta de tornar acess\u00edvel a sua miss\u00e3o enquanto organiza\u00e7\u00e3o, bem como as informa\u00e7\u00f5es sobre a governan\u00e7a dos rios, legisla\u00e7\u00e3o, pol\u00edticas p\u00fablicas e leituras de cen\u00e1rios para os cidad\u00e3os, utilizando para isso as tecnologias dispon\u00edveis, redes sociais, plataformas, (info) produtos e servi\u00e7os.<\/p>\n\n\n\n<p>Por isso, com foco no lan\u00e7amento do seu novo canal de comunica\u00e7\u00e3o, o podcast A Voz dos Rios, ingressamos na campanha itinerante e coletiva <a href=\"https:\/\/diadedoar.org.br\/noticias\/projeto-encontros-da-doacao-chega-a-manaus-e-sao-luis\/\"><strong>Dia de Doar<\/strong><\/a>, que acontece um dia ap\u00f3s do Brack Friday, com objetivo ajudar institui\u00e7\u00f5es sem fins lucrativos a encontrarem doadores para suas a\u00e7\u00f5es.<\/p>\n\n\n\n<p><strong>Sobre A Voz dos Rios<\/strong><\/p>\n\n\n\n<p>O podcast A Voz dos Rios pretende ser um canal de informa\u00e7\u00e3o com as principais pautas relacionadas \u00e0s pol\u00edticas p\u00fablicas de recursos h\u00eddricos do Brasil, levando aos representantes da Sociedade Civil presentes nos Comit\u00eas de Bacias Hidrogr\u00e1ficas e aos cidad\u00e3os brasileiros de modo geral, informa\u00e7\u00f5es importantes para o uso de seus direitos relacionados \u00e0 \u00e1gua.&nbsp;<\/p>\n\n\n\n<p>Para isso, o investimento em equipamentos, plataformas, material humano especializado, s\u00e3o necess\u00e1rios.&nbsp;<\/p>\n\n\n\n<p>A Campanha do Dia de Doar tem como objetivo ajudar nesta causa! Contamos com sua ajuda.\u00a0<\/p>\n\n\n\n<p><strong>ENTENDA PORQUE A SUA AJUDA \u00c9 IMPORTANTE<\/strong><\/p>\n\n\n\n<p><strong>O que est\u00e1 acontecendo com os rios? Eles est\u00e3o em perigo?<\/strong><\/p>\n\n\n\n<p>Sim, os rios est\u00e3o em perigo, eles est\u00e3o morrendo. Algu\u00e9m pode perguntar: \u201cE um rio morre?\u201d. Sim, a morte de um rio acontece quando ele n\u00e3o cumpre mais seu papel ecol\u00f3gico, n\u00e3o sustentando mais qualquer forma de vida.<\/p>\n\n\n\n<p><strong>O que eu tenho a ver com os morte dos rios?<\/strong><\/p>\n\n\n\n<p>A morte dos rios est\u00e1 diretamente relacionada a a\u00e7\u00e3o dos homens nos rios e a neglig\u00eancia no modo de cuidar de suas \u00e1guas. A interfer\u00eancia da vida do homem nos recursos naturais que existem, de forma predat\u00f3ria e irrespons\u00e1vel, sem preocupa\u00e7\u00e3o com a sua preserva\u00e7\u00e3o, pode levar um rio \u00e0 morte, de modo direto ou indiretamente.<\/p>\n\n\n\n<p>De modo indireto, temos o fator clim\u00e1tico, que j\u00e1 afeta continentes, como o continente europeu, causando a seca dos rios e eventos clim\u00e1ticos extremos. Mas temos tamb\u00e9m a a\u00e7\u00e3o direta do homem, quando ele mata as suas nascentes, quando joga res\u00edduos s\u00f3lidos ou qu\u00edmicos nos rios, destruindo toda esp\u00e9cie de vida ou causando interfer\u00eancia.<\/p>\n\n\n\n<p><strong>O que o Fonasc.CBH faz no Brasil?<\/strong><\/p>\n\n\n\n<p>O Fonasc.CBH \u00e9 uma institui\u00e7\u00e3o do terceiro setor que se compromete com as pol\u00edticas p\u00fablicas dos recursos h\u00eddricos do Brasil, ou seja, com o elemento \u00e1gua, especificamente as \u00e1guas dos rios. Para isso, realizamos a\u00e7\u00f5es de articula\u00e7\u00e3o e forma\u00e7\u00e3o nos Comit\u00eas de Bacias Hidrogr\u00e1ficas, atuamos nos colegiados (Conselhos federais, estaduais e municipais), fiscalizando, educando ambientalmente, e se colocando como fonte e como institui\u00e7\u00e3o produtora de informa\u00e7\u00e3o sobre esse bem valoroso da natureza, sem o qual o ser humano, os animais e os vegetais, n\u00e3o conseguem sobreviver na terra.<\/p>\n\n\n\n<p>De modo especial, acreditamos na for\u00e7a da juventude como agente transformador da sociedade, por isso, estimulamos a participa\u00e7\u00e3o dos jovens nesse debate, tendo de modo particular, motivado a cria\u00e7\u00e3o de Comit\u00eas Infanto Juvenis no Brasil.<\/p>\n\n\n\n<p>Estamos em seis Estados do Pa\u00eds, mas nossa meta \u00e9 chegar em todos os lugares onde existem rios e onde se pode e deve exercer a governan\u00e7a das \u00e1guas.<\/p>\n\n\n\n<p><strong>Quais as principais \u00e1reas de atua\u00e7\u00e3o do Fonasc.CBH?<\/strong><\/p>\n\n\n\n<p>Atuamos com representa\u00e7\u00e3o, capacita\u00e7\u00e3o ambiental e mobiliza\u00e7\u00e3o\/articula\u00e7\u00e3o relacionada \u00e0s politicas p\u00fablicas das \u00e1guas dos rios. Especificamente:<\/p>\n\n\n\n<p>Representa\u00e7\u00e3o \u2013 com inser\u00e7\u00e3o e atua\u00e7\u00e3o nos comit\u00eas e conselhos.<\/p>\n\n\n\n<p>Capacita\u00e7\u00e3o ambiental \u2013 Oficinas, cursos, semin\u00e1rios, treinamentos na \u00e1rea de orienta\u00e7\u00e3o sobre educa\u00e7\u00e3o ambiental, forma\u00e7\u00e3o sobre a legisla\u00e7\u00e3o na \u00e1rea de recursos h\u00eddricos, e sobre a cria\u00e7\u00e3o de Comit\u00eas de Bacias Hidrogr\u00e1ficas.<\/p>\n\n\n\n<p>Mobiliza\u00e7\u00e3o \/Anima\u00e7\u00e3o \u2013 Eventos, projetos e a\u00e7\u00f5es com foco na mobiliza\u00e7\u00e3o e anima\u00e7\u00e3o dos agentes da sociedade civil sobre a governan\u00e7a das \u00e1guas.<\/p>\n\n\n\n<p><strong>Para onde v\u00e3o os fundos arrecadados?<\/strong><\/p>\n\n\n\n<p>Primeiramente, esclarecemos que nossas a\u00e7\u00f5es s\u00e3o baseadas na transpar\u00eancia e honestidade. Assim, anualmente, como toda institui\u00e7\u00e3o comprometida com o seu papel social, nossas contas s\u00e3o auditadas e publicadas em nosso site, com todos os nossos balan\u00e7os e documentos fiscais.<\/p>\n\n\n\n<p>Sua doa\u00e7\u00e3o ser\u00e1 aplicada em nossos projetos de melhoria de atua\u00e7\u00e3o ligado a comunica\u00e7\u00e3o, em equipamentos, plataformas, e material humano qualificado, al\u00e9m dos nossos projetos.<br><br>Todos que participam como nossos patrocinadores, apoiadores e financiadores, receber\u00e3o nosso relat\u00f3rio anual com <strong>resumo das principais atividades que desenvolvemos no ano anterior,<\/strong>\u00a0bem como a\u00a0<strong>presta\u00e7\u00e3o de contas<\/strong>\u00a0dos recursos recebidos e a forma que foi investida.<\/p>\n\n\n\n<p><strong>Por que o Fonasc.CBH precisa da minha doa\u00e7\u00e3o?<\/strong><\/p>\n\n\n\n<p>O Fonasc.CBH \u00e9 uma organiza\u00e7\u00e3o do terceiro setor sem fins lucrativos e de importante atua\u00e7\u00e3o no setor de educa\u00e7\u00e3o ambiental, sobretudo em Pol\u00edticas P\u00fablicas ligadas aos recursos h\u00eddricos, a \u00e1gua dos rios.<\/p>\n\n\n\n<p>Precisamos de sua ajuda para atuar de modo mais qualificado poss\u00edvel na conscientiza\u00e7\u00e3o sobre o uso, reuso e educa\u00e7\u00e3o ambiental do elemento \u00e1gua. Vivemos em um meio onde poucos se envolvem em causas que possam ajudar a coletividade, mas precisamos. E o Fonasc.CBH est\u00e1 aqui para isso!<\/p>\n\n\n\n<p>Voc\u00ea receber\u00e1 atrav\u00e9s de nossos meios de comunica\u00e7\u00e3o atualiza\u00e7\u00e3o sobre as quest\u00f5es relacionadas \u00e0s pol\u00edticas p\u00fablicas sobre os recursos h\u00eddricos no Brasil. Al\u00e9m de nossas atividades, relat\u00f3rio anual de atividades e tamb\u00e9m, poder\u00e1 sugerir a\u00e7\u00f5es que possam ser somadas aos nossos projetos.<\/p>\n\n\n\n<p>Junte-se a n\u00f3s e seja for\u00e7a conosco!<\/p>\n\n\n\n<p><strong>Outras a\u00e7\u00f5es do Fonasc.CBH para a Comunica\u00e7\u00e3o<\/strong> &#8211; <strong>Rifa Fonasc.CBH para a Comunica\u00e7\u00e3o<\/strong><\/p>\n\n\n\n<p>Com essa mesma proposta o Fonasc.CBH j\u00e1 possui uma a\u00e7\u00e3o de vendas com foco no investimento em seu setor de comunica\u00e7\u00e3o. Trata-se de uma rifa, onde o vencedor levar\u00e1 para si um rel\u00f3gio inteligente. <\/p>\n\n\n\n<figure class=\"wp-block-image size-full\"><img loading=\"lazy\" decoding=\"async\" width=\"361\" height=\"450\" src=\"https:\/\/fonasc-cbh.org.br\/wp-content\/uploads\/51nlDnORYIL._AC_SY450_-removebg-preview.png\" alt=\"\" class=\"wp-image-25848\" srcset=\"https:\/\/fonasc-cbh.org.br\/wp-content\/uploads\/51nlDnORYIL._AC_SY450_-removebg-preview.png 361w, https:\/\/fonasc-cbh.org.br\/wp-content\/uploads\/51nlDnORYIL._AC_SY450_-removebg-preview-241x300.png 241w\" sizes=\"(max-width: 361px) 100vw, 361px\" \/><\/figure>\n\n\n\n<figure class=\"wp-block-image size-full\"><img loading=\"lazy\" decoding=\"async\" width=\"567\" height=\"440\" src=\"https:\/\/fonasc-cbh.org.br\/wp-content\/uploads\/51WaqtCrZtL._AC_SX679_-removebg-preview.png\" alt=\"\" class=\"wp-image-25847\" srcset=\"https:\/\/fonasc-cbh.org.br\/wp-content\/uploads\/51WaqtCrZtL._AC_SX679_-removebg-preview.png 567w, https:\/\/fonasc-cbh.org.br\/wp-content\/uploads\/51WaqtCrZtL._AC_SX679_-removebg-preview-300x233.png 300w\" sizes=\"(max-width: 567px) 100vw, 567px\" \/><\/figure>\n\n\n\n<figure class=\"wp-block-image size-large\"><img loading=\"lazy\" decoding=\"async\" width=\"1024\" height=\"1024\" src=\"https:\/\/fonasc-cbh.org.br\/wp-content\/uploads\/Rifa-Fonasc.CBH-Smartwatch-Sale--1024x1024.png\" alt=\"\" class=\"wp-image-25849\" srcset=\"https:\/\/fonasc-cbh.org.br\/wp-content\/uploads\/Rifa-Fonasc.CBH-Smartwatch-Sale--1024x1024.png 1024w, https:\/\/fonasc-cbh.org.br\/wp-content\/uploads\/Rifa-Fonasc.CBH-Smartwatch-Sale--300x300.png 300w, https:\/\/fonasc-cbh.org.br\/wp-content\/uploads\/Rifa-Fonasc.CBH-Smartwatch-Sale--150x150.png 150w, https:\/\/fonasc-cbh.org.br\/wp-content\/uploads\/Rifa-Fonasc.CBH-Smartwatch-Sale--768x768.png 768w, https:\/\/fonasc-cbh.org.br\/wp-content\/uploads\/Rifa-Fonasc.CBH-Smartwatch-Sale-.png 1080w\" sizes=\"(max-width: 1024px) 100vw, 1024px\" \/><\/figure>\n\n\n\n<p>O produto da rifa \u00e9 um rel\u00f3gio inteligente, smart watch, no valor simb\u00f3lico de R$ 5,00 (cinco reais), por meio da plataforma digital <a href=\"https:\/\/riffa.co\/rifafonasccbh\">https:\/\/riffa.co\/rifafonasccbh<\/a> , com sorteio marcado para acontecer no dia 30 de dezembro. \u00a0<\/p>\n","protected":false},"excerpt":{"rendered":"<p>O Fonasc.CBH possui na comunica\u00e7\u00e3o um bra\u00e7o estrat\u00e9gico importante para dar visibilidade \u00e0s a\u00e7\u00f5es desenvolvidas, com a proposta de tornar&#8230;<\/p>\n","protected":false},"author":3,"featured_media":0,"comment_status":"closed","ping_status":"open","sticky":false,"template":"","format":"standard","meta":{"footnotes":""},"categories":[1],"tags":[],"_links":{"self":[{"href":"https:\/\/fonasc-cbh.org.br\/index.php?rest_route=\/wp\/v2\/posts\/25846"}],"collection":[{"href":"https:\/\/fonasc-cbh.org.br\/index.php?rest_route=\/wp\/v2\/posts"}],"about":[{"href":"https:\/\/fonasc-cbh.org.br\/index.php?rest_route=\/wp\/v2\/types\/post"}],"author":[{"embeddable":true,"href":"https:\/\/fonasc-cbh.org.br\/index.php?rest_route=\/wp\/v2\/users\/3"}],"replies":[{"embeddable":true,"href":"https:\/\/fonasc-cbh.org.br\/index.php?rest_route=%2Fwp%2Fv2%2Fcomments&post=25846"}],"version-history":[{"count":1,"href":"https:\/\/fonasc-cbh.org.br\/index.php?rest_route=\/wp\/v2\/posts\/25846\/revisions"}],"predecessor-version":[{"id":25851,"href":"https:\/\/fonasc-cbh.org.br\/index.php?rest_route=\/wp\/v2\/posts\/25846\/revisions\/25851"}],"wp:attachment":[{"href":"https:\/\/fonasc-cbh.org.br\/index.php?rest_route=%2Fwp%2Fv2%2Fmedia&parent=25846"}],"wp:term":[{"taxonomy":"category","embeddable":true,"href":"https:\/\/fonasc-cbh.org.br\/index.php?rest_route=%2Fwp%2Fv2%2Fcategories&post=25846"},{"taxonomy":"post_tag","embeddable":true,"href":"https:\/\/fonasc-cbh.org.br\/index.php?rest_route=%2Fwp%2Fv2%2Ftags&post=25846"}],"curies":[{"name":"wp","href":"https:\/\/api.w.org\/{rel}","templated":true}]}}