{"id":24336,"date":"2021-08-25T18:28:06","date_gmt":"2021-08-25T18:28:06","guid":{"rendered":"http:\/\/fonasc-cbh.org.br\/?p=24336"},"modified":"2021-08-25T21:19:29","modified_gmt":"2021-08-25T21:19:29","slug":"fonasc-cbh-mt-participa-de-audiencia-publica-sobre-lei-que-proibe-a-extracao-de-recursos-pesqueiros-na-regiao-do-manso","status":"publish","type":"post","link":"https:\/\/fonasc-cbh.org.br\/?p=24336","title":{"rendered":"FONASC-CBH MT PARTICIPA DE AUDI\u00caNCIA P\u00daBLICA SOBRE LEI QUE PRO\u00cdBE A EXTRA\u00c7\u00c3O DE RECURSOS PESQUEIROS NA REGI\u00c3O DO MANSO"},"content":{"rendered":"<p><strong>FONASC-CBH MT PARTICIPA DE AUDI\u00caNCIA P\u00daBLICA SOBRE LEI QUE PRO\u00cdBE A EXTRA\u00c7\u00c3O DE RECURSOS PESQUEIROS NA REGI\u00c3O DO MANSO<\/strong><\/p>\n<p><strong>Texto: ASCOM FONASC com informa\u00e7\u00f5es de HNT<\/strong><\/p>\n<p>Data: 25\/08\/2021<\/p>\n<p>O FONASC-CBH, representado por Luciana Ferraz, esteve presente na \u00faltima segunda-feira (23) na Assembl\u00e9ia Legislativa do Mato Grosso (ALMT) pra debater a lei que pro\u00edbe a extra\u00e7\u00e3o de recursos pesqueiros na regi\u00e3o do Manso.<\/p>\n<p>O debate reuniu pescadores, pesquisadores, representantes do setor do turismo, al\u00e9m de outros interessados no tema. De acordo com o deputado Wilson Santos (PSDB), que presidiu a audi\u00eancia p\u00fablica, a lei atual, j\u00e1 sancionada pelo governador Mauro Mendes (DEM), restringe a pesca \u00e0s modalidades citadas em todo o Rio Cuiabazinho e tamb\u00e9m numa \u00e1rea de 80 a 90 km do Rio Manso, atingindo os munic\u00edpios de Chapada dos Guimar\u00e3es, Ros\u00e1rio Oeste e Nobres.<\/p>\n<p>A Comiss\u00e3o de Meio Ambiente da Assembleia Legislativa vai apresentar um Projeto de Lei na pr\u00f3xima sess\u00e3o ordin\u00e1ria para adiar o in\u00edcio da vig\u00eancia da Lei n\u00b011.486, de autoria do deputado Max Russi (PSB).<\/p>\n<p>Para a bi\u00f3loga Luciana Ferraz, a lei precisa ser revogada. \u201cEla \u00e9 exclus\u00f3ria, cruel e tira, num momento de pandemia, do povo que est\u00e1 na fila para comprar ossos&#8230; a gente tira a \u00fanica fonte proteica que a sociedade mato-grossense menos favorecida tem. \u00c9 muita crueldade.\u201d, protestou.<\/p>\n<pre><strong>Segundo o Soci\u00f3logo JOAO CLIMACO Coordenador do FONASC , O que se V\u00ea \u00c9 UMA A\u00c7\u00c3O <\/strong><\/pre>\n<pre><strong>CONCERTADA por grupos de interesses economicos sobre os recursos hidricos do estado <\/strong><\/pre>\n<pre><strong>do MT no sentido de promover o enfraquecimento da capacidade econoimica e <\/strong><\/pre>\n<pre><strong>da IDENTIDADE SOCIAL E <\/strong><strong>POLITICA DOS RIBEIRINHOS E das POPULA\u00c7\u00d5ES QUE VIVEM DA <\/strong><\/pre>\n<pre><strong>ATIVIDADE ECONOMICA DA PESCA <\/strong><strong>PARA e PRIORIZAR e justificar OUTROS USOS DAS \u00c1GUA <\/strong><\/pre>\n<pre><strong>PARA BENEFICIAR MINORIAS LIGADAS <\/strong><strong>AO CAPITAL FINANEIRO E AO CONTROLE POLITICO <\/strong><\/pre>\n<pre><strong>DO ESTADO.<\/strong><\/pre>\n<pre><strong>Com base nos argumentos apresentados NO EVENTO \u00e9 poss\u00edvel afirmar que est\u00e1 em curso <\/strong><\/pre>\n<pre><strong>um movimento de exclus\u00e3o da sociedade civil na tomada de decis\u00f5es relacionadas \u00e0 <\/strong><\/pre>\n<pre><strong>pesca. <\/strong><\/pre>\n<p>&nbsp;<\/p>\n<pre><strong>.<\/strong><\/pre>\n<p>Confira mat\u00e9ria da Tv Assembl\u00e9ia MT<a href=\"https:\/\/www.youtube.com\/watch?v=encL26pqLxA&amp;t=10s\"> aqui<\/a>.<\/p>\n<p><a title=\"GFV\" href=\"https:\/\/drive.google.com\/file\/d\/1bleM6DznT7op4JKTrTOYtqoghqJKbSwC\/view?usp=sharing\" target=\"_blank\">VEJA CONVITE<\/a><\/p>\n","protected":false},"excerpt":{"rendered":"<p>FONASC-CBH MT PARTICIPA DE AUDI\u00caNCIA P\u00daBLICA SOBRE LEI QUE PRO\u00cdBE A EXTRA\u00c7\u00c3O DE RECURSOS PESQUEIROS NA REGI\u00c3O DO MANSO Texto:&#8230;<\/p>\n","protected":false},"author":3,"featured_media":0,"comment_status":"closed","ping_status":"open","sticky":false,"template":"","format":"standard","meta":{"footnotes":""},"categories":[1,40,8],"tags":[],"_links":{"self":[{"href":"https:\/\/fonasc-cbh.org.br\/index.php?rest_route=\/wp\/v2\/posts\/24336"}],"collection":[{"href":"https:\/\/fonasc-cbh.org.br\/index.php?rest_route=\/wp\/v2\/posts"}],"about":[{"href":"https:\/\/fonasc-cbh.org.br\/index.php?rest_route=\/wp\/v2\/types\/post"}],"author":[{"embeddable":true,"href":"https:\/\/fonasc-cbh.org.br\/index.php?rest_route=\/wp\/v2\/users\/3"}],"replies":[{"embeddable":true,"href":"https:\/\/fonasc-cbh.org.br\/index.php?rest_route=%2Fwp%2Fv2%2Fcomments&post=24336"}],"version-history":[{"count":9,"href":"https:\/\/fonasc-cbh.org.br\/index.php?rest_route=\/wp\/v2\/posts\/24336\/revisions"}],"predecessor-version":[{"id":24342,"href":"https:\/\/fonasc-cbh.org.br\/index.php?rest_route=\/wp\/v2\/posts\/24336\/revisions\/24342"}],"wp:attachment":[{"href":"https:\/\/fonasc-cbh.org.br\/index.php?rest_route=%2Fwp%2Fv2%2Fmedia&parent=24336"}],"wp:term":[{"taxonomy":"category","embeddable":true,"href":"https:\/\/fonasc-cbh.org.br\/index.php?rest_route=%2Fwp%2Fv2%2Fcategories&post=24336"},{"taxonomy":"post_tag","embeddable":true,"href":"https:\/\/fonasc-cbh.org.br\/index.php?rest_route=%2Fwp%2Fv2%2Ftags&post=24336"}],"curies":[{"name":"wp","href":"https:\/\/api.w.org\/{rel}","templated":true}]}}