{"id":24212,"date":"2021-06-29T20:29:20","date_gmt":"2021-06-29T20:29:20","guid":{"rendered":"http:\/\/fonasc-cbh.org.br\/?p=24212"},"modified":"2021-06-29T20:29:20","modified_gmt":"2021-06-29T20:29:20","slug":"fonasc-cbh-mt-participa-de-audiencia-publica-sobre-impacto-das-pchs-no-rio-cuiaba","status":"publish","type":"post","link":"https:\/\/fonasc-cbh.org.br\/?p=24212","title":{"rendered":"FONASC-CBH MT PARTICIPA DE AUDI\u00caNCIA P\u00daBLICA SOBRE IMPACTO DAS PCHs NO RIO CUIAB\u00c1"},"content":{"rendered":"<p><strong>FONASC-CBH MT PARTICIPA DE AUDI\u00caNCIA P\u00daBLICA SOBRE IMPACTO DAS PCHs NO RIO CUIAB\u00c1<\/strong><\/p>\n<p>Texto: ASCOM FONASC<\/p>\n<p>Data: 29\/06\/2021<\/p>\n<p>Foi realizada na tarde da \u00faltima segunda-feira (28) uma audi\u00eancia p\u00fablica para debater os impactos das Pequenas Centrais Hidrel\u00e9tricas (PCHs) no Rio Cuiab\u00e1. Empresas junto a SEMA-MT t\u00eam requerido as lincen\u00e7as ambientais para a constru\u00e7\u00e3o de de PCHs de at\u00e9 30 MegaWhats no Rio Cuiab\u00e1 no munic\u00edpio de Ros\u00e1rio Oeste passando por Acorizal at\u00e9 a Capital. A sess\u00e3o foi requerida e presidida pelo deputado L\u00fadio Cabral (PT) com a participa\u00e7\u00e3o do deputado Wilson Santos (PSDB), coautor do requerimento da audi\u00eancia p\u00fablica.<\/p>\n<p>Durante a audi\u00eancia diversas entidades entre empreendedores, movimentos sociais, ONGs, professores, pesquisadores e representantes da sociedade civil foram ouvidos e defenderam seus pontos com an\u00e1lises e estudos. Dentre essas entidades, O FONASC-CBH, que solicitou a realiza\u00e7\u00e3o desta audi\u00eancia junto ao Deputado L\u00fadio, se fez presente representado por Luciana Ferraz e D\u00e9bora Calheiros.<\/p>\n<p>Em sua fala Luciana Ferraz criticou a instala\u00e7\u00e3o desses empreendimentos que causariam danos as comunidades pesqueiras que dependem dessa atividade para sobreviv\u00eancia. \u201cA instala\u00e7\u00e3o desses empreendimentos evidenciam que vai ter uma problem\u00e1tica da aus\u00eancia de pol\u00edticas p\u00fablicas, cr\u00e9ditos, est\u00edmulos a pesca artesanal, o empobrecimento dos pescadores nos \u00faltimos 20 anos, a pandemia e n\u00e3o temos um termo de refer\u00eancia para a pesca artesanal difusa e de subsist\u00eancia. Esses empreendimentos afetam os servi\u00e7os de produ\u00e7\u00e3o, regula\u00e7\u00e3o e suporte cultural que subsidiam a bacia do Rio Cuiab\u00e1 que dependem dos recursos desse rio.\u201d, explanou.<\/p>\n<p>J\u00e1 D\u00e9bora Calheiros mostrou preocupa\u00e7\u00e3o com os impactos ambientais e sociais de tais empreendimentos e solicitou que os empreendedores mostrassem algum estudo cient\u00edfico que comprovasse algum benef\u00edcio dessas instala\u00e7\u00f5es no Rio Cuiab\u00e1. \u201c\u00c9 temer\u00e1ria a interfer\u00eancia dessa magnitude num rio de import\u00e2ncia para a produ\u00e7\u00e3o pesqueira, onde h\u00e1 a maior desova de peixes e produ\u00e7\u00e3o pesqueira. Como colocou a Luciana Ferraz, tamb\u00e9m entra a quest\u00e3o social de dezenas de comunidades que dependem da produ\u00e7\u00e3o pesqueira. Solicitei que os empreendedores nos mostrem artigos cient\u00edficos que comprovem que n\u00e3o h\u00e1 impactos sociais e ecol\u00f3gicos nesse tipo de engenharia.\u201d, argumentou.<\/p>\n<p>Veja a audi\u00eancia p\u00fablica na \u00edntegra <a href=\"https:\/\/www.facebook.com\/LudioMT\/videos\/214523197202152\">aqui<\/a>.<\/p>\n<p>&nbsp;<\/p>\n","protected":false},"excerpt":{"rendered":"<p>FONASC-CBH MT PARTICIPA DE AUDI\u00caNCIA P\u00daBLICA SOBRE IMPACTO DAS PCHs NO RIO CUIAB\u00c1 Texto: ASCOM FONASC Data: 29\/06\/2021 Foi realizada&#8230;<\/p>\n","protected":false},"author":3,"featured_media":0,"comment_status":"closed","ping_status":"open","sticky":false,"template":"","format":"standard","meta":{"footnotes":""},"categories":[1,40,8],"tags":[],"_links":{"self":[{"href":"https:\/\/fonasc-cbh.org.br\/index.php?rest_route=\/wp\/v2\/posts\/24212"}],"collection":[{"href":"https:\/\/fonasc-cbh.org.br\/index.php?rest_route=\/wp\/v2\/posts"}],"about":[{"href":"https:\/\/fonasc-cbh.org.br\/index.php?rest_route=\/wp\/v2\/types\/post"}],"author":[{"embeddable":true,"href":"https:\/\/fonasc-cbh.org.br\/index.php?rest_route=\/wp\/v2\/users\/3"}],"replies":[{"embeddable":true,"href":"https:\/\/fonasc-cbh.org.br\/index.php?rest_route=%2Fwp%2Fv2%2Fcomments&post=24212"}],"version-history":[{"count":1,"href":"https:\/\/fonasc-cbh.org.br\/index.php?rest_route=\/wp\/v2\/posts\/24212\/revisions"}],"predecessor-version":[{"id":24213,"href":"https:\/\/fonasc-cbh.org.br\/index.php?rest_route=\/wp\/v2\/posts\/24212\/revisions\/24213"}],"wp:attachment":[{"href":"https:\/\/fonasc-cbh.org.br\/index.php?rest_route=%2Fwp%2Fv2%2Fmedia&parent=24212"}],"wp:term":[{"taxonomy":"category","embeddable":true,"href":"https:\/\/fonasc-cbh.org.br\/index.php?rest_route=%2Fwp%2Fv2%2Fcategories&post=24212"},{"taxonomy":"post_tag","embeddable":true,"href":"https:\/\/fonasc-cbh.org.br\/index.php?rest_route=%2Fwp%2Fv2%2Ftags&post=24212"}],"curies":[{"name":"wp","href":"https:\/\/api.w.org\/{rel}","templated":true}]}}