{"id":24207,"date":"2021-06-26T17:00:11","date_gmt":"2021-06-26T17:00:11","guid":{"rendered":"http:\/\/fonasc-cbh.org.br\/?p=24207"},"modified":"2024-08-23T21:00:47","modified_gmt":"2024-08-23T21:00:47","slug":"fonasc-participa-e-apoia-oficina-da-coalizao-dos-rios","status":"publish","type":"post","link":"https:\/\/fonasc-cbh.org.br\/?p=24207","title":{"rendered":"FONASC PARTICIPA E APOIA OFICINA DA COALIZ\u00c3O DOS RIOS  para pensar e criar pr\u00e1ticas POLITICAS de prote\u00e7\u00e3o e uso sustent\u00e1vel de rios brasileiros."},"content":{"rendered":"<p dir=\"ltr\">S \u00e9sNo dia 1 de julho, a Coaliz\u00e3o para a Prote\u00e7\u00e3o Permanente dos Rios convida a todas e todos para uma oficina para pensar e criar pr\u00e1ticas de prote\u00e7\u00e3o e uso sustent\u00e1vel de rios brasileiros.<\/p>\n<p>&nbsp;<\/p>\n<p>&nbsp;<\/p>\n<p dir=\"ltr\">A Coaliz\u00e3o para a Prote\u00e7\u00e3o Permanente dos Rios, formada por movimentos sociais e entidades socioambientais do Brasil, convida voc\u00ea para se inscrever na oficina Panorama dos Rios Brasileiros \u2013 Constru\u00e7\u00e3o de Propostas para a Prote\u00e7\u00e3o de Rios. A oficina acontecer\u00e1 no dia 1 de julho, das 16h at\u00e9 \u00e0s 19h (Hor\u00e1rio de Bras\u00edlia &#8211; BRT), com a proposta de pensar e criar coletivamente boas pr\u00e1ticas de prote\u00e7\u00e3o de rios no pa\u00eds.<\/p>\n<p>&nbsp;<\/p>\n<p dir=\"ltr\">Link da inscri\u00e7\u00e3o da oficina: <a href=\"https:\/\/intlrv.rs\/3vV10Zk\" rel=\"nofollow noopener noreferrer\" target=\"_blank\">https:\/\/intlrv.rs\/3vV10Zk<\/a><\/p>\n<p>&nbsp;<\/p>\n<p dir=\"ltr\">Durante as tr\u00eas horas de oficina, um time de especialistas em legisla\u00e7\u00e3o ambiental, uso sustent\u00e1vel de recursos h\u00eddricos e defesa da \u00e1gua como bem comum apoiar\u00e1 grupos de trabalhos formados por inscritos(as) na oficina. S\u00e3o estes mesmos grupos, diversos em territ\u00f3rios e em experi\u00eancias, que v\u00e3o criar coletivamente ideias de como proteger os rios de suas localidades.<\/p>\n<p><span style=\"font-family: Arial;\"><br \/>\n<\/span><\/p>\n<p dir=\"ltr\"><span style=\"font-family: Arial;\">A participa\u00e7\u00e3o social na prote\u00e7\u00e3o dos rios \u00e9 vital, como confirma Ant\u00f4nia Melo, do Movimento Xingu Vivo para Sempre, organiza\u00e7\u00e3o social que apoia a luta de comunidades do rio Xingu em Altamira (PA): \u201c\u00c9 importante a pr\u00e1tica de participa\u00e7\u00e3o popular das comunidades tradicionais, ribeirinhas, ind\u00edgenas, as comunidades da cidade, que t\u00eam suas cidades banhadas por rios. Quando as pessoas come\u00e7am a ter cuidado com os rios, elas come\u00e7am a se identificar, como se elas mesmas fossem rios, como se elas fossem os c\u00f3rregos e igarap\u00e9s.\u201d<\/span><\/p>\n<p>&nbsp;<\/p>\n<p dir=\"ltr\">A oficina Panorama dos Rios Brasileiros \u2013 Constru\u00e7\u00e3o de Propostas para a Prote\u00e7\u00e3o de Rios \u00e9 parte das a\u00e7\u00f5es realizadas pela Coaliz\u00e3o ao longo deste ano. A oficina foi constru\u00edda com base nas respostas dadas por organiza\u00e7\u00f5es e movimentos sociais de todo o Brasil, que responderam a um question\u00e1rio sobre vulnerabilidades e potenciais dos rios de seus territ\u00f3rios. O webin\u00e1rio Prote\u00e7\u00e3o dos Rios e da Vida no Brasil &#8211; Amea\u00e7as, Desafios e Oportunidades, que aconteceu no dia 17 de junho, tamb\u00e9m ajudou a formular as pr\u00e1ticas que acontecer\u00e3o na oficina.<\/p>\n<p>&nbsp;<\/p>\n<p dir=\"ltr\">Se voc\u00ea perdeu o evento, voc\u00ea pode assistir o webinar na \u00edntegra no Facebook da International Rivers: <a href=\"https:\/\/intlrv.rs\/3gB5qQy\" rel=\"nofollow noopener noreferrer\" target=\"_blank\">https:\/\/intlrv.rs\/3gB5qQy<\/a><\/p>\n<p>&nbsp;<\/p>\n<p dir=\"ltr\">Programa\u00e7\u00e3o<\/p>\n<p dir=\"ltr\">16h &#8211; Boas-vindas e ritual de abertura.<\/p>\n<p dir=\"ltr\">16h20 &#8211; Apresenta\u00e7\u00e3o do funcionamento da oficina.<\/p>\n<p dir=\"ltr\">16h30 &#8211; Come\u00e7am os debates em grupo sobre o panorama de rios dos respectivos territ\u00f3rios.<\/p>\n<p dir=\"ltr\">17h15 &#8211; Plen\u00e1ria sobre pontos levantados pelos grupos.<\/p>\n<p dir=\"ltr\">17h45 &#8211; Grupos voltam a se reunir para criar propostas para prote\u00e7\u00e3o de rios.<\/p>\n<p dir=\"ltr\">18h45 &#8211; Plen\u00e1ria com destaques das propostas e encerramento.<\/p>\n<p>&nbsp;<\/p>\n<p dir=\"ltr\">Servi\u00e7o<\/p>\n<p dir=\"ltr\">Oficina Panorama dos Rios Brasileiros \u2013 Constru\u00e7\u00e3o de Propostas para a Prote\u00e7\u00e3o de Rios<\/p>\n<p dir=\"ltr\">Data: 1 de julho<\/p>\n<p dir=\"ltr\">Hor\u00e1rio: 16h \u00e0s 19h (Hor\u00e1rio de Bras\u00edlia &#8211; BRT)<\/p>\n<p dir=\"ltr\">Link para inscri\u00e7\u00e3o: <a href=\"https:\/\/intlrv.rs\/3vV10Zk\" rel=\"nofollow noopener noreferrer\" target=\"_blank\">https:\/\/intlrv.rs\/3vV10Zk<\/a><\/p>\n<p dir=\"ltr\">Plataforma: Zoom (link ser\u00e1 fornecido no email de confirma\u00e7\u00e3o ap\u00f3s a inscri\u00e7\u00e3o na oficina)<\/p>\n<p dir=\"ltr\">Contato: Fl\u00e1vio Montiel (<a href=\"mailto:fmotiel@internationalrivers.org\" rel=\"nofollow noopener noreferrer\" target=\"_blank\">fmotiel@internationalrivers.org<\/a> \/ + 55 61 8313-4549) \/\u00a0 Cec\u00edlia Garcia (<a href=\"mailto:cgarcia@internationalrivers.org\" rel=\"nofollow noopener noreferrer\" target=\"_blank\">cgarcia@internationalrivers.org<\/a> \/ +55 11 972906686)<\/p>\n<p dir=\"ltr\"><img loading=\"lazy\" decoding=\"async\" id=\"ymail_ctr_id_-409945-1\" src=\"https:\/\/apis.mail.yahoo.com\/ws\/v3\/mailboxes\/@.id==VjN-ouX4RtHTQ20T534gl5xc1KD3BLIyhJLpaNcgPW0EXDYXKZbXFSpXLNnqnKtIbKqJQYkDKbN_WBUNHP03pO7Brw\/messages\/@.id==AJ_aJlsmnEV_YNZrVQ7JKKCzbh8\/content\/parts\/@.id==2.2\/thumbnail?appid=YahooMailAndroidMobile&amp;downloadWhenThumbnailFails=true&amp;pid=2.2\" alt=\"\" width=\"549\" height=\"549\" \/><\/p>\n","protected":false},"excerpt":{"rendered":"<p>S \u00e9sNo dia 1 de julho, a Coaliz\u00e3o para a Prote\u00e7\u00e3o Permanente dos Rios convida a todas e todos para&#8230;<\/p>\n","protected":false},"author":3,"featured_media":0,"comment_status":"closed","ping_status":"closed","sticky":false,"template":"","format":"standard","meta":{"footnotes":""},"categories":[44,50,1,39,8,49],"tags":[],"_links":{"self":[{"href":"https:\/\/fonasc-cbh.org.br\/index.php?rest_route=\/wp\/v2\/posts\/24207"}],"collection":[{"href":"https:\/\/fonasc-cbh.org.br\/index.php?rest_route=\/wp\/v2\/posts"}],"about":[{"href":"https:\/\/fonasc-cbh.org.br\/index.php?rest_route=\/wp\/v2\/types\/post"}],"author":[{"embeddable":true,"href":"https:\/\/fonasc-cbh.org.br\/index.php?rest_route=\/wp\/v2\/users\/3"}],"replies":[{"embeddable":true,"href":"https:\/\/fonasc-cbh.org.br\/index.php?rest_route=%2Fwp%2Fv2%2Fcomments&post=24207"}],"version-history":[{"count":5,"href":"https:\/\/fonasc-cbh.org.br\/index.php?rest_route=\/wp\/v2\/posts\/24207\/revisions"}],"predecessor-version":[{"id":27616,"href":"https:\/\/fonasc-cbh.org.br\/index.php?rest_route=\/wp\/v2\/posts\/24207\/revisions\/27616"}],"wp:attachment":[{"href":"https:\/\/fonasc-cbh.org.br\/index.php?rest_route=%2Fwp%2Fv2%2Fmedia&parent=24207"}],"wp:term":[{"taxonomy":"category","embeddable":true,"href":"https:\/\/fonasc-cbh.org.br\/index.php?rest_route=%2Fwp%2Fv2%2Fcategories&post=24207"},{"taxonomy":"post_tag","embeddable":true,"href":"https:\/\/fonasc-cbh.org.br\/index.php?rest_route=%2Fwp%2Fv2%2Ftags&post=24207"}],"curies":[{"name":"wp","href":"https:\/\/api.w.org\/{rel}","templated":true}]}}