{"id":22513,"date":"2020-06-23T21:00:59","date_gmt":"2020-06-23T21:00:59","guid":{"rendered":"http:\/\/fonasc-cbh.org.br\/?p=22513"},"modified":"2020-09-16T18:02:18","modified_gmt":"2020-09-16T18:02:18","slug":"fonasc-cbh-integra-comite-criativo-do-festival-carta-da-terra-20-anos-%e2%80%9cct-20%e2%80%9d","status":"publish","type":"post","link":"https:\/\/fonasc-cbh.org.br\/?p=22513","title":{"rendered":"FONASC.CBH INTEGRA COMIT\u00ca CRIATIVO DO FESTIVAL CARTA DA TERRA 20 ANOS &#8211; \u201cCT +20\u201d"},"content":{"rendered":"<p><a href=\"https:\/\/fonasc-cbh.org.br\/wp-content\/uploads\/WhatsApp-Image-2020-06-22-at-17.42.28.jpeg\"><img loading=\"lazy\" decoding=\"async\" class=\"aligncenter size-medium wp-image-22514\" title=\"Teia Criativa Carta da Terra\" src=\"https:\/\/fonasc-cbh.org.br\/wp-content\/uploads\/WhatsApp-Image-2020-06-22-at-17.42.28-300x300.jpg\" alt=\"\" width=\"300\" height=\"300\" srcset=\"https:\/\/fonasc-cbh.org.br\/wp-content\/uploads\/WhatsApp-Image-2020-06-22-at-17.42.28-300x300.jpg 300w, https:\/\/fonasc-cbh.org.br\/wp-content\/uploads\/WhatsApp-Image-2020-06-22-at-17.42.28-150x150.jpg 150w, https:\/\/fonasc-cbh.org.br\/wp-content\/uploads\/WhatsApp-Image-2020-06-22-at-17.42.28-1024x1024.jpg 1024w, https:\/\/fonasc-cbh.org.br\/wp-content\/uploads\/WhatsApp-Image-2020-06-22-at-17.42.28.jpeg 1280w\" sizes=\"(max-width: 300px) 100vw, 300px\" \/><\/a><\/p>\n<p>A Carta da Terra \u00e9 considerada um documento que inspira, filos\u00f3fica e espiritualmente, a sustentabilidade planet\u00e1ria, os objetivos do Desenvolvimento Sustent\u00e1vel e a Agenda 2030.<\/p>\n<p>E neste momento de crise \u00e9tica, moral e ambiental que passamos em todo o planeta, \u00e9 fundamental unir as pessoas para mudan\u00e7a de paradigma.<\/p>\n<p>O Comit\u00ea Criativo do Festival CT +20 \u00e9 um programa de contribui\u00e7\u00f5es e constru\u00e7\u00e3o coletiva, que foi idealizado atrav\u00e9s de reuni\u00f5es, forma\u00e7\u00f5es, oficinas e atividades de mobiliza\u00e7\u00e3o promovido por diversas institui\u00e7\u00f5es parceiras, movimentos sociais e sociedade civil. Um espa\u00e7o de inclus\u00e3o e pertencimento para todas e todos que de alguma forma colaboram para a concep\u00e7\u00e3o, elabora\u00e7\u00e3o, idealiza\u00e7\u00e3o e execu\u00e7\u00e3o do <strong>Festival Carta da Terra 20 anos CT+20<\/strong>, que ser\u00e1 realizado no dia<strong> <\/strong>29 de junho, \u00e0s 19h e sua transmiss\u00e3o ser\u00e1 nas plataformas online e redes sociais.<\/p>\n<p>O Fonasc.CBH integra o Comit\u00ea Criativo como a \u00fanica entidade que tem como foco a gest\u00e3o participativa das \u00e1guas, para estimular a sociedade civil a vencer as limita\u00e7\u00f5es para participar da gest\u00e3o cidad\u00e3 das bacias hidrogr\u00e1ficas. Apesar da exist\u00eancia de legisla\u00e7\u00e3o espec\u00edfica para tal procedimento, o acesso a informa\u00e7\u00f5es ou aos instrumentos de a\u00e7\u00e3o que gerem as decis\u00f5es do setor ainda \u00e9 privil\u00e9gio de poucos, e um grande desafio \u00e0 sociedade civil. A miss\u00e3o dos membros desta entidade \u00e9 garantir a gest\u00e3o integrada das \u00e1guas, tal como prev\u00ea a legisla\u00e7\u00e3o correspondente.<\/p>\n<p>Para o Fonasc.CBH, a \u00e1gua, bem natural a qual todos t\u00eam direito, pode ser acessada conforme os princ\u00edpios do desenvolvimento sustent\u00e1vel, para a garantia da qualidade das gera\u00e7\u00f5es futuras e a vida e fundamentalmente preservando seu valor social.<\/p>\n<p>O evento contar\u00e1 com a participa\u00e7\u00e3o da ex-Ministra do Meio Ambiente, historiadora, professora, psicopedagoga e ambientalista. Refer\u00eancia mundial na luta pela sustentabilidade, Marina Silva; do ator, ativista socioambiental e empres\u00e1rio\/produtor agroecol\u00f3gico, Marcos Palmeira; da diretora-executiva da Secretaria da Carta da Terra, Mirian Vilela entre outros convidados.<\/p>\n<p>O Festival Carta da Terra 20 anos &#8211; \u201cCT +20\u201d \u00e9 um movimento internacional para celebrar o anivers\u00e1rio de 20 anos desse importante documento e sua aplica\u00e7\u00e3o por institui\u00e7\u00f5es e cidad\u00e3os no mundo todo.<\/p>\n<p>Seu principal evento vem em formato de um festival virtual com diversas personalidades debatendo a Carta da Terra, ODS`s e o novo comum no mundo p\u00f3s COVID19, m\u00fasica e outras apresenta\u00e7\u00f5es culturais.<\/p>\n<p>Dando in\u00edcio \u00e0 uma s\u00e9rie de debates virtuais, que ocorrer\u00e3o at\u00e9 o final do ano de 2020, lan\u00e7amento de dois livros reeditados da Carta da Terra e um curso EAD para forma\u00e7\u00e3o de educadores sobre o tema e mudan\u00e7as clim\u00e1ticas.<\/p>\n","protected":false},"excerpt":{"rendered":"<p>A Carta da Terra \u00e9 considerada um documento que inspira, filos\u00f3fica e espiritualmente, a sustentabilidade planet\u00e1ria, os objetivos do Desenvolvimento&#8230;<\/p>\n","protected":false},"author":3,"featured_media":0,"comment_status":"closed","ping_status":"open","sticky":false,"template":"","format":"standard","meta":{"footnotes":""},"categories":[43,8],"tags":[],"_links":{"self":[{"href":"https:\/\/fonasc-cbh.org.br\/index.php?rest_route=\/wp\/v2\/posts\/22513"}],"collection":[{"href":"https:\/\/fonasc-cbh.org.br\/index.php?rest_route=\/wp\/v2\/posts"}],"about":[{"href":"https:\/\/fonasc-cbh.org.br\/index.php?rest_route=\/wp\/v2\/types\/post"}],"author":[{"embeddable":true,"href":"https:\/\/fonasc-cbh.org.br\/index.php?rest_route=\/wp\/v2\/users\/3"}],"replies":[{"embeddable":true,"href":"https:\/\/fonasc-cbh.org.br\/index.php?rest_route=%2Fwp%2Fv2%2Fcomments&post=22513"}],"version-history":[{"count":6,"href":"https:\/\/fonasc-cbh.org.br\/index.php?rest_route=\/wp\/v2\/posts\/22513\/revisions"}],"predecessor-version":[{"id":22956,"href":"https:\/\/fonasc-cbh.org.br\/index.php?rest_route=\/wp\/v2\/posts\/22513\/revisions\/22956"}],"wp:attachment":[{"href":"https:\/\/fonasc-cbh.org.br\/index.php?rest_route=%2Fwp%2Fv2%2Fmedia&parent=22513"}],"wp:term":[{"taxonomy":"category","embeddable":true,"href":"https:\/\/fonasc-cbh.org.br\/index.php?rest_route=%2Fwp%2Fv2%2Fcategories&post=22513"},{"taxonomy":"post_tag","embeddable":true,"href":"https:\/\/fonasc-cbh.org.br\/index.php?rest_route=%2Fwp%2Fv2%2Ftags&post=22513"}],"curies":[{"name":"wp","href":"https:\/\/api.w.org\/{rel}","templated":true}]}}