{"id":22499,"date":"2020-06-19T21:15:56","date_gmt":"2020-06-19T21:15:56","guid":{"rendered":"http:\/\/fonasc-cbh.org.br\/?p=22499"},"modified":"2020-09-16T18:01:52","modified_gmt":"2020-09-16T18:01:52","slug":"fonasc-cbh-df-integra-%e2%80%9cprojeto-enfrentando-o-covid-19-e-suas-relacoes-socioambientais%e2%80%9d-junto-a-movimentos-sociais-e-unb-para-o-direito-a-agua-nas-aris","status":"publish","type":"post","link":"https:\/\/fonasc-cbh.org.br\/?p=22499","title":{"rendered":"FONASC.CBH &#8211; DF INTEGRA \u201cPROJETO: ENFRENTANDO O COVID- 19 E SUAS RELA\u00c7\u00d5ES SOCIOAMBIENTAIS\u201d JUNTO \u00c0 MOVIMENTOS SOCIAIS E UNB PARA O DIREITO A \u00c1GUA NAS ARIS"},"content":{"rendered":"<p><a href=\"https:\/\/fonasc-cbh.org.br\/wp-content\/uploads\/WhatsApp-Image-2020-06-19-at-15.22.57.jpeg\"><img loading=\"lazy\" decoding=\"async\" class=\"aligncenter size-medium wp-image-22500\" title=\"Projeto enfrentando o Covid\" src=\"https:\/\/fonasc-cbh.org.br\/wp-content\/uploads\/WhatsApp-Image-2020-06-19-at-15.22.57-300x300.jpg\" alt=\"\" width=\"300\" height=\"300\" srcset=\"https:\/\/fonasc-cbh.org.br\/wp-content\/uploads\/WhatsApp-Image-2020-06-19-at-15.22.57-300x300.jpg 300w, https:\/\/fonasc-cbh.org.br\/wp-content\/uploads\/WhatsApp-Image-2020-06-19-at-15.22.57-150x150.jpg 150w, https:\/\/fonasc-cbh.org.br\/wp-content\/uploads\/WhatsApp-Image-2020-06-19-at-15.22.57-1024x1024.jpg 1024w, https:\/\/fonasc-cbh.org.br\/wp-content\/uploads\/WhatsApp-Image-2020-06-19-at-15.22.57.jpeg 1080w\" sizes=\"(max-width: 300px) 100vw, 300px\" \/><\/a><\/p>\n<p>O projeto<strong> <\/strong>\u201cEnfrentando o COVID- 19 e suas rela\u00e7\u00f5es socioambientais; empoderamento de redes locais para acesso a \u00e1gua como direito nas \u00e1reas relevante interesse social (aris) no Distrito Federa, foi idealizado a dist\u00e2ncia por conta da pandemia do Corona V\u00edrus e do isolamento social entre v\u00e1rios atores sociais.<\/p>\n<p>O <strong>Fonasc.CBH <\/strong>vem trabalhando semanalmente junto aos movimentos sociais e a UnB para o Direito a \u00c1gua nas ARIS no Distrito Federal. Os encontros t\u00eam sido virtuais, duas vezes na semana, e eles t\u00eam servido para definir alinhamentos que v\u00e3o nortear o projeto, bem como a defini\u00e7\u00e3o de Comiss\u00f5es de apresenta\u00e7\u00f5es para compor o projeto a partir da teoria e da pr\u00e1tica.<\/p>\n<p>Dentre as atividades desenvolvidas foi definida a Comiss\u00e3o de Pesquisa sobre: A\u00e7\u00e3o Socioambiental; Direito achado nas Ruas; Geografia Cr\u00edtica e a Comiss\u00e3o de Sa\u00fade, da qual a <strong>representante do Fonasc.CBH, a bi\u00f3loga Cristiandrea Ciciliato<strong> <\/strong><\/strong>trabalhou a quest\u00e3o da \u00c1gua x Sa\u00fade, juntamente\u00a0 com uma equipe de professores da UnB, integrante do programa Sa\u00fade Coletiva. O projeto ainda conta com as Comiss\u00f5es de Educa\u00e7\u00e3o Popular, Servi\u00e7o Social e a Comiss\u00e3o do Trabalho.<\/p>\n<p>O <strong>Fonasc.CBH<\/strong> tamb\u00e9m atuou na Comiss\u00e3o da Comunica\u00e7\u00e3o onde apresentou o <a href=\"https:\/\/www.youtube.com\/watch?v=9xm8jcOorok&amp;feature=youtu.be\"><strong>podcast \u201cMovimento das \u00c1guas\u201d<\/strong><\/a> para a Campanha \u201cLiga das \u00c1guas\u201d que teve a contribui\u00e7\u00e3o do professor m\u00e9dico, G\u00f3is, que resultou na produ\u00e7\u00e3o de um <strong><a href=\"https:\/\/sites.google.com\/site\/movimentodasaguasdf\/home\">site.<\/a><\/strong><\/p>\n<p>No dia 25 de maio de 2020, foi realizada a primeira Live do projeto para apresenta\u00e7\u00e3o de dois documentos: um abaixo assinado, documento que foi encaminhado para aos poderes Legislativo, Executivo e Judici\u00e1rio, em rela\u00e7\u00e3o ao direto a \u00e1gua nas ARIS.<\/p>\n<p>O Fonasc.CBH encaminhou os documentos ao Comit\u00ea de Bacia Parana\u00edba &#8211; DF, para que a proposta seja inserida como instrumento dentro do plano de bacia do Parna\u00edba \u2013 DF, e pediu apoio do Comit\u00ea ao trabalho de combate ao COVID 19.<\/p>\n<p><a href=\"https:\/\/fonasc-cbh.org.br\/wp-content\/uploads\/Proposta-ao-Comite-Paranaiba-DF.-2.pdf\">Proposta ao Comite Paranaiba DF. (2)<\/a><\/p>\n<p>&nbsp;<\/p>\n<p>&nbsp;<\/p>\n<p>&nbsp;<\/p>\n<p>&nbsp;<\/p>\n","protected":false},"excerpt":{"rendered":"<p>O projeto \u201cEnfrentando o COVID- 19 e suas rela\u00e7\u00f5es socioambientais; empoderamento de redes locais para acesso a \u00e1gua como direito&#8230;<\/p>\n","protected":false},"author":3,"featured_media":0,"comment_status":"closed","ping_status":"open","sticky":false,"template":"","format":"standard","meta":{"footnotes":""},"categories":[43,8],"tags":[],"_links":{"self":[{"href":"https:\/\/fonasc-cbh.org.br\/index.php?rest_route=\/wp\/v2\/posts\/22499"}],"collection":[{"href":"https:\/\/fonasc-cbh.org.br\/index.php?rest_route=\/wp\/v2\/posts"}],"about":[{"href":"https:\/\/fonasc-cbh.org.br\/index.php?rest_route=\/wp\/v2\/types\/post"}],"author":[{"embeddable":true,"href":"https:\/\/fonasc-cbh.org.br\/index.php?rest_route=\/wp\/v2\/users\/3"}],"replies":[{"embeddable":true,"href":"https:\/\/fonasc-cbh.org.br\/index.php?rest_route=%2Fwp%2Fv2%2Fcomments&post=22499"}],"version-history":[{"count":8,"href":"https:\/\/fonasc-cbh.org.br\/index.php?rest_route=\/wp\/v2\/posts\/22499\/revisions"}],"predecessor-version":[{"id":22955,"href":"https:\/\/fonasc-cbh.org.br\/index.php?rest_route=\/wp\/v2\/posts\/22499\/revisions\/22955"}],"wp:attachment":[{"href":"https:\/\/fonasc-cbh.org.br\/index.php?rest_route=%2Fwp%2Fv2%2Fmedia&parent=22499"}],"wp:term":[{"taxonomy":"category","embeddable":true,"href":"https:\/\/fonasc-cbh.org.br\/index.php?rest_route=%2Fwp%2Fv2%2Fcategories&post=22499"},{"taxonomy":"post_tag","embeddable":true,"href":"https:\/\/fonasc-cbh.org.br\/index.php?rest_route=%2Fwp%2Fv2%2Ftags&post=22499"}],"curies":[{"name":"wp","href":"https:\/\/api.w.org\/{rel}","templated":true}]}}