{"id":22496,"date":"2020-06-11T17:23:58","date_gmt":"2020-06-11T17:23:58","guid":{"rendered":"http:\/\/fonasc-cbh.org.br\/?p=22496"},"modified":"2020-07-14T18:39:37","modified_gmt":"2020-07-14T18:39:37","slug":"fonasc-mg-%e2%80%93-justica-interdita-atividades-da-vale-em-complexo-de-3-minas-da-vale-em-itabira","status":"publish","type":"post","link":"https:\/\/fonasc-cbh.org.br\/?p=22496","title":{"rendered":"FONASC.CBH &#8211; MG \u2013 JUSTI\u00c7A INTERDITA ATIVIDADES DA VALE EM COMPLEXO DE 3 MINAS DA VALE EM ITABIRA"},"content":{"rendered":"<p>Atendendo uma determina\u00e7\u00e3o do TRT-3 (Tribunal Regional do Trabalho da 3\u00aa regi\u00e3o), acatando pedido do Minist\u00e9rio P\u00fablico do Trabalho, o complexo de minas da Vale em Itabira (MG), composto pelas minas de Concei\u00e7\u00e3o, Cau\u00ea e Periquito, foi interditado, tendo as suas atividades completamente suspensas. Em Itabira, cidade em que a mineradora nasceu e na qual ainda mant\u00e9m um fluxo intenso de atividades de minera\u00e7\u00e3o, j\u00e1 s\u00e3o mais de 500 casos confirmados de COVID-19, e outros centenas ou milhares de quadros assintom\u00e1ticos.<\/p>\n<p>Desde o in\u00edcio da pandemia do novo coronav\u00edrus, a popula\u00e7\u00e3o das cidades em que as mineradoras operam, junto dos movimentos que se colocam a favor da vida, e dos especialistas em sa\u00fade, v\u00eam apresentando diversas raz\u00f5es pelas quais a Vale, assim como todas as mineradoras do pa\u00eds, deveriam parar suas atividades durante a pandemia do novo coronav\u00edrus.<\/p>\n<p>De mar\u00e7o at\u00e9 hoje, somente em Minas Gerais, estado em que o n\u00famero de casos oficiais (subnotificados) de COVID-19 chega aos 16.000, com cerca de 400 mortes confirmadas, a Vale foi respons\u00e1vel direta pela contamina\u00e7\u00e3o de centenas de pessoas, e pela explos\u00e3o descontrolada de casos em cidades mineradas como Itabira, onde mais de 200 casos foram confirmados somente entre os funcion\u00e1rios das minas da Vale, aumentando em 500% o n\u00famero de infectados do munic\u00edpio.<\/p>\n<p>Na ter\u00e7a feira (09), a Companhia Vale do Rio Doce, havia dado in\u00edcio a uma s\u00e9rie de obras no vertedouro da Barragem do Mosquito, localizada em Catas Altas, em Minas Gerais, mesmo sem autoriza\u00e7\u00e3o do Conselho Municipal de Conserva\u00e7\u00e3o e Defesa do Meio Ambiente (CODEMA). A den\u00fancia foi realizada pelo Movimento pela Soberania Popular da Minera\u00e7\u00e3o (MAM). O local \u00e9 utilizado como forma de sobreviv\u00eancia pela popula\u00e7\u00e3o ali residente, na represa existe atividade de pesca e lazer, pelos moradores da Comunidade Morro da \u00c1gua Quente. De acordo com den\u00fancias dos moradores da regi\u00e3o, foi visto na \u00e1rea m\u00e1quinas como gerador e v\u00e1rios trabalhadores.<\/p>\n<p>No final do ano passado, o Fonasc.CBH, que integra o Comit\u00ea de Bacias do Rio Piracicaba e a Assembleia Legislativa de Minas Gerais solicitaram audi\u00eancias p\u00fablicas para discutir expans\u00e3o de atividades de minera\u00e7\u00e3o na regi\u00e3o de Catas Altas. Durante a audi\u00eancia foram realizadas v\u00e1rias interven\u00e7\u00f5es dos moradores de Catas Altas e do Morro d\u2019\u00e1gua Quente, de ambientalistas e de comerciantes donos de pousadas afirmando o risco para o bem-estar da popula\u00e7\u00e3o caso as minas sejam reativadas.<\/p>\n<p>A decis\u00e3o tomada pelo TRT-3 deve servir como base para que todas as mineradoras de Minas Gerais e do Brasil tenham suas atividades suspensas, enquanto durar a pandemia da COVID-19. Milhares de pessoas ir\u00e3o morrer pela irresponsabilidade de empresas como a Vale, que em diversas ocasi\u00f5es j\u00e1 demonstrou que preza t\u00e3o pouco pela vida dos seus funcion\u00e1rios e das popula\u00e7\u00f5es que convivem com a degrada\u00e7\u00e3o ambiental provocada pela minera\u00e7\u00e3o.<\/p>\n","protected":false},"excerpt":{"rendered":"<p>Atendendo uma determina\u00e7\u00e3o do TRT-3 (Tribunal Regional do Trabalho da 3\u00aa regi\u00e3o), acatando pedido do Minist\u00e9rio P\u00fablico do Trabalho, o&#8230;<\/p>\n","protected":false},"author":3,"featured_media":0,"comment_status":"closed","ping_status":"open","sticky":false,"template":"","format":"standard","meta":{"footnotes":""},"categories":[43,1,38,8],"tags":[],"_links":{"self":[{"href":"https:\/\/fonasc-cbh.org.br\/index.php?rest_route=\/wp\/v2\/posts\/22496"}],"collection":[{"href":"https:\/\/fonasc-cbh.org.br\/index.php?rest_route=\/wp\/v2\/posts"}],"about":[{"href":"https:\/\/fonasc-cbh.org.br\/index.php?rest_route=\/wp\/v2\/types\/post"}],"author":[{"embeddable":true,"href":"https:\/\/fonasc-cbh.org.br\/index.php?rest_route=\/wp\/v2\/users\/3"}],"replies":[{"embeddable":true,"href":"https:\/\/fonasc-cbh.org.br\/index.php?rest_route=%2Fwp%2Fv2%2Fcomments&post=22496"}],"version-history":[{"count":2,"href":"https:\/\/fonasc-cbh.org.br\/index.php?rest_route=\/wp\/v2\/posts\/22496\/revisions"}],"predecessor-version":[{"id":22635,"href":"https:\/\/fonasc-cbh.org.br\/index.php?rest_route=\/wp\/v2\/posts\/22496\/revisions\/22635"}],"wp:attachment":[{"href":"https:\/\/fonasc-cbh.org.br\/index.php?rest_route=%2Fwp%2Fv2%2Fmedia&parent=22496"}],"wp:term":[{"taxonomy":"category","embeddable":true,"href":"https:\/\/fonasc-cbh.org.br\/index.php?rest_route=%2Fwp%2Fv2%2Fcategories&post=22496"},{"taxonomy":"post_tag","embeddable":true,"href":"https:\/\/fonasc-cbh.org.br\/index.php?rest_route=%2Fwp%2Fv2%2Ftags&post=22496"}],"curies":[{"name":"wp","href":"https:\/\/api.w.org\/{rel}","templated":true}]}}