{"id":22474,"date":"2020-06-05T17:32:08","date_gmt":"2020-06-05T17:32:08","guid":{"rendered":"http:\/\/fonasc-cbh.org.br\/?p=22474"},"modified":"2020-07-30T17:26:18","modified_gmt":"2020-07-30T17:26:18","slug":"dia-5-de-junho-dia-mundial-do-meio-ambiente","status":"publish","type":"post","link":"https:\/\/fonasc-cbh.org.br\/?p=22474","title":{"rendered":"DIA 5 DE JUNHO &#8211; DIA MUNDIAL DO MEIO AMBIENTE"},"content":{"rendered":"<p><a href=\"https:\/\/fonasc-cbh.org.br\/?attachment_id=22475\" rel=\"attachment wp-att-22475\"><img loading=\"lazy\" decoding=\"async\" class=\"aligncenter size-medium wp-image-22475\" title=\"meioambiente\" src=\"https:\/\/fonasc-cbh.org.br\/wp-content\/uploads\/meioambiente-300x300.jpg\" alt=\"Dia Mundial do Meio Ambiente\" width=\"300\" height=\"300\" srcset=\"https:\/\/fonasc-cbh.org.br\/wp-content\/uploads\/meioambiente-300x300.jpg 300w, https:\/\/fonasc-cbh.org.br\/wp-content\/uploads\/meioambiente-150x150.jpg 150w, https:\/\/fonasc-cbh.org.br\/wp-content\/uploads\/meioambiente.jpg 843w\" sizes=\"(max-width: 300px) 100vw, 300px\" \/><\/a><\/p>\n<p>&nbsp;<\/p>\n<div dir=\"auto\">Hoje comemoramos o Dia Mundial do Meio Ambiente. <img loading=\"lazy\" decoding=\"async\" src=\"https:\/\/static.xx.fbcdn.net\/images\/emoji.php\/v9\/tc4\/1.5\/16\/1f333.png\" alt=\"????\" width=\"16\" height=\"16\" \/><img loading=\"lazy\" decoding=\"async\" src=\"https:\/\/static.xx.fbcdn.net\/images\/emoji.php\/v9\/ted\/1.5\/16\/1f49a.png\" alt=\"????\" width=\"16\" height=\"16\" \/> Preservar \u00e9 preciso. Assuma sua responsabilidade! Reduza, reutilize, recicle! <img loading=\"lazy\" decoding=\"async\" src=\"https:\/\/static.xx.fbcdn.net\/images\/emoji.php\/v9\/t19\/1.5\/16\/1f30e.png\" alt=\"????\" width=\"16\" height=\"16\" \/><img loading=\"lazy\" decoding=\"async\" src=\"https:\/\/static.xx.fbcdn.net\/images\/emoji.php\/v9\/t7f\/1.5\/16\/267b.png\" alt=\"\u267b\ufe0f\" width=\"16\" height=\"16\" \/> Cuidar do meio ambiente \u00e9 como cuidar da nossa sa\u00fade, pois, tamb\u00e9m \u00e9 nosso tesouro!<\/div>\n<div>\n<div dir=\"auto\"><a tabindex=\"0\" href=\"https:\/\/www.facebook.com\/hashtag\/fonasccbh?__eep__=6&amp;__cft__[0]=AZW5m__z6uO1wQvSxWhoY8_lxNb-9EAs_autXTV_hQRh_NeqVk9mg0NjxVP2BybOmO3fNqWoaS6CRaitPhujWjqIBBPs-GRZJmHTTbRW8W38RzpMY7M5D-9FFlicJxSATjBWOtbYLqglGTO_YrLiQ3Kc3_xPRYoCWHGQVIVkGxiTPg&amp;__tn__=*NK-R\">#FonascCbh<\/a> <a tabindex=\"0\" href=\"https:\/\/www.facebook.com\/hashtag\/diadomeioambiente?__eep__=6&amp;__cft__[0]=AZW5m__z6uO1wQvSxWhoY8_lxNb-9EAs_autXTV_hQRh_NeqVk9mg0NjxVP2BybOmO3fNqWoaS6CRaitPhujWjqIBBPs-GRZJmHTTbRW8W38RzpMY7M5D-9FFlicJxSATjBWOtbYLqglGTO_YrLiQ3Kc3_xPRYoCWHGQVIVkGxiTPg&amp;__tn__=*NK-R\">#DiaDoMeioAmbiente<\/a> <a tabindex=\"0\" href=\"https:\/\/www.facebook.com\/hashtag\/diamundialdomeioambiente?__eep__=6&amp;__cft__[0]=AZW5m__z6uO1wQvSxWhoY8_lxNb-9EAs_autXTV_hQRh_NeqVk9mg0NjxVP2BybOmO3fNqWoaS6CRaitPhujWjqIBBPs-GRZJmHTTbRW8W38RzpMY7M5D-9FFlicJxSATjBWOtbYLqglGTO_YrLiQ3Kc3_xPRYoCWHGQVIVkGxiTPg&amp;__tn__=*NK-R\">#DiaMundialDoMeioAmbiente<\/a> <a tabindex=\"0\" href=\"https:\/\/www.facebook.com\/hashtag\/preservacaoambiental?__eep__=6&amp;__cft__[0]=AZW5m__z6uO1wQvSxWhoY8_lxNb-9EAs_autXTV_hQRh_NeqVk9mg0NjxVP2BybOmO3fNqWoaS6CRaitPhujWjqIBBPs-GRZJmHTTbRW8W38RzpMY7M5D-9FFlicJxSATjBWOtbYLqglGTO_YrLiQ3Kc3_xPRYoCWHGQVIVkGxiTPg&amp;__tn__=*NK-R\">#PreservacaoAmbiental<\/a> <a tabindex=\"0\" href=\"https:\/\/www.facebook.com\/hashtag\/diameioambiente?__eep__=6&amp;__cft__[0]=AZW5m__z6uO1wQvSxWhoY8_lxNb-9EAs_autXTV_hQRh_NeqVk9mg0NjxVP2BybOmO3fNqWoaS6CRaitPhujWjqIBBPs-GRZJmHTTbRW8W38RzpMY7M5D-9FFlicJxSATjBWOtbYLqglGTO_YrLiQ3Kc3_xPRYoCWHGQVIVkGxiTPg&amp;__tn__=*NK-R\">#DiaMeioAmbiente<\/a> <a tabindex=\"0\" href=\"https:\/\/www.facebook.com\/hashtag\/meioambiente?__eep__=6&amp;__cft__[0]=AZW5m__z6uO1wQvSxWhoY8_lxNb-9EAs_autXTV_hQRh_NeqVk9mg0NjxVP2BybOmO3fNqWoaS6CRaitPhujWjqIBBPs-GRZJmHTTbRW8W38RzpMY7M5D-9FFlicJxSATjBWOtbYLqglGTO_YrLiQ3Kc3_xPRYoCWHGQVIVkGxiTPg&amp;__tn__=*NK-R\">#MeioAmbiente<\/a><\/div>\n<\/div>\n","protected":false},"excerpt":{"rendered":"<p>&nbsp; Hoje comemoramos o Dia Mundial do Meio Ambiente. Preservar \u00e9 preciso. Assuma sua responsabilidade! Reduza, reutilize, recicle! Cuidar do&#8230;<\/p>\n","protected":false},"author":3,"featured_media":0,"comment_status":"closed","ping_status":"open","sticky":false,"template":"","format":"standard","meta":{"footnotes":""},"categories":[43,1],"tags":[],"_links":{"self":[{"href":"https:\/\/fonasc-cbh.org.br\/index.php?rest_route=\/wp\/v2\/posts\/22474"}],"collection":[{"href":"https:\/\/fonasc-cbh.org.br\/index.php?rest_route=\/wp\/v2\/posts"}],"about":[{"href":"https:\/\/fonasc-cbh.org.br\/index.php?rest_route=\/wp\/v2\/types\/post"}],"author":[{"embeddable":true,"href":"https:\/\/fonasc-cbh.org.br\/index.php?rest_route=\/wp\/v2\/users\/3"}],"replies":[{"embeddable":true,"href":"https:\/\/fonasc-cbh.org.br\/index.php?rest_route=%2Fwp%2Fv2%2Fcomments&post=22474"}],"version-history":[{"count":10,"href":"https:\/\/fonasc-cbh.org.br\/index.php?rest_route=\/wp\/v2\/posts\/22474\/revisions"}],"predecessor-version":[{"id":22734,"href":"https:\/\/fonasc-cbh.org.br\/index.php?rest_route=\/wp\/v2\/posts\/22474\/revisions\/22734"}],"wp:attachment":[{"href":"https:\/\/fonasc-cbh.org.br\/index.php?rest_route=%2Fwp%2Fv2%2Fmedia&parent=22474"}],"wp:term":[{"taxonomy":"category","embeddable":true,"href":"https:\/\/fonasc-cbh.org.br\/index.php?rest_route=%2Fwp%2Fv2%2Fcategories&post=22474"},{"taxonomy":"post_tag","embeddable":true,"href":"https:\/\/fonasc-cbh.org.br\/index.php?rest_route=%2Fwp%2Fv2%2Ftags&post=22474"}],"curies":[{"name":"wp","href":"https:\/\/api.w.org\/{rel}","templated":true}]}}