{"id":22462,"date":"2020-06-04T19:34:48","date_gmt":"2020-06-04T19:34:48","guid":{"rendered":"http:\/\/fonasc-cbh.org.br\/?p=22462"},"modified":"2020-07-30T17:27:23","modified_gmt":"2020-07-30T17:27:23","slug":"fonasc-cbh-cbh-turiacu-divulga-programacao-da-semana-do-meio-ambiente","status":"publish","type":"post","link":"https:\/\/fonasc-cbh.org.br\/?p=22462","title":{"rendered":"FONASC.CBH- CBH TURIA\u00c7U TEM LIVE COM THEREZA CRISTINA E SAULO AROUCHE NA SEMANA DO MEIO AMBIENTE"},"content":{"rendered":"<p><a href=\"https:\/\/fonasc-cbh.org.br\/?attachment_id=22467\" rel=\"attachment wp-att-22467\"><img loading=\"lazy\" decoding=\"async\" class=\"aligncenter size-medium wp-image-22467\" title=\"WhatsApp Image 2020-06-04 at 16.57.52\" src=\"https:\/\/fonasc-cbh.org.br\/wp-content\/uploads\/WhatsApp-Image-2020-06-04-at-16.57.52-300x300.jpg\" alt=\"Live com Thereza Christina e Saulo Arouche\" width=\"300\" height=\"300\" srcset=\"https:\/\/fonasc-cbh.org.br\/wp-content\/uploads\/WhatsApp-Image-2020-06-04-at-16.57.52-300x300.jpg 300w, https:\/\/fonasc-cbh.org.br\/wp-content\/uploads\/WhatsApp-Image-2020-06-04-at-16.57.52-150x150.jpg 150w, https:\/\/fonasc-cbh.org.br\/wp-content\/uploads\/WhatsApp-Image-2020-06-04-at-16.57.52.jpeg 800w\" sizes=\"(max-width: 300px) 100vw, 300px\" \/><\/a><a href=\"https:\/\/fonasc-cbh.org.br\/?attachment_id=22463\" rel=\"attachment wp-att-22463\"><br \/>\n<\/a><\/p>\n<p>&nbsp;<\/p>\n<p>Acompanhe nossa programac\u0327a\u0303o da Semana de Meio Ambiente Dentro da programac\u0327a\u0303o vamos ter a live com a participac\u0327a\u0303o do Secreta\u0301rio de Meio Ambiente, Saulo Arouche e Vice Coordenadora do Fonasc. Cbh, Thereza Christina. Durante a programa\u00e7\u00e3o tamb\u00e9m vai ter. a retrospectiva da criac\u0327a\u0303o da Comissa\u0303o pre\u0301-comite\u0302 da bacia hidrogra\u0301fica do Rio Turiac\u0327u <a href=\"https:\/\/www.instagram.com\/explore\/tags\/meioambiente%F0%9F%8C%B1%E2%99%BB%EF%B8%8F\/\">#meioambiente\u267b\ufe0f<\/a><\/p>\n<p><a href=\"https:\/\/fonasc-cbh.org.br\/?attachment_id=22463\" rel=\"attachment wp-att-22463\"><img loading=\"lazy\" decoding=\"async\" class=\"aligncenter size-medium wp-image-22463\" title=\"WhatsApp Image 2020-06-04 at 16.13.09\" src=\"https:\/\/fonasc-cbh.org.br\/wp-content\/uploads\/WhatsApp-Image-2020-06-04-at-16.13.09-300x300.jpg\" alt=\"Programa\u00e7\u00e3o Meio Ambiente\" width=\"300\" height=\"300\" srcset=\"https:\/\/fonasc-cbh.org.br\/wp-content\/uploads\/WhatsApp-Image-2020-06-04-at-16.13.09-300x300.jpg 300w, https:\/\/fonasc-cbh.org.br\/wp-content\/uploads\/WhatsApp-Image-2020-06-04-at-16.13.09-150x150.jpg 150w, https:\/\/fonasc-cbh.org.br\/wp-content\/uploads\/WhatsApp-Image-2020-06-04-at-16.13.09.jpeg 800w\" sizes=\"(max-width: 300px) 100vw, 300px\" \/><\/a><\/p>\n<p>&nbsp;<\/p>\n<p><a href=\"https:\/\/www.instagram.com\/tv\/CBWOxgqn2z2\/\">VEJA A LIVE CLICANDO AQUI!\u00a0<\/a><\/p>\n<p>&nbsp;<\/p>\n","protected":false},"excerpt":{"rendered":"<p>&nbsp; Acompanhe nossa programac\u0327a\u0303o da Semana de Meio Ambiente Dentro da programac\u0327a\u0303o vamos ter a live com a participac\u0327a\u0303o do&#8230;<\/p>\n","protected":false},"author":3,"featured_media":0,"comment_status":"closed","ping_status":"open","sticky":false,"template":"","format":"standard","meta":{"footnotes":""},"categories":[43,1],"tags":[],"_links":{"self":[{"href":"https:\/\/fonasc-cbh.org.br\/index.php?rest_route=\/wp\/v2\/posts\/22462"}],"collection":[{"href":"https:\/\/fonasc-cbh.org.br\/index.php?rest_route=\/wp\/v2\/posts"}],"about":[{"href":"https:\/\/fonasc-cbh.org.br\/index.php?rest_route=\/wp\/v2\/types\/post"}],"author":[{"embeddable":true,"href":"https:\/\/fonasc-cbh.org.br\/index.php?rest_route=\/wp\/v2\/users\/3"}],"replies":[{"embeddable":true,"href":"https:\/\/fonasc-cbh.org.br\/index.php?rest_route=%2Fwp%2Fv2%2Fcomments&post=22462"}],"version-history":[{"count":13,"href":"https:\/\/fonasc-cbh.org.br\/index.php?rest_route=\/wp\/v2\/posts\/22462\/revisions"}],"predecessor-version":[{"id":22736,"href":"https:\/\/fonasc-cbh.org.br\/index.php?rest_route=\/wp\/v2\/posts\/22462\/revisions\/22736"}],"wp:attachment":[{"href":"https:\/\/fonasc-cbh.org.br\/index.php?rest_route=%2Fwp%2Fv2%2Fmedia&parent=22462"}],"wp:term":[{"taxonomy":"category","embeddable":true,"href":"https:\/\/fonasc-cbh.org.br\/index.php?rest_route=%2Fwp%2Fv2%2Fcategories&post=22462"},{"taxonomy":"post_tag","embeddable":true,"href":"https:\/\/fonasc-cbh.org.br\/index.php?rest_route=%2Fwp%2Fv2%2Ftags&post=22462"}],"curies":[{"name":"wp","href":"https:\/\/api.w.org\/{rel}","templated":true}]}}