{"id":21009,"date":"2019-06-11T19:08:07","date_gmt":"2019-06-11T19:08:07","guid":{"rendered":"http:\/\/fonasc-cbh.org.br\/?p=21009"},"modified":"2019-06-11T19:08:07","modified_gmt":"2019-06-11T19:08:07","slug":"justica-barra-temporariamente-avanco-de-polemica-licenca-ambiental-na-serra-da-moeda","status":"publish","type":"post","link":"https:\/\/fonasc-cbh.org.br\/?p=21009","title":{"rendered":"JUSTI\u00c7A BARRA TEMPORARIAMENTE AVAN\u00c7O DE POL\u00caMICA LICEN\u00c7A AMBIENTAL NA SERRA DA MOEDA"},"content":{"rendered":"<p style=\"text-align: center;\"><strong>JUSTI\u00c7A BARRA TEMPORARIAMENTE AVAN\u00c7O DE POL\u00caMICA LICEN\u00c7A AMBIENTAL NA SERRA DA MOEDA<\/strong><\/p>\n<p><img loading=\"lazy\" decoding=\"async\" class=\"alignnone\" title=\"Pilha de rejeitos\" src=\"http:\/\/blog.leia.org.br\/wp-content\/uploads\/2018\/04\/image4.png\" alt=\"\" width=\"580\" height=\"381\" \/><\/p>\n<p><strong>Texto<\/strong>: Divulga\u00e7\u00e3o<br \/>\n<strong>Data<\/strong>: 11\/06\/2019<\/p>\n<p>Por meio de um mandado de seguran\u00e7a, a reuni\u00e3o do Conselho Consultivo do Monumento Natural da Serra da Moeda, que aconteceria quinta-feira (30\/05) e poderia sacramentar a anu\u00eancia para a continuidade do pedido de licen\u00e7a para o empreendimento V\u00e1rzea do Lopes, da Gerdau A\u00e7ominas S.A, foi cancelada. A pedido dos pr\u00f3prios conselheiros, a medida foi tomada para impedir a leitura (e aprova\u00e7\u00e3o) da ata da reuni\u00e3o anterior, onde diversos deles abandonaram os trabalhos ap\u00f3s a revela\u00e7\u00e3o de que o gestor da \u00e1rea protegida j\u00e1 havia dado a anu\u00eancia sem consult\u00e1-los previamente.<\/p>\n<p>Ambientalistas pedem que os conselheiros e moradores da regi\u00e3o monitorem os pr\u00f3ximos passos e se mantenham atentos a esse empreendimento que pode afetar a \u00e1rea de amortiza\u00e7\u00e3o da unidade de conserva\u00e7\u00e3o localizada entre os munic\u00edpios de Itabirito e Moeda.<\/p>\n<p>Veja o que \u00e9 o empreendimento de minera\u00e7\u00e3o V\u00e1rzea do Lopes: <a href=\"http:\/\/blog.leia.org.br\/mineradora-quer-ampliar-operacao-em-area-que-deveria-recuperar\/\">http:\/\/blog.leia.org.br\/mineradora-quer-ampliar-operacao-em-area-que-deveria-recuperar\/<\/a><\/p>\n","protected":false},"excerpt":{"rendered":"<p>JUSTI\u00c7A BARRA TEMPORARIAMENTE AVAN\u00c7O DE POL\u00caMICA LICEN\u00c7A AMBIENTAL NA SERRA DA MOEDA Texto: Divulga\u00e7\u00e3o Data: 11\/06\/2019 Por meio de um&#8230;<\/p>\n","protected":false},"author":2,"featured_media":0,"comment_status":"closed","ping_status":"open","sticky":false,"template":"","format":"standard","meta":{"footnotes":""},"categories":[1,38,8],"tags":[],"_links":{"self":[{"href":"https:\/\/fonasc-cbh.org.br\/index.php?rest_route=\/wp\/v2\/posts\/21009"}],"collection":[{"href":"https:\/\/fonasc-cbh.org.br\/index.php?rest_route=\/wp\/v2\/posts"}],"about":[{"href":"https:\/\/fonasc-cbh.org.br\/index.php?rest_route=\/wp\/v2\/types\/post"}],"author":[{"embeddable":true,"href":"https:\/\/fonasc-cbh.org.br\/index.php?rest_route=\/wp\/v2\/users\/2"}],"replies":[{"embeddable":true,"href":"https:\/\/fonasc-cbh.org.br\/index.php?rest_route=%2Fwp%2Fv2%2Fcomments&post=21009"}],"version-history":[{"count":2,"href":"https:\/\/fonasc-cbh.org.br\/index.php?rest_route=\/wp\/v2\/posts\/21009\/revisions"}],"predecessor-version":[{"id":21011,"href":"https:\/\/fonasc-cbh.org.br\/index.php?rest_route=\/wp\/v2\/posts\/21009\/revisions\/21011"}],"wp:attachment":[{"href":"https:\/\/fonasc-cbh.org.br\/index.php?rest_route=%2Fwp%2Fv2%2Fmedia&parent=21009"}],"wp:term":[{"taxonomy":"category","embeddable":true,"href":"https:\/\/fonasc-cbh.org.br\/index.php?rest_route=%2Fwp%2Fv2%2Fcategories&post=21009"},{"taxonomy":"post_tag","embeddable":true,"href":"https:\/\/fonasc-cbh.org.br\/index.php?rest_route=%2Fwp%2Fv2%2Ftags&post=21009"}],"curies":[{"name":"wp","href":"https:\/\/api.w.org\/{rel}","templated":true}]}}