{"id":21004,"date":"2019-06-11T18:52:54","date_gmt":"2019-06-11T18:52:54","guid":{"rendered":"http:\/\/fonasc-cbh.org.br\/?p=21004"},"modified":"2019-06-11T18:58:30","modified_gmt":"2019-06-11T18:58:30","slug":"fonasc-cbh-consegue-importante-alteracao-no-decreto-que-estabelece-o-codigo-de-protecao-do-meio-ambiente","status":"publish","type":"post","link":"https:\/\/fonasc-cbh.org.br\/?p=21004","title":{"rendered":"FONASC.CBH CONSEGUE IMPORTANTE ALTERA\u00c7\u00c3O NO DECRETO QUE ESTABELECE O C\u00d3DIGO DE PROTE\u00c7\u00c3O DO MEIO AMBIENTE"},"content":{"rendered":"<p style=\"text-align: center;\"><strong>FONASC.CBH CONSEGUE IMPORTANTE ALTERA\u00c7\u00c3O NO DECRETO QUE ESTABELECE O C\u00d3DIGO DE PROTE\u00c7\u00c3O DO MEIO AMBIENTE<\/strong><\/p>\n<figure id=\"attachment_21005\" aria-describedby=\"caption-attachment-21005\" style=\"width: 600px\" class=\"wp-caption aligncenter\"><a href=\"https:\/\/fonasc-cbh.org.br\/wp-content\/uploads\/WhatsApp-Image-2019-06-11-at-15.05.01-1.jpeg\"><img loading=\"lazy\" decoding=\"async\" class=\"size-full wp-image-21005\" title=\"WhatsApp Image 2019-06-11 at 15.05.01 (1)\" src=\"https:\/\/fonasc-cbh.org.br\/wp-content\/uploads\/WhatsApp-Image-2019-06-11-at-15.05.01-1-e1560279156789.jpeg\" alt=\"\" width=\"600\" height=\"337\" \/><\/a><figcaption id=\"caption-attachment-21005\" class=\"wp-caption-text\">Coordenador nacional do Fonasc.CBH participando da reuni\u00e3o<\/figcaption><\/figure>\n<p style=\"text-align: justify;\"><strong>Texto:<\/strong> Ascom Fonasc.CBH<br \/>\n<strong>Data<\/strong>: 11\/06\/2019<\/p>\n<p style=\"text-align: justify;\">Na \u00faltima reuni\u00e3o do Conselho Estadual de Meio Ambiente do Maranh\u00e3o (Consema), realizada no audit\u00f3rio da Assembleia Legislativa, na \u00faltima sexta-feira, dia 7, a discuss\u00e3o foi acirrada, o debate foi caloroso, mas o Fonasc.CBH conseguiu que uma importante altera\u00e7\u00e3o no Decreto Estadual 27.318\/2011 que \u00a0Altera, acrescenta e revoga dispositivos do\u00a0 Decreto 13.494, de 12 de novembro de 1993, que regulamenta o C\u00f3digo de Prote\u00e7\u00e3o do Meio Ambiente do Estado do Maranh\u00e3o (Lei 5.405, de 8 de abril de 1992).<\/p>\n<p style=\"text-align: justify;\">A mudan\u00e7a altera a concep\u00e7\u00e3o conceitual de que quem n\u00e3o pode ser reconduzido a um novo mandato \u00e9 a entidade e n\u00e3o a pessoa que a entidade escolher para representar. A vice-coordenadora do Fonasc.CBH ficou impedida de representar a institui\u00e7\u00e3o por conta do decreto que \u201centendia\u201d que a pessoa tamb\u00e9m n\u00e3o podia ser reconduzida. Isso ocorreu porque no tri\u00eanio passado do Conselho Estadual de Meio Ambiente, Thereza havia representado o CREA-MA por um curto per\u00edodo de tempo. Entretanto, a quest\u00e3o de que o Consema deve ser composto por conselheiros que residam apenas no Estado do Maranh\u00e3o foi acrescentada \u00e0 \u00a0proposta de altera\u00e7\u00e3o do decreto e, desta forma, \u00a0fazendo com que o coordenador do Fonasc.CBH indique um conselheiro que resida no Maranh\u00e3o.<\/p>\n<p style=\"text-align: justify;\">Al\u00e9m disso, o Fonasc.CBH tamb\u00e9m conseguiu se manter em todas as C\u00e2maras T\u00e9cnicas para o qual havia sido indicado pelo segmento da sociedade civil do Plen\u00e1rio do Consema. A reuni\u00e3o ainda tratou da recomenda\u00e7\u00e3o do gerenciamento costeiro (\u00e1gua de lastro).<\/p>\n","protected":false},"excerpt":{"rendered":"<p>FONASC.CBH CONSEGUE IMPORTANTE ALTERA\u00c7\u00c3O NO DECRETO QUE ESTABELECE O C\u00d3DIGO DE PROTE\u00c7\u00c3O DO MEIO AMBIENTE Texto: Ascom Fonasc.CBH Data: 11\/06\/2019&#8230;<\/p>\n","protected":false},"author":2,"featured_media":0,"comment_status":"closed","ping_status":"open","sticky":false,"template":"","format":"standard","meta":{"footnotes":""},"categories":[1,37,8],"tags":[],"_links":{"self":[{"href":"https:\/\/fonasc-cbh.org.br\/index.php?rest_route=\/wp\/v2\/posts\/21004"}],"collection":[{"href":"https:\/\/fonasc-cbh.org.br\/index.php?rest_route=\/wp\/v2\/posts"}],"about":[{"href":"https:\/\/fonasc-cbh.org.br\/index.php?rest_route=\/wp\/v2\/types\/post"}],"author":[{"embeddable":true,"href":"https:\/\/fonasc-cbh.org.br\/index.php?rest_route=\/wp\/v2\/users\/2"}],"replies":[{"embeddable":true,"href":"https:\/\/fonasc-cbh.org.br\/index.php?rest_route=%2Fwp%2Fv2%2Fcomments&post=21004"}],"version-history":[{"count":3,"href":"https:\/\/fonasc-cbh.org.br\/index.php?rest_route=\/wp\/v2\/posts\/21004\/revisions"}],"predecessor-version":[{"id":21007,"href":"https:\/\/fonasc-cbh.org.br\/index.php?rest_route=\/wp\/v2\/posts\/21004\/revisions\/21007"}],"wp:attachment":[{"href":"https:\/\/fonasc-cbh.org.br\/index.php?rest_route=%2Fwp%2Fv2%2Fmedia&parent=21004"}],"wp:term":[{"taxonomy":"category","embeddable":true,"href":"https:\/\/fonasc-cbh.org.br\/index.php?rest_route=%2Fwp%2Fv2%2Fcategories&post=21004"},{"taxonomy":"post_tag","embeddable":true,"href":"https:\/\/fonasc-cbh.org.br\/index.php?rest_route=%2Fwp%2Fv2%2Ftags&post=21004"}],"curies":[{"name":"wp","href":"https:\/\/api.w.org\/{rel}","templated":true}]}}