{"id":20992,"date":"2019-06-10T17:10:55","date_gmt":"2019-06-10T17:10:55","guid":{"rendered":"http:\/\/fonasc-cbh.org.br\/?p=20992"},"modified":"2019-06-10T17:22:29","modified_gmt":"2019-06-10T17:22:29","slug":"20992","status":"publish","type":"post","link":"https:\/\/fonasc-cbh.org.br\/?p=20992","title":{"rendered":"FONASC.CBH NA SEMANA DE MEIO AMBIENTE"},"content":{"rendered":"<p style=\"text-align: center;\"><strong>FONASC.CBH NA SEMANA DE MEIO AMBIENTE<\/strong><\/p>\n<figure id=\"attachment_20998\" aria-describedby=\"caption-attachment-20998\" style=\"width: 300px\" class=\"wp-caption aligncenter\"><a href=\"https:\/\/fonasc-cbh.org.br\/wp-content\/uploads\/WhatsApp-Image-2019-06-10-at-14.16.251.jpeg\"><img loading=\"lazy\" decoding=\"async\" class=\"size-full wp-image-20998\" title=\"WhatsApp Image 2019-06-10 at 14.16.25\" src=\"https:\/\/fonasc-cbh.org.br\/wp-content\/uploads\/WhatsApp-Image-2019-06-10-at-14.16.251-e1560187297855.jpeg\" alt=\"\" width=\"300\" height=\"300\" \/><\/a><figcaption id=\"caption-attachment-20998\" class=\"wp-caption-text\">Os coordenadores do Fonasc.CBH Thereza Christina e Jo\u00e3o Cl\u00edmaco com a professora Judith Castro<\/figcaption><\/figure>\n<p>&nbsp;<\/p>\n<p><strong>Texto<\/strong>: Ascom Fonasc.CBH<br \/>\n<strong>Data<\/strong>: 10\/06\/2019<\/p>\n<p style=\"text-align: justify;\">A participa\u00e7\u00e3o da coordena\u00e7\u00e3o do Fonasc.CBH na Semana do Meio Ambiente foi intensa. Os coordenadores Jo\u00e3o Cl\u00edmaco e Thereza Christina Pereira Castro cumpriram uma agenda que contemplou a participa\u00e7\u00e3o no Semin\u00e1rio Estadual de Educa\u00e7\u00e3o Ambiental e nas reuni\u00f5es plen\u00e1rias do Conselho Estadual de Meio Ambiente (Consema) e na Comiss\u00e3o Interinstitucional de Educa\u00e7\u00e3o Ambiental do Maranh\u00e3o (CIEA\/MA).<\/p>\n<p style=\"text-align: justify;\">Durante o Semin\u00e1rio, o Fonasc.CBH atrav\u00e9s do Comit\u00ea Infanto Juvenil da Bacia Hidrogr\u00e1fica do Rio Jeniparana, que \u00e9 uma parceria com as escolas comunit\u00e1rias de S\u00e3o Lu\u00eds, apresentou a experi\u00eancia deste projeto que por duas vezes foi reconhecido nacionalmente como umas das melhores pr\u00e1ticas de educa\u00e7\u00e3o ambiental, mobiliza\u00e7\u00e3o social e comunica\u00e7\u00e3o para a gest\u00e3o das \u00e1guas.<\/p>\n<p style=\"text-align: justify;\"><a href=\"https:\/\/fonasc-cbh.org.br\/wp-content\/uploads\/WhatsApp-Image-2019-06-10-at-14.16.25-2.jpeg\"><img loading=\"lazy\" decoding=\"async\" class=\"aligncenter size-full wp-image-20996\" title=\"WhatsApp Image 2019-06-10 at 14.16.25 (2)\" src=\"https:\/\/fonasc-cbh.org.br\/wp-content\/uploads\/WhatsApp-Image-2019-06-10-at-14.16.25-2-e1560187178238.jpeg\" alt=\"\" width=\"600\" height=\"291\" \/><\/a>A vice-coordenadora Thereza Christina explicou que \u00e9 importante envolver a juventude nos debates sobre a educa\u00e7\u00e3o ambiental porque eles ser\u00e3o o futuro de nosso Pa\u00eds. \u201cPara construir o futuro o trabalho deve ser feito hoje, \u00e9 de nosso juventude que ir\u00e3o sair homens e mulheres que ocupar\u00e3o os espa\u00e7os de gest\u00e3o p\u00fablica e eles precisam da consci\u00eancia de sempre trabalhar por um mundo mais sustent\u00e1vel e melhor para todos n\u00f3s\u201d, declarou.<\/p>\n<p style=\"text-align: justify;\">A apresenta\u00e7\u00e3o do Comit\u00ea foi bastante aplaudida durante o Semin\u00e1rio, pois ali os estudantes Jo\u00e3o Lucas Oliveira e Fernanda Freire representaram a voz da juventude dentro do evento. \u201cSenti falta da juventude neste espa\u00e7o de discuss\u00e3o. A juventude quer fazer, quer falar e quer colaborar com esse trabalho. \u00c9 importante em todo debate envolver a juventude que sempre luta por um mundo melhor\u201d, disse Jo\u00e3o Lucas.<\/p>\n<p style=\"text-align: justify;\">Al\u00e9m disso, as crian\u00e7as da Escola Educando deram sua voz no evento com a apresenta\u00e7\u00e3o da pe\u00e7a teatral \u201cA gotinha Plim Plim\u201d, que falou da import\u00e2ncia do ciclo da \u00e1gua e de como a humanidade precisa cuidar dos recursos naturais.<\/p>\n<p style=\"text-align: justify;\">O Semin\u00e1rio se encerrou com a Carta dos Educadores Ambientais e com a cria\u00e7\u00e3o do F\u00f3rum Estadual de Educa\u00e7\u00e3o Ambiental com a participa\u00e7\u00e3o de todas as entidades que se envolveram com a organiza\u00e7\u00e3o do Semin\u00e1rio.<\/p>\n<p style=\"text-align: justify;\"><a href=\"https:\/\/fonasc-cbh.org.br\/wp-content\/uploads\/WhatsApp-Image-2019-06-10-at-14.16.25-1.jpeg\"><img loading=\"lazy\" decoding=\"async\" class=\"aligncenter size-full wp-image-20997\" title=\"WhatsApp Image 2019-06-10 at 14.16.25 (1)\" src=\"https:\/\/fonasc-cbh.org.br\/wp-content\/uploads\/WhatsApp-Image-2019-06-10-at-14.16.25-1-e1560187258806.jpeg\" alt=\"\" width=\"600\" height=\"291\" \/><\/a><\/p>\n","protected":false},"excerpt":{"rendered":"<p>FONASC.CBH NA SEMANA DE MEIO AMBIENTE &nbsp; Texto: Ascom Fonasc.CBH Data: 10\/06\/2019 A participa\u00e7\u00e3o da coordena\u00e7\u00e3o do Fonasc.CBH na Semana&#8230;<\/p>\n","protected":false},"author":2,"featured_media":0,"comment_status":"closed","ping_status":"open","sticky":false,"template":"","format":"standard","meta":{"footnotes":""},"categories":[1,37,8],"tags":[],"_links":{"self":[{"href":"https:\/\/fonasc-cbh.org.br\/index.php?rest_route=\/wp\/v2\/posts\/20992"}],"collection":[{"href":"https:\/\/fonasc-cbh.org.br\/index.php?rest_route=\/wp\/v2\/posts"}],"about":[{"href":"https:\/\/fonasc-cbh.org.br\/index.php?rest_route=\/wp\/v2\/types\/post"}],"author":[{"embeddable":true,"href":"https:\/\/fonasc-cbh.org.br\/index.php?rest_route=\/wp\/v2\/users\/2"}],"replies":[{"embeddable":true,"href":"https:\/\/fonasc-cbh.org.br\/index.php?rest_route=%2Fwp%2Fv2%2Fcomments&post=20992"}],"version-history":[{"count":3,"href":"https:\/\/fonasc-cbh.org.br\/index.php?rest_route=\/wp\/v2\/posts\/20992\/revisions"}],"predecessor-version":[{"id":20994,"href":"https:\/\/fonasc-cbh.org.br\/index.php?rest_route=\/wp\/v2\/posts\/20992\/revisions\/20994"}],"wp:attachment":[{"href":"https:\/\/fonasc-cbh.org.br\/index.php?rest_route=%2Fwp%2Fv2%2Fmedia&parent=20992"}],"wp:term":[{"taxonomy":"category","embeddable":true,"href":"https:\/\/fonasc-cbh.org.br\/index.php?rest_route=%2Fwp%2Fv2%2Fcategories&post=20992"},{"taxonomy":"post_tag","embeddable":true,"href":"https:\/\/fonasc-cbh.org.br\/index.php?rest_route=%2Fwp%2Fv2%2Ftags&post=20992"}],"curies":[{"name":"wp","href":"https:\/\/api.w.org\/{rel}","templated":true}]}}