{"id":20990,"date":"2019-06-05T18:25:12","date_gmt":"2019-06-05T18:25:12","guid":{"rendered":"http:\/\/fonasc-cbh.org.br\/?p=20990"},"modified":"2019-06-05T18:25:12","modified_gmt":"2019-06-05T18:25:12","slug":"o-fonasc-cbh-e-a-escola-de-ativismo","status":"publish","type":"post","link":"https:\/\/fonasc-cbh.org.br\/?p=20990","title":{"rendered":"O FONASC.CBH E A ESCOLA DE ATIVISMO"},"content":{"rendered":"<p style=\"text-align: center;\"><strong>O FONASC.CBH E A ESCOLA DE ATIVISMO<\/strong><\/p>\n<p style=\"text-align: justify;\">Durante todo o semestre passado, em encontros virtuais e semanais, a Escola de Ativismo e o Fonasc foram parceiros em um curso de resid\u00eancia, aonde o Fonasc-cbh foi contemplado pela escola de Ativismo com um curso semestral de resid\u00eancia em comunica\u00e7\u00e3o; Para as atividades de resid\u00eancia a Escola partiu de um desejo em trabalhar de uma maneira geral, o que \u00e9 comunica\u00e7\u00e3o e alguns de seus aspectos, e a partir de trocas de informa\u00e7\u00e3o e da compreens\u00e3o de que e como cada organiza\u00e7\u00e3o faz a sua comunica\u00e7\u00e3o e trabalha com as potencias, foram Abordando alguns aspectos importantes da comunica\u00e7\u00e3o, como: o que \u00e9 comunica\u00e7\u00e3o, quem comunica, o que comunica, as diferentes linguagens da comunica\u00e7\u00e3o e as diferentes formas poss\u00edveis de se comunicar, ent\u00e3o foi trabalhado dentro da resid\u00eancia, o que \u00e9 a comunica\u00e7\u00e3o, Educomunica\u00e7\u00e3o, narrativas, g\u00eaneros, meios canais e ve\u00edculos na comunica\u00e7\u00e3o.<\/p>\n<p style=\"text-align: justify;\"><a name=\"_GoBack\"><\/a> A Escola de Ativismo trouxe para o Fonasc-cbh uma proposta de Resid\u00eancia em comunica\u00e7\u00e3o onde a inten\u00e7\u00e3o com o programa de resid\u00eancia, n\u00e3o \u00e9 ensinar e nem apontar o que \u00e9 certo ou errado, mas sim estimular um espa\u00e7o de trocas de conhecimento, que alimente o pensamento cr\u00edtico e criativo, das potencias e habilidades, sempre valorizando e fortalecendo a cultura e os saberes locais para que se possa melhorar os processos de comunica\u00e7\u00e3o interno e externo dos grupo e institui\u00e7\u00f5es parceiras. Esse plano \u00e9 uma proposta que foi desenvolvida a partir de entrevistas virtuais com a assistida do Fonasc, para o programa de resid\u00eancia e da conversa e troca que tiveram ao vivo em Cuiab\u00e1 com a assistida.<\/p>\n<p style=\"text-align: justify;\">O objetivo da Resid\u00eancia entre a Escola de Ativismo e o Fonasc \u00e9 o de comunicar para conscientizar, apaixonar e mobilizar ainda mais pessoas pelo trabalho de defesa dos povos, saberes, culturas, o uso difuso da \u00e1gua e o meio ambiente pantaneiro. E atrav\u00e9s de uma s\u00e9rie de atividades online provocar a reflex\u00e3o sobre comunica\u00e7\u00e3o, utilizando todo tipo de material, mat\u00e9ria jornal\u00edsticas, textos, v\u00eddeos, poesias, fotos e filmes. Visando como escrever release e entrar em contato com a m\u00eddia, fazer fotos e v\u00eddeos, planejamento de a\u00e7\u00f5es criativas, como diagramar panfletos e apostilas, facilita\u00e7\u00e3o gr\u00e1ficas durante oficinas e como ampliar o alcance de publica\u00e7\u00e3o nas redes.<\/p>\n<p style=\"text-align: justify;\">Pode-se observar que cada pr\u00e1tica se desenvolve de acordo com as suas necessidades, que nenhuma foge da partida de boa comunica\u00e7\u00e3o , com focos ambientais e sociais, a comunica\u00e7\u00e3o \u00e9 indispens\u00e1vel para a mobiliza\u00e7\u00e3o pessoal, grupos internos, e externos, criar espa\u00e7os diferentes para a comunica\u00e7\u00e3o, levar a comunica\u00e7\u00e3o para feiras comunit\u00e1rias, redes federias,, r\u00e1dios, fazendo frente aos governos, se colocando como posi\u00e7\u00e3o da sociedade civil fazendo a comunica\u00e7\u00e3o popular de resist\u00eancia dando voz ao povo para que se alcance seus direitos, colocando sempre como prioridade a valoriza\u00e7\u00e3o das pessoas.<\/p>\n<p style=\"text-align: justify;\">Visando esses meios e m\u00e9todos, ficou mais evidente para o Fonasc que a comunica\u00e7\u00e3o \u00e9 a arte de manter o di\u00e1logo, e se comunicar \u00e9 a for\u00e7a e o poder, sendo assim, para que haja uma maior efici\u00eancia na comunica\u00e7\u00e3o chegou-se a um senso que a comunica\u00e7\u00e3o do Fonasc seria aprimorada se a curto prazo pudesse juntar as informa\u00e7\u00f5es dos 200 (duzentos) membros no Brasil que est\u00e3o trabalhando para poder divulgar as necessidades e os bens feitos; A m\u00e9dio prazo precisamos sistematizar essas informa\u00e7\u00f5es e formar um banco de dados e comunica\u00e7\u00e3o em cima disso; E a longo prazo se conseguir difundir isso para a sociedade, lembrando que perpendicular a isso, a curto, m\u00e9dio e longo prazo o Fonasc quer difundir a gest\u00e3o democr\u00e1tica das \u00e1guas para a sociedade civil organizada e para as comunidades tradicionais, por isso que precisamos da comunica\u00e7\u00e3o, pra gest\u00e3o democr\u00e1tica das \u00e1guas e para o empoderamento das comunidades tradicionais que dependem diretamente desse recurso h\u00eddrico.<\/p>\n<p style=\"text-align: justify;\">Hoje j\u00e1 utilizamos como meio de comunica\u00e7\u00e3o e divulga\u00e7\u00e3o, os meios impressos, internet, no wattsapp, o Fonasc usa esse aplicativo n\u00e3o s\u00f3 como meio que consegue unir toda a rede de diversas regi\u00f5es e localidades, como esse meio \u00e9 funcional e alimentado todos os dias, com mensagens e feitos pelo Fonas e os previstos a serem realizados, tentamos ilustrar uma informa\u00e7\u00e3o para maior absor\u00e7\u00e3o do conte\u00fado. No facebook, utilizamos de fotos e v\u00eddeos curtos, usamos uma linguagem diferente como exige o aplicativo, uma linguagem mais direta e despojada menos formal, evitando mensagens e v\u00eddeos demasiados longos tentando conseguir o m\u00e1ximo de n\u00fameros de seguidores que possam difundir nossas informa\u00e7\u00f5es em prol de um bem maior, nossas \u00e1guas e vidas. Usamos tamb\u00e9m como meios, os encontros, f\u00f3rum oficinas, atividades, apostilas, e-mail, esses os mais comuns e corriqueiros na sociedade atual; sem d\u00favidas a grande m\u00eddia tem um maior alcance da informa\u00e7\u00e3o, e consequentemente com mais pessoas informadas, melhores resultados obteremos, mas n\u00e3o devemos esquecer ou deixar de valorizar o alcance que temos na nossa m\u00eddia, pois ela vai aonde por v\u00e1rios motivos a grande m\u00eddia n\u00e3o chega, n\u00e3o alcan\u00e7a. Nos sentimos limitados financeiramente dentre o enorme trabalho que realizamos e o bem imenso que fazemos a na\u00e7\u00e3o, mas usamos do que temos e contamos com parcerias como da Escola de Ativismo e outros, para uma melhor e eficaz qualidade em nossos trabalhos.<\/p>\n<p style=\"text-align: justify;\">Trabalhamos e nos relacionamos com a sociedade civil, e todos os envolvidos diretamente e indiretamente com o recurso \u00e1gua e meio ambiente, para atingir nosso objetivo e para que haja uma boa comunica\u00e7\u00e3o, para fazer entender utilizamos desde fotos, v\u00eddeos, textos sites, cartilhas, f\u00f3rum e palestras nacionais e internacionais, sobre as nossas bacias d\u2019\u00e1gua e nossos recursos h\u00eddricos, sendo estes os meios usados de maior efici\u00eancia e totalmente funcional, variando de regi\u00f5es, imaginamos que um diferencial com maior abrang\u00eancia e melhor cobertura dos fatos e atos fariam toda a diferen\u00e7a. Essa \u00e9 a nossa pretens\u00e3o de aprimoramento, pois hoje acreditamos que quem segue esse material s\u00e3o os Fonasqueanos e as pessoas interessadas em gest\u00f5es democr\u00e1ticas das \u00e1guas, pescadores, popula\u00e7\u00f5es tradicionais, ribeirinhos, quilombolas, peradeiros, t\u00e9cnicos ambientais, entre outras, por isso pretendemos ampliar a nossa rede de comunica\u00e7\u00e3o, os poss\u00edveis parceiros s\u00e3o outras ONG\u00b4s, comit\u00eas de bacias hidrogr\u00e1ficas, atores sociais, popula\u00e7\u00f5es tradicionais, queremos ampliar o meio de divulga\u00e7\u00f5es e acesso das nossas informa\u00e7\u00f5es a esses p\u00fablicos alvo. Por isso estamos abertos a novas iniciativas, e aceitamos usar novas propostas de comunica\u00e7\u00e3o e m\u00eddias vindas de outros grupos, e abra\u00e7amos a resid\u00eancia de comunica\u00e7\u00e3o em parceria da Escola de Ativismo.<\/p>\n<p style=\"text-align: justify;\">Acreditamos que todos e qualquer usu\u00e1rio das \u00e1guas sejam ela difusas ou n\u00e3o, \u00e9 um potencial parceiro, temos como parceiros v\u00e1rios f\u00f3runs, pois somos um f\u00f3rum, f\u00f3rum de organiza\u00e7\u00e3o civil dos comit\u00eas de bacias hidrogr\u00e1ficas, ent\u00e3o temos apoio de v\u00e1rias ONG\u00b4s, associa\u00e7\u00f5es, cooperativas, em Mato Grosso temos o apoio direto do FORMAD (f\u00f3rum mato-grossense de desenvolvimento sustent\u00e1vel). Com isso verificamos a necessidade de montar uma planilha de contatos, um mailing, com todos os nossos parceiros e potenciais parceiros, e um mailing jornal\u00edstico tamb\u00e9m, com os contatos profissionais para os quais avisaremos a m\u00eddia atrav\u00e9s de press release e release os trabalhos e realiza\u00e7\u00f5es da nossa organiza\u00e7\u00e3o.<\/p>\n<p style=\"text-align: justify;\">A comunica\u00e7\u00e3o popular e a educomunica\u00e7\u00e3o vem fortalecendo o trabalho feito pela nossa organiza\u00e7\u00e3o, a comunica\u00e7\u00e3o popular \u00e9 o carro chefe do fonasc, pois trabalhamos com povos, populares, sociedade civil, e aonde a educomunica\u00e7\u00e3o \u00e9 essencial, essa comunica\u00e7\u00e3o tem sido funcional, ainda buscando conhecimento t\u00e9cnico e em constante aprendizado para o aprimoramento, e assim fortalecer o nosso trabalho almejando alcan\u00e7ar a total efici\u00eancia, embora a comunica\u00e7\u00e3o popular e a educomunica\u00e7\u00e3o \u00e9 o que fazemos e somos, de maneira que acabamos por aplicar em todas as nossas atividades e trabalhos, usamos destes meios para passar a import\u00e2ncia a necessidade e o objetivo de nossas atividades, principalmente na nossa cultura Pantaneira.<\/p>\n<p style=\"text-align: justify;\">A valoriza\u00e7\u00e3o do Pantanal e tudo que nele envolve fazem parte da cultura pantaneira, e a luta por mant\u00ea-lo fazem parte da nossa identidade, mostrando sua beleza e import\u00e2ncia de maneira a que todos entendam, representando o Pantanal nos f\u00f3runs colegiados, e apresentando o Pantanal atrav\u00e9s de m\u00edsticas, m\u00fasicas raiz, cita\u00e7\u00e3o ao Pantanal, tornando suas lendas cr\u00f4nicas, a m\u00eddia jornal\u00edstica se envolve limitadamente, pois s\u00f3 mostram as, maravilhas do pantanal e suas rend\u00e1veis belezas, deixando a desejar a divulga\u00e7\u00e3o na outra parte, a parte \u00e1rdua dos trabalhadores e de ongs e pantaneiros, pela preserva\u00e7\u00e3o e manuten\u00e7\u00e3o e a n\u00e3o extin\u00e7\u00e3o de fauna e flora Pantaneira; Em agosto de 2014 no Pantanal haviam 154 empreendimentos de pch\u00b4s previstos, sendo que 44 destes j\u00e1 estavam em opera\u00e7\u00e3o, em 2016 j\u00e1 eram 166 projetos de barragens previstos, o Fonasc tem feito o dif\u00edcil trabalho em segurar a ganancia por energia em detrimento da conserva\u00e7\u00e3o do patrim\u00f4nio nacional reserva da biosfera e patrim\u00f4nio da humanidade, em detrimento das comunidades e povos tradicionais do Pantanal que dependem da pesca profissional e tur\u00edsticas para gera\u00e7\u00e3o de emprego e renda para a seguran\u00e7a alimentar; Em 2017 esse n\u00famero de projetos de barragens sobe para 169, o setor el\u00e9trico est\u00e1 avido por construir barragens que destroem os rios do Pantanal, precisamos de energia mais precisamos ainda mais do Pantanal, poderiam optar por energias alternativas como energia por placas fotovoltaicas j\u00e1 que o Brasil \u00e9 um pais que \u00e9 sol forte quase o ano todo, pois esses impactos causados pelas pch\u00b4s nenhum seguro cobre as perdas e danos, e n\u00e3o h\u00e1 como refazer o ecossistema, e o trabalho formiguinha dos 570 munic\u00edpios n\u00e3o est\u00e3o conseguindo reflorestar as margens de todo o corpo h\u00eddrico, com isso os rios vem secando ultra rapidamente, mudando todo o sen\u00e1rio Pantaneiro.<\/p>\n<p style=\"text-align: justify;\">Ao final da resid\u00eancia podemos dizer que a proposta feita pela Escola de Ativismo foi conclu\u00edda e satisfat\u00f3ria, pois ela n\u00e3o s\u00f3 apresentou meios e m\u00e9todos de comunica\u00e7\u00e3o, como norteou para as diferentes atividades da ong, usando metodologias claras de f\u00e1cil entendimento, com um conte\u00fado te\u00f3rico simplificado, e finalizado com uma aula pr\u00e1tica ,que possibilitou conciliar a teoria e a pr\u00e1tica, n\u00e3o deixando d\u00favidas de que a Escola est\u00e1 embasada na experi\u00eancia de se comunicar e de que esse m\u00e9todo \u00e9 totalmente funcional e eficaz. Deixando claro ao observar como tudo que foi passado \u00e9 realmente utilizado, coisas que praticamos automaticamente, fazendo uma boa e correta comunica\u00e7\u00e3o. O projeto contribuiu muito com o Fonasc n\u00e3o s\u00f3 acresceu conhecimentos da arte em se comunicar, e fazer uma boa comunica\u00e7\u00e3o, como norteou a ong com seus projetos futuros e em andamentos, diante disso ficam os agradecimentos a Escola pela rica oportunidade de aprendizado e conhecimento, principalmente pela dedica\u00e7\u00e3o de seus comunicadores, profissionais de alt\u00edssima qualidade, pessoas dedicadas e comprometidas com o seu trabalho, que n\u00e3o medem esfor\u00e7os para realizar uma boa comunica\u00e7\u00e3o.<\/p>\n<p style=\"text-align: justify;\">\n<p style=\"text-align: justify;\">\n<p style=\"text-align: justify;\">\n","protected":false},"excerpt":{"rendered":"<p>O FONASC.CBH E A ESCOLA DE ATIVISMO Durante todo o semestre passado, em encontros virtuais e semanais, a Escola de&#8230;<\/p>\n","protected":false},"author":2,"featured_media":0,"comment_status":"closed","ping_status":"open","sticky":false,"template":"","format":"standard","meta":{"footnotes":""},"categories":[43,1],"tags":[],"_links":{"self":[{"href":"https:\/\/fonasc-cbh.org.br\/index.php?rest_route=\/wp\/v2\/posts\/20990"}],"collection":[{"href":"https:\/\/fonasc-cbh.org.br\/index.php?rest_route=\/wp\/v2\/posts"}],"about":[{"href":"https:\/\/fonasc-cbh.org.br\/index.php?rest_route=\/wp\/v2\/types\/post"}],"author":[{"embeddable":true,"href":"https:\/\/fonasc-cbh.org.br\/index.php?rest_route=\/wp\/v2\/users\/2"}],"replies":[{"embeddable":true,"href":"https:\/\/fonasc-cbh.org.br\/index.php?rest_route=%2Fwp%2Fv2%2Fcomments&post=20990"}],"version-history":[{"count":1,"href":"https:\/\/fonasc-cbh.org.br\/index.php?rest_route=\/wp\/v2\/posts\/20990\/revisions"}],"predecessor-version":[{"id":20991,"href":"https:\/\/fonasc-cbh.org.br\/index.php?rest_route=\/wp\/v2\/posts\/20990\/revisions\/20991"}],"wp:attachment":[{"href":"https:\/\/fonasc-cbh.org.br\/index.php?rest_route=%2Fwp%2Fv2%2Fmedia&parent=20990"}],"wp:term":[{"taxonomy":"category","embeddable":true,"href":"https:\/\/fonasc-cbh.org.br\/index.php?rest_route=%2Fwp%2Fv2%2Fcategories&post=20990"},{"taxonomy":"post_tag","embeddable":true,"href":"https:\/\/fonasc-cbh.org.br\/index.php?rest_route=%2Fwp%2Fv2%2Ftags&post=20990"}],"curies":[{"name":"wp","href":"https:\/\/api.w.org\/{rel}","templated":true}]}}