{"id":20984,"date":"2019-06-05T17:19:21","date_gmt":"2019-06-05T17:19:21","guid":{"rendered":"http:\/\/fonasc-cbh.org.br\/?p=20984"},"modified":"2019-06-05T17:19:21","modified_gmt":"2019-06-05T17:19:21","slug":"experiencia-em-educacao-ambiental-premiada-nacionalmente-sera-apresentada-durante-seminario","status":"publish","type":"post","link":"https:\/\/fonasc-cbh.org.br\/?p=20984","title":{"rendered":"EXPERI\u00caNCIA EM EDUCA\u00c7\u00c3O AMBIENTAL PREMIADA NACIONALMENTE SER\u00c1 APRESENTADA DURANTE SEMIN\u00c1RIO"},"content":{"rendered":"<p align=\"center\"><strong>EXPERI\u00caNCIA EM EDUCA\u00c7\u00c3O AMBIENTAL PREMIADA NACIONALMENTE SER\u00c1 APRESENTADA DURANTE SEMIN\u00c1RIO<\/strong><\/p>\n<p><strong>Texto:<\/strong> Ascom Fonasc.CBH<br \/>\n<strong>Data:<\/strong> 05\/06\/2019<\/p>\n<p>Os membros do Comit\u00ea Infanto Juvenil da Bacia Hidrogr\u00e1fica do Rio Jeniparana (CIJBHRJ) ir\u00e3o apresentar sua experi\u00eancia durante o Semin\u00e1rio Estadual de Educa\u00e7\u00e3o Ambiental nesta quinta-feira, dia 06, a partir das 15h, no audit\u00f3rio da Procuradoria Geral de Justi\u00e7a, no Calhau. O projeto do Comit\u00ea Infanto Juvenil, que j\u00e1 recebeu premia\u00e7\u00e3o nacional por duas vezes (em 2015 e 2017) como uma das melhores experi\u00eancias em educa\u00e7\u00e3o ambiental, mobiliza\u00e7\u00e3o social e comunica\u00e7\u00e3o para gest\u00e3o das \u00e1guas, \u00e9 uma iniciativa que re\u00fane crian\u00e7as e adolescentes de escolas comunit\u00e1rias da regi\u00e3o metropolitana de S\u00e3o Lu\u00eds, em parceria com o Fonasc.CBH.<\/p>\n<p>Al\u00e9m da apresenta\u00e7\u00e3o do Comit\u00ea, na programa\u00e7\u00e3o do evento, que ocorre nesta quinta e sexta-feira, ainda est\u00e3o previstas palestras, mesas redondas, debates, atra\u00e7\u00f5es culturais e a apresenta\u00e7\u00e3o de outras experi\u00eancias de educa\u00e7\u00e3o ambiental de escolas p\u00fablicas e de organiza\u00e7\u00f5es n\u00e3o-governamentais.<\/p>\n<p>O evento \u00e9 promovido pelo Minist\u00e9rio P\u00fablico do Maranh\u00e3o, em parceria com Tribunal de Justi\u00e7a, Conselho Estadual de Educa\u00e7\u00e3o e Governo do Estado. Participam do evento, gestores de escolas, professores, representantes do poder Judici\u00e1rio, do Minist\u00e9rio P\u00fablico, das secretarias de Estado e da sociedade civil organizada.<\/p>\n","protected":false},"excerpt":{"rendered":"<p>EXPERI\u00caNCIA EM EDUCA\u00c7\u00c3O AMBIENTAL PREMIADA NACIONALMENTE SER\u00c1 APRESENTADA DURANTE SEMIN\u00c1RIO Texto: Ascom Fonasc.CBH Data: 05\/06\/2019 Os membros do Comit\u00ea Infanto&#8230;<\/p>\n","protected":false},"author":2,"featured_media":0,"comment_status":"closed","ping_status":"open","sticky":false,"template":"","format":"standard","meta":{"footnotes":""},"categories":[1,37,8],"tags":[],"_links":{"self":[{"href":"https:\/\/fonasc-cbh.org.br\/index.php?rest_route=\/wp\/v2\/posts\/20984"}],"collection":[{"href":"https:\/\/fonasc-cbh.org.br\/index.php?rest_route=\/wp\/v2\/posts"}],"about":[{"href":"https:\/\/fonasc-cbh.org.br\/index.php?rest_route=\/wp\/v2\/types\/post"}],"author":[{"embeddable":true,"href":"https:\/\/fonasc-cbh.org.br\/index.php?rest_route=\/wp\/v2\/users\/2"}],"replies":[{"embeddable":true,"href":"https:\/\/fonasc-cbh.org.br\/index.php?rest_route=%2Fwp%2Fv2%2Fcomments&post=20984"}],"version-history":[{"count":2,"href":"https:\/\/fonasc-cbh.org.br\/index.php?rest_route=\/wp\/v2\/posts\/20984\/revisions"}],"predecessor-version":[{"id":20986,"href":"https:\/\/fonasc-cbh.org.br\/index.php?rest_route=\/wp\/v2\/posts\/20984\/revisions\/20986"}],"wp:attachment":[{"href":"https:\/\/fonasc-cbh.org.br\/index.php?rest_route=%2Fwp%2Fv2%2Fmedia&parent=20984"}],"wp:term":[{"taxonomy":"category","embeddable":true,"href":"https:\/\/fonasc-cbh.org.br\/index.php?rest_route=%2Fwp%2Fv2%2Fcategories&post=20984"},{"taxonomy":"post_tag","embeddable":true,"href":"https:\/\/fonasc-cbh.org.br\/index.php?rest_route=%2Fwp%2Fv2%2Ftags&post=20984"}],"curies":[{"name":"wp","href":"https:\/\/api.w.org\/{rel}","templated":true}]}}