{"id":20980,"date":"2019-05-30T19:48:45","date_gmt":"2019-05-30T19:48:45","guid":{"rendered":"http:\/\/fonasc-cbh.org.br\/?p=20980"},"modified":"2019-05-30T20:09:51","modified_gmt":"2019-05-30T20:09:51","slug":"fonasc-cbh-participa-de-mais-uma-reuniao-do-cbh-paraopeba","status":"publish","type":"post","link":"https:\/\/fonasc-cbh.org.br\/?p=20980","title":{"rendered":"FONASC.CBH PARTICIPA DE MAIS UMA REUNI\u00c3O DO CBH-PARAOPEBA"},"content":{"rendered":"<p style=\"text-align: center;\"><strong>FONASC.CBH PARTICIPA DE MAIS UMA REUNI\u00c3O DO CBH-PARAOPEBA<\/strong><\/p>\n<p><strong>Texto<\/strong> &#8211; Ascom Fonasc.CBH<br \/>\n<strong>Data<\/strong> &#8211; 30.05.2019<\/p>\n<p style=\"text-align: justify;\">Amanh\u00e3, 31, o Fonasc.CBH participa da 51\u00aa Reuni\u00e3o Ordin\u00e1ria do Comit\u00ea da Bacia Hidrogr\u00e1fica do Rio Paraopeba (CBH Paraopeba) que acontece \u00e0s, 13 horas, no Clube dos trabalhadores SESI Betim, na Rua Bela Vista, 220 B. Ch\u00e1caras &#8211; Betim\/MG.<\/p>\n<p style=\"text-align: justify;\">Um dos principais pontos que o Fonasc.CBH vai acompanhar \u00e9 o debate e aprova\u00e7\u00e3o das linhas gerais de projeto apresentado ao MP MG no \u00e2mbito do GT- Acompanhamento das tratativas institucionais referentes \u00e0 implanta\u00e7\u00e3o de pol\u00edticas p\u00fablicas espec\u00edficas como resposta aos efeitos do rompimento da Barragem I da Minera\u00e7\u00e3o C\u00f3rrego do Feij\u00e3o de Brumadinho. Al\u00e9m disso, a representa\u00e7\u00e3o do Fonasc.CBH dentro do Comit\u00ea vai acompanhar ainda a apreseta\u00e7\u00e3o do resumo da 1\u00aa. vers\u00e3o do Plano Diretor da Bacia Hidrogr\u00e1fica do Rio Paraopeba, mesmo quando o Fonasc.CBH encaminhou v\u00e1rios documentos para contribuir com o plano, mas sem obter resposta da secretaria executiva do Comit\u00ea.<\/p>\n<p style=\"text-align: justify;\">Ainda consta na pauta da reuni\u00e3o do CBH Paraopeba: Elei\u00e7\u00e3o e Posse para o cargo em vac\u00e2ncia do Vice-Presidente do CBHParaopeba; \u00a0Altera\u00e7\u00e3o do regimento interno do CHB Paraopeba referente \u00e0 altera\u00e7\u00e3o do mandato da atual diretoria.<\/p>\n<p style=\"text-align: justify;\">Haver\u00e1 ainda as apresenta\u00e7\u00f5es: Diagn\u00f3stico das \u00e1guas da bacia Paraopeba frente aos empreendimentos do setor minero industrial &#8211; 1997-2019 e p\u00f3s rompimento da barragem B1 &#8211; Brumadinho \u2013 FIEMG (Deivid Lucas de Oliveira); e sobre as Perspectivas da COBRAPE para o PDRH da Bacia do Rio Paraopeba ap\u00f3s o rompimento da barragem da VALE em Brumadinho\/Resultados da \u00faltima reuni\u00e3o do GAT-Plano Diretor \u2013 COBRAPE (Bruna Miro).<\/p>\n","protected":false},"excerpt":{"rendered":"<p>FONASC.CBH PARTICIPA DE MAIS UMA REUNI\u00c3O DO CBH-PARAOPEBA Texto &#8211; Ascom Fonasc.CBH Data &#8211; 30.05.2019 Amanh\u00e3, 31, o Fonasc.CBH participa&#8230;<\/p>\n","protected":false},"author":2,"featured_media":0,"comment_status":"closed","ping_status":"open","sticky":false,"template":"","format":"standard","meta":{"footnotes":""},"categories":[1,38,8],"tags":[],"_links":{"self":[{"href":"https:\/\/fonasc-cbh.org.br\/index.php?rest_route=\/wp\/v2\/posts\/20980"}],"collection":[{"href":"https:\/\/fonasc-cbh.org.br\/index.php?rest_route=\/wp\/v2\/posts"}],"about":[{"href":"https:\/\/fonasc-cbh.org.br\/index.php?rest_route=\/wp\/v2\/types\/post"}],"author":[{"embeddable":true,"href":"https:\/\/fonasc-cbh.org.br\/index.php?rest_route=\/wp\/v2\/users\/2"}],"replies":[{"embeddable":true,"href":"https:\/\/fonasc-cbh.org.br\/index.php?rest_route=%2Fwp%2Fv2%2Fcomments&post=20980"}],"version-history":[{"count":3,"href":"https:\/\/fonasc-cbh.org.br\/index.php?rest_route=\/wp\/v2\/posts\/20980\/revisions"}],"predecessor-version":[{"id":20982,"href":"https:\/\/fonasc-cbh.org.br\/index.php?rest_route=\/wp\/v2\/posts\/20980\/revisions\/20982"}],"wp:attachment":[{"href":"https:\/\/fonasc-cbh.org.br\/index.php?rest_route=%2Fwp%2Fv2%2Fmedia&parent=20980"}],"wp:term":[{"taxonomy":"category","embeddable":true,"href":"https:\/\/fonasc-cbh.org.br\/index.php?rest_route=%2Fwp%2Fv2%2Fcategories&post=20980"},{"taxonomy":"post_tag","embeddable":true,"href":"https:\/\/fonasc-cbh.org.br\/index.php?rest_route=%2Fwp%2Fv2%2Ftags&post=20980"}],"curies":[{"name":"wp","href":"https:\/\/api.w.org\/{rel}","templated":true}]}}