{"id":20976,"date":"2019-05-30T17:24:36","date_gmt":"2019-05-30T17:24:36","guid":{"rendered":"http:\/\/fonasc-cbh.org.br\/?p=20976"},"modified":"2019-05-30T17:24:36","modified_gmt":"2019-05-30T17:24:36","slug":"associe-se-ao-fonasc-cbh","status":"publish","type":"post","link":"https:\/\/fonasc-cbh.org.br\/?p=20976","title":{"rendered":"ASSOCIE-SE AO FONASC.CBH"},"content":{"rendered":"<p style=\"text-align: center;\"><strong>ASSOCIE-SE AO FONASC.CBH<\/strong><\/p>\n<p><strong>Texto:<\/strong> Ascom Fonasc.CBH<br \/>\n<strong>Data:<\/strong> 30\/05\/2019<\/p>\n<p>&nbsp;<\/p>\n<p>Para as pessoas ou entidades que desejam se associar ao Fonasc.CBH agora est\u00e1 bem simples e f\u00e1cil. Basta <a href=\"https:\/\/fonasc-cbh.org.br\/?page_id=8028\">acessar o link aqui<\/a> e voc\u00ea ser\u00e1 dirigido ao Formul\u00e1rio em que ir\u00e1 preencher com seus dados pessoais (caso de pessoas f\u00edsicas) ou com os dados de sua entidade (caso de pessoas jur\u00eddicas).<\/p>\n<p>Associar-se ao Fonasc.CBH \u00e9 ser ator das pol\u00edticas p\u00fablicas de meio ambiente e de recursos h\u00eddricos, \u00e9 participar e mobilizar o segmento da sociedade civil para atuar de forma competente e eficaz em \u00f3rg\u00e3os colegiados que estruturam a pol\u00edtica p\u00fablica, \u00e9 acreditar que a educa\u00e7\u00e3o ambiental traz benef\u00edcios a curto, m\u00e9dio e longo prazo.<\/p>\n<p>Venha e fa\u00e7a parte do nosso time!<\/p>\n","protected":false},"excerpt":{"rendered":"<p>ASSOCIE-SE AO FONASC.CBH Texto: Ascom Fonasc.CBH Data: 30\/05\/2019 &nbsp; Para as pessoas ou entidades que desejam se associar ao Fonasc.CBH&#8230;<\/p>\n","protected":false},"author":2,"featured_media":0,"comment_status":"closed","ping_status":"open","sticky":false,"template":"","format":"standard","meta":{"footnotes":""},"categories":[1,8],"tags":[],"_links":{"self":[{"href":"https:\/\/fonasc-cbh.org.br\/index.php?rest_route=\/wp\/v2\/posts\/20976"}],"collection":[{"href":"https:\/\/fonasc-cbh.org.br\/index.php?rest_route=\/wp\/v2\/posts"}],"about":[{"href":"https:\/\/fonasc-cbh.org.br\/index.php?rest_route=\/wp\/v2\/types\/post"}],"author":[{"embeddable":true,"href":"https:\/\/fonasc-cbh.org.br\/index.php?rest_route=\/wp\/v2\/users\/2"}],"replies":[{"embeddable":true,"href":"https:\/\/fonasc-cbh.org.br\/index.php?rest_route=%2Fwp%2Fv2%2Fcomments&post=20976"}],"version-history":[{"count":2,"href":"https:\/\/fonasc-cbh.org.br\/index.php?rest_route=\/wp\/v2\/posts\/20976\/revisions"}],"predecessor-version":[{"id":20978,"href":"https:\/\/fonasc-cbh.org.br\/index.php?rest_route=\/wp\/v2\/posts\/20976\/revisions\/20978"}],"wp:attachment":[{"href":"https:\/\/fonasc-cbh.org.br\/index.php?rest_route=%2Fwp%2Fv2%2Fmedia&parent=20976"}],"wp:term":[{"taxonomy":"category","embeddable":true,"href":"https:\/\/fonasc-cbh.org.br\/index.php?rest_route=%2Fwp%2Fv2%2Fcategories&post=20976"},{"taxonomy":"post_tag","embeddable":true,"href":"https:\/\/fonasc-cbh.org.br\/index.php?rest_route=%2Fwp%2Fv2%2Ftags&post=20976"}],"curies":[{"name":"wp","href":"https:\/\/api.w.org\/{rel}","templated":true}]}}