{"id":20971,"date":"2019-05-30T13:20:43","date_gmt":"2019-05-30T13:20:43","guid":{"rendered":"http:\/\/fonasc-cbh.org.br\/?p=20971"},"modified":"2019-05-30T13:20:55","modified_gmt":"2019-05-30T13:20:55","slug":"fonasc-internacional-resistencia-aos-antibioticos-e-uma-ameaca-tao-grande-quanto-a-mudanca-climatica-chefe-medico","status":"publish","type":"post","link":"https:\/\/fonasc-cbh.org.br\/?p=20971","title":{"rendered":"FONASC INTERNACIONAL &#8211; Resist\u00eancia aos antibi\u00f3ticos \u00e9 uma amea\u00e7a t\u00e3o grande quanto a mudan\u00e7a clim\u00e1tica &#8211; chefe m\u00e9dico"},"content":{"rendered":"<p>&nbsp;<\/p>\n<header>\n<div>\n<div>\n<h1>Resist\u00eancia aos antibi\u00f3ticos \u00e9 uma amea\u00e7a t\u00e3o grande quanto a mudan\u00e7a clim\u00e1tica &#8211; chefe m\u00e9dico<\/h1>\n<div>\n<div><span>Este artigo tem mais de\u00a0<\/span><strong>1 m\u00eas<\/strong><\/div>\n<\/div>\n<\/div>\n<div>\n<div data-link-name=\"standfirst\" data-component=\"standfirst\">\n<p><span>Dame Sally Davies pede uma campanha ao estilo da Rebelde de Extin\u00e7\u00e3o para aumentar a conscientiza\u00e7\u00e3o<\/span><\/p>\n<\/div>\n<\/div>\n<\/div>\n<div>\n<div>\n<p data-link-name=\"byline\" data-component=\"meta-byline\"><a href=\"https:\/\/www.theguardian.com\/profile\/fiona-harvey\" rel=\"author\" data-link-name=\"auto tag link\">Fiona Harvey<\/a><span>Correspondente do meio ambiente<\/span><\/p>\n<p><time itemprop=\"datePublished\" datetime=\"2019-04-29T13:17:41+0100\" data-timestamp=\"1556540261000\"><span>Seg 29 abr 2019\u00a0<\/span>13.17 BST<\/time><time datetime=\"2019-04-29T13:43:07+0100\" data-timestamp=\"1556541787000\" itemprop=\"dateModified\"><span>\u00daltima modifica\u00e7\u00e3o em Seg 29 Abr 2019\u00a0<\/span>13.43 BST<\/time><\/p>\n<\/div>\n<div>\n<div>\n<div title=\"Facebook: 1923\">\n<div><span>A\u00e7\u00f5es<\/span><\/div>\n<div><span>1,923<\/span><\/div>\n<\/div>\n<\/div>\n<\/div>\n<\/div>\n<\/header>\n<p>&nbsp;<\/p>\n<div><source media=\"(min-width: 980px) and (-webkit-min-device-pixel-ratio: 1.25), (min-width: 980px) and (min-resolution: 120dpi)\" sizes=\"620px\" srcset=\"https:\/\/i.guim.co.uk\/img\/media\/0a849c7a755c8c2717a40d1fc99228290a3ee7c3\/0_83_4104_2462\/master\/4104.jpg?width=620&amp;quality=45&amp;auto=format&amp;fit=max&amp;dpr=2&amp;s=e1b6e1c0a31df4fc0f6f4c51f9cb759d 1240w\" \/><source media=\"(min-width: 980px)\" sizes=\"620px\" srcset=\"https:\/\/i.guim.co.uk\/img\/media\/0a849c7a755c8c2717a40d1fc99228290a3ee7c3\/0_83_4104_2462\/master\/4104.jpg?width=620&amp;quality=85&amp;auto=format&amp;fit=max&amp;s=4236155e1de9eb4af7d0fae9fe85052f 620w\" \/><source media=\"(min-width: 740px) and (-webkit-min-device-pixel-ratio: 1.25), (min-width: 740px) and (min-resolution: 120dpi)\" sizes=\"700px\" srcset=\"https:\/\/i.guim.co.uk\/img\/media\/0a849c7a755c8c2717a40d1fc99228290a3ee7c3\/0_83_4104_2462\/master\/4104.jpg?width=700&amp;quality=45&amp;auto=format&amp;fit=max&amp;dpr=2&amp;s=f39dd4f4bf6b18800a5379aa94798b58 1400w\" \/><source media=\"(min-width: 740px)\" sizes=\"700px\" srcset=\"https:\/\/i.guim.co.uk\/img\/media\/0a849c7a755c8c2717a40d1fc99228290a3ee7c3\/0_83_4104_2462\/master\/4104.jpg?width=700&amp;quality=85&amp;auto=format&amp;fit=max&amp;s=5e97289dedbbb8db273b15a9872143f4 700w\" \/><source media=\"(min-width: 660px) and (-webkit-min-device-pixel-ratio: 1.25), (min-width: 660px) and (min-resolution: 120dpi)\" sizes=\"620px\" srcset=\"https:\/\/i.guim.co.uk\/img\/media\/0a849c7a755c8c2717a40d1fc99228290a3ee7c3\/0_83_4104_2462\/master\/4104.jpg?width=620&amp;quality=45&amp;auto=format&amp;fit=max&amp;dpr=2&amp;s=e1b6e1c0a31df4fc0f6f4c51f9cb759d 1240w\" \/><source media=\"(min-width: 660px)\" sizes=\"620px\" srcset=\"https:\/\/i.guim.co.uk\/img\/media\/0a849c7a755c8c2717a40d1fc99228290a3ee7c3\/0_83_4104_2462\/master\/4104.jpg?width=620&amp;quality=85&amp;auto=format&amp;fit=max&amp;s=4236155e1de9eb4af7d0fae9fe85052f 620w\" \/><source media=\"(min-width: 480px) and (-webkit-min-device-pixel-ratio: 1.25), (min-width: 480px) and (min-resolution: 120dpi)\" sizes=\"645px\" srcset=\"https:\/\/i.guim.co.uk\/img\/media\/0a849c7a755c8c2717a40d1fc99228290a3ee7c3\/0_83_4104_2462\/master\/4104.jpg?width=645&amp;quality=45&amp;auto=format&amp;fit=max&amp;dpr=2&amp;s=be14079766277c3fe61b6b38f7f29530 1290w\" \/><source media=\"(min-width: 480px)\" sizes=\"645px\" srcset=\"https:\/\/i.guim.co.uk\/img\/media\/0a849c7a755c8c2717a40d1fc99228290a3ee7c3\/0_83_4104_2462\/master\/4104.jpg?width=645&amp;quality=85&amp;auto=format&amp;fit=max&amp;s=47490d8b00e51f5c22c015fed8acd07e 645w\" \/><source media=\"(min-width: 0px) and (-webkit-min-device-pixel-ratio: 1.25), (min-width: 0px) and (min-resolution: 120dpi)\" sizes=\"465px\" srcset=\"https:\/\/i.guim.co.uk\/img\/media\/0a849c7a755c8c2717a40d1fc99228290a3ee7c3\/0_83_4104_2462\/master\/4104.jpg?width=465&amp;quality=45&amp;auto=format&amp;fit=max&amp;dpr=2&amp;s=9421a34b4e4974244b6e3b376a5535c3 930w\" \/><source media=\"(min-width: 0px)\" sizes=\"465px\" srcset=\"https:\/\/i.guim.co.uk\/img\/media\/0a849c7a755c8c2717a40d1fc99228290a3ee7c3\/0_83_4104_2462\/master\/4104.jpg?width=465&amp;quality=85&amp;auto=format&amp;fit=max&amp;s=857ae42c2396792ee3d9b8d2ff242437 465w\" \/><img decoding=\"async\" src=\"https:\/\/i.guim.co.uk\/img\/media\/0a849c7a755c8c2717a40d1fc99228290a3ee7c3\/0_83_4104_2462\/master\/4104.jpg?width=300&amp;quality=85&amp;auto=format&amp;fit=max&amp;s=2b0930652d025cdbfcbc5722eabf5a47\" alt=\"P\u00edlulas azuis e brancas\" \/><\/div>\n<p>&nbsp;<\/p>\n<header>\n<figure itemprop=\"associatedMedia image\" itemscope=\"\" itemtype=\"http:\/\/schema.org\/ImageObject\" data-component=\"image\" data-media-id=\"0a849c7a755c8c2717a40d1fc99228290a3ee7c3\" id=\"img-1\"><figcaption itemprop=\"description\">\u00a0<span><span>Davies disse que os esfor\u00e7os para combater o problema da resist\u00eancia a antibi\u00f3ticos devem ser coordenados em n\u00edvel global.\u00a0<\/span><span>Foto: Alamy<\/span><\/span><\/figcaption><\/figure>\n<\/header>\n<p>&nbsp;<\/p>\n<div data-test-id=\"article-review-body\">\n<p><span><span>Protestos contra a mudan\u00e7a clim\u00e1tica devem ser estendidos \u00e0 outra grande amea\u00e7a que a humanidade enfrenta, segundo o diretor m\u00e9dico da Inglaterra, que diz que\u00a0<\/span><span>\u00e9 necess\u00e1ria uma campanha de estilo\u00a0<\/span><\/span><a href=\"https:\/\/www.theguardian.com\/environment\/2019\/apr\/27\/extinction-rebellion-activists-stage-die-in-protests-across-globe\" data-link-name=\"in body link\"><span><span>Rebeli\u00e3o da Extin\u00e7\u00e3o<\/span><\/span><\/a><span>\u00a0para evitar que pessoas com antibi\u00f3ticos se tornem ineficazes diante do uso excessivo e da falta de regulamenta\u00e7\u00e3o.<\/span><\/p>\n<p><span>A\u00a0<\/span><a href=\"https:\/\/www.theguardian.com\/society\/2018\/sep\/04\/rise-in-antibiotic-resistance-must-be-tackled-says-top-medic\" data-link-name=\"in body link\"><span><span>amea\u00e7a da resist\u00eancia aos antibi\u00f3ticos<\/span><\/span><\/a><span>\u00a0\u00e9 t\u00e3o grande quanto a da mudan\u00e7a clim\u00e1tica, disse Dame Sally Davies, e deve receber tanta aten\u00e7\u00e3o dos pol\u00edticos e do p\u00fablico.<\/span><\/p>\n<p><span><span>&#8220;Seria bom se os ativistas reconhecessem a import\u00e2ncia disso&#8221;, disse ela.\u00a0<\/span><span>\u201cIsso est\u00e1 acontecendo devagar e as pessoas se ajustam onde estamos, mas isso \u00e9 o equivalente [perigo] ao clima extremo.\u201d<\/span><\/span><\/p>\n<aside data-component=\"rich-link\" data-link-name=\"rich-link-1 | 1\">\n<div>\n<div>\n<div><img decoding=\"async\" src=\"https:\/\/i.guim.co.uk\/img\/media\/d228b3b0e0e4caa9f08c49eae22e5db5333f9fad\/0_46_1400_840\/master\/1400.jpg?width=460&amp;quality=85&amp;auto=format&amp;fit=max&amp;s=11da316d4bc8945fe00b13ab134db0e3\" alt=\"\" \/><\/div>\n<div>\n<h2><a>As drogas n\u00e3o funcionam: o que acontece depois dos antibi\u00f3ticos?<\/a><\/h2>\n<\/div>\n<div>\n<div><span><span>Consulte Mais informa\u00e7\u00e3o<\/span><\/span><\/div>\n<\/div>\n<\/div>\n<\/div>\n<\/aside>\n<p><span>Davies disse que os esfor\u00e7os para combater o problema de doen\u00e7as comuns se tornando intrat\u00e1veis \u200b\u200bpor medicamentos antibi\u00f3ticos devem ser coordenados em n\u00edvel mundial, da mesma forma que o Painel Intergovernamental sobre Mudan\u00e7a Clim\u00e1tica, \u00f3rg\u00e3o criado em 1988 para combater o aquecimento global.<\/span><\/p>\n<p><span>O IPCC\u00a0<\/span><a href=\"https:\/\/www.theguardian.com\/environment\/2018\/oct\/08\/global-warming-must-not-exceed-15c-warns-landmark-un-report\" data-link-name=\"in body link\"><span><span>alertou no ano passado<\/span><\/span><\/a><span><span>\u00a0que a mudan\u00e7a clim\u00e1tica levaria a um desastre dentro de 12 anos se a\u00e7\u00f5es urgentes n\u00e3o fossem tomadas para reverter o crescimento das emiss\u00f5es de gases de efeito estufa.\u00a0<\/span><span>Davies disse que as conseq\u00fc\u00eancias da resist\u00eancia aos antibi\u00f3ticos representam pelo menos uma amea\u00e7a t\u00e3o grande para o futuro da humanidade, e no mesmo prazo, mas poucos esfor\u00e7os foram feitos para lidar com a quest\u00e3o.<\/span><\/span><\/p>\n<p><span><span>\u201cN\u00e3o h\u00e1 apetite entre as empresas farmac\u00eauticas para desenvolver novos medicamentos\u201d, disse ela.\u00a0<\/span><span>\u201cH\u00e1 uma falha sist\u00eamica.\u00a0<\/span><span>Precisamos de algo semelhante ao IPCC \u201d.<\/span><\/span><\/p>\n<div id=\"dfp-ad--inline1\" data-link-name=\"ad slot inline1\" data-name=\"inline1\" data-mobile=\"1,1|2,2|300,197|300,250|300,274|fluid\" data-phablet=\"1,1|2,2|300,197|300,250|300,274|620,350|fluid\" data-desktop=\"1,1|2,2|300,250|300,274|620,1|620,350|fluid\" data-google-query-id=\"CID_5c-rw-ICFc0RgQod3Q0F6w\">\n<div id=\"google_ads_iframe_\/59666047\/theguardian.com\/society\/article\/ng_7__container__\"><iframe loading=\"lazy\" id=\"google_ads_iframe_\/59666047\/theguardian.com\/society\/article\/ng_7\" title=\"Conte\u00fado de an\u00fancios de terceiros\" src=\"https:\/\/tpc.googlesyndication.com\/safeframe\/1-0-33\/html\/container.html\" frameborder=\"0\" marginwidth=\"0\" marginheight=\"0\" scrolling=\"no\" width=\"300\" height=\"274\" data-is-safeframe=\"true\" data-google-container-id=\"6\" data-load-complete=\"true\"><\/iframe><\/div>\n<\/div>\n<p><span>Ela listou uma s\u00e9rie de problemas que o mundo permitiu construir, desde o uso excessivo de antibi\u00f3ticos e a falta de restri\u00e7\u00f5es \u00e0 prescri\u00e7\u00e3o de medicamentos fortes, at\u00e9 o uso desenfreado das drogas\u00a0<\/span><a href=\"https:\/\/www.theguardian.com\/society\/2018\/oct\/25\/european-parliament-approves-curbs-on-use-of-antibiotics-on-farm-animals\" data-link-name=\"in body link\"><span><span>em animais<\/span><\/span><\/a><span><span>\u00a0, inclusive pelos agricultores para \u201cpromo\u00e7\u00e3o do crescimento\u201d, como o drogas podem fazer com que os animais ganhem peso mais rapidamente.\u00a0<\/span><span>Tal uso foi banido na Europa e nos EUA, mas \u00e9 comum em outros lugares, e mesmo na UE e nos EUA, o uso de antibi\u00f3ticos fortes, cr\u00edticos para a sa\u00fade humana, ainda \u00e9 permitido em animais, apesar dos pareceres cient\u00edficos em contr\u00e1rio.<\/span><\/span><\/p>\n<p><span><span>Davies disse que ela teve que ser persuadida a considerar qualquer uso de antibi\u00f3ticos em animais como \u00e9tico, dado o potencial de uso excessivo, levando ao aumento da resist\u00eancia bacteriana.\u00a0<\/span><span>&#8220;Eu acho que agora eles podem ser usados \u200b\u200bem animais doentes, eu fui convencido&#8221;, disse ela.\u00a0<\/span><span>Mas ela ainda est\u00e1 preocupada com o fato de que os antibi\u00f3ticos s\u00e3o amplamente usados \u200b\u200bem excesso na agricultura e que esse \u00e9 um dos maiores fatores por tr\u00e1s do crescente problema da resist\u00eancia.\u00a0<\/span><span>Globalmente, de longe, a maioria do uso de antibi\u00f3ticos \u00e9 para animais.<\/span><\/span><\/p>\n<p><a href=\"https:\/\/www.theguardian.com\/environment\/2018\/oct\/18\/horrific-footage-reveals-fish-suffocating-to-death-on-industrial-farms-in-italy\" data-link-name=\"in body link\"><span><span>A piscicultura<\/span><\/span><\/a><span><span>\u00a0tamb\u00e9m \u00e9 uma grande preocupa\u00e7\u00e3o, disse Davies, j\u00e1 que o uso de antibi\u00f3ticos tem sido negligenciado na ind\u00fastria.\u00a0<\/span><span>Poucas \u00e1reas de cultivo est\u00e3o livres de preocupa\u00e7\u00e3o &#8211; ela observou que os antibi\u00f3ticos podem ser usados \u200b\u200bna pulveriza\u00e7\u00e3o de frutas c\u00edtricas nos EUA, o que ela considera um s\u00e9rio perigo.<\/span><\/span><\/p>\n<aside data-component=\"rich-link-tag\" data-link-name=\"rich-link-tag\">\n<div>\n<div>\n<div><img decoding=\"async\" src=\"https:\/\/i.guim.co.uk\/img\/media\/6e299eefbc2ac00348afa53ba249c7fd2e575966\/0_27_3121_1872\/master\/3121.jpg?width=460&amp;quality=85&amp;auto=format&amp;fit=max&amp;s=c7ff078095c7b77622f76746f02c1c79\" alt=\"\" \/><\/div>\n<div>\n<h2><a>Inscreva-se no e-mail da Green Light para obter as hist\u00f3rias mais importantes do planeta<\/a><\/h2>\n<\/div>\n<div>\n<div><span><span>Consulte Mais informa\u00e7\u00e3o<\/span><\/span><\/div>\n<\/div>\n<\/div>\n<\/div>\n<\/aside>\n<p><span>Davies\u00a0<\/span><a href=\"https:\/\/www.theguardian.com\/society\/2019\/feb\/08\/england-chief-medical-officer-dame-sally-hughes-cambridge\" data-link-name=\"in body link\"><span><span>deixar\u00e1 seu cargo no<\/span><\/span><\/a><span><span>\u00a0final deste ano, portanto n\u00e3o ter\u00e1 mais o papel do governo quando acordos p\u00f3s-Brexit com os EUA provavelmente ser\u00e3o assinados.\u00a0<\/span><span>Mas ela deixou claro que continuaria a falar contra acordos que ela via como enfraquecendo as prote\u00e7\u00f5es do Reino Unido ao uso de antibi\u00f3ticos.\u00a0<\/span><span>Os EUA t\u00eam regras diferentes para a UE sobre o uso de antibi\u00f3ticos em animais e plantas.<\/span><\/span><\/p>\n<p><span>Um relat\u00f3rio de refer\u00eancia publicado na segunda-feira pelo Grupo de Coordena\u00e7\u00e3o Interinstitucional sobre Resist\u00eancia Antimicrobiana da ONU (IACG) recomendou que sejam implementadas regras mais fortes em todo o mundo para evitar o uso excessivo de tais medicamentos nas fazendas e nas pessoas.<\/span><\/p>\n<p><span><span>Haileyesus Getahun, diretor da IACG, disse que a amea\u00e7a da resist\u00eancia antimicrobiana \u00e9 &#8220;um tsunami silencioso&#8221;.\u00a0<\/span><span>Ele disse que o p\u00fablico ainda n\u00e3o estava ciente do problema, mas que ainda poderia ser resolvido se as pessoas fossem educadas sobre os perigos.\u00a0<\/span><span>&#8220;Estamos chamando as pessoas para se unirem&#8221;, disse ele.\u00a0<\/span><span>&#8220;N\u00f3s ainda n\u00e3o vemos os efeitos disso, mas o que est\u00e1 por vir ser\u00e1 uma cat\u00e1strofe.&#8221;<\/span><\/span><\/p>\n<p><span><span>O relat\u00f3rio pede que o uso de antibi\u00f3ticos como promotores de crescimento em animais de produ\u00e7\u00e3o seja abolido globalmente e que os antibi\u00f3ticos mais fortes sejam reservados para uso humano.\u00a0<\/span><span>Os autores tamb\u00e9m pediram \u00e0s empresas farmac\u00eauticas que \u201cpriorizem o bem p\u00fablico em detrimento do lucro\u201d, porque a falha de mercado que significa desenvolver novos medicamentos, embora seja de enorme benef\u00edcio p\u00fablico, n\u00e3o faz com que as empresas ganhem mais dinheiro.<\/span><\/span><\/p>\n<p><span>Outra quest\u00e3o cr\u00edtica \u00e9 o saneamento, porque a falta de \u00e1gua pot\u00e1vel e o bom saneamento que afligem mais de 2 bilh\u00f5es da popula\u00e7\u00e3o mundial est\u00e1 alimentando o aumento da resist\u00eancia aos antibi\u00f3ticos que se espalha rapidamente pelo mundo, inclusive para os pa\u00edses ricos.<\/span><\/p>\n<p><span>O relat\u00f3rio constatou que a falta de a\u00e7\u00e3o urgente resultaria em 24 milh\u00f5es de pessoas sendo for\u00e7adas \u00e0 pobreza extrema at\u00e9 2030, e levaria a 10 milh\u00f5es de mortes por ano at\u00e9 2050.<\/span><\/p>\n<div data-component=\"mem_acquisition_epic_2019-05-13_contribs_global_epic_environ_r2_v2_crisis_hook\" data-link-name=\"epic\">\n<div>\n<h2><span>Conforme a crise aumenta &#8230;<\/span><\/h2>\n<p><span><span>\u2026 Em nosso mundo natural, nos recusamos a nos afastar da cat\u00e1strofe clim\u00e1tica e da extin\u00e7\u00e3o de esp\u00e9cies.\u00a0<\/span><span>Para o The Guardian, reportar sobre o meio ambiente \u00e9 uma prioridade.\u00a0<\/span><span>N\u00f3s damos aos relat\u00f3rios sobre clima, natureza e polui\u00e7\u00e3o o destaque que merecem, hist\u00f3rias que muitas vezes n\u00e3o s\u00e3o noticiadas por outros na m\u00eddia.\u00a0<\/span><span>Neste momento crucial para nossa esp\u00e9cie e nosso planeta, estamos determinados a informar os leitores sobre amea\u00e7as, conseq\u00fc\u00eancias e solu\u00e7\u00f5es baseadas em fatos cient\u00edficos, n\u00e3o em preconceitos pol\u00edticos ou interesses comerciais.\u00a0<\/span><span>Mas precisamos do seu apoio para ampliar nossa cobertura, para viajar para as linhas de frente remotas da mudan\u00e7a e para cobrir as confer\u00eancias vitais que afetam a todos n\u00f3s.<\/span><\/span><\/p>\n<p><span><span>Mais pessoas est\u00e3o lendo e apoiando nossos relat\u00f3rios investigativos independentes do que nunca.\u00a0<\/span><span>E, ao contr\u00e1rio de muitas organiza\u00e7\u00f5es de not\u00edcias, escolhemos uma abordagem que nos permite manter nosso jornalismo acess\u00edvel a todos, independentemente de onde morem ou do que podem pagar.<\/span><\/span><\/p>\n<p><span><span>O Guardi\u00e3o \u00e9 editorialmente independente, o que significa que estabelecemos nossa pr\u00f3pria agenda.\u00a0<\/span><span>Nosso jornalismo \u00e9 livre de preconceitos comerciais e n\u00e3o \u00e9 influenciado por donos de bilion\u00e1rios, pol\u00edticos ou acionistas.\u00a0<\/span><span>Ningu\u00e9m edita nosso editor.\u00a0<\/span><span>Ningu\u00e9m orienta nossa opini\u00e3o.\u00a0<\/span><span>Isso \u00e9 importante, pois nos permite dar voz aos menos ouvidos, desafiar os poderosos e responsabiliz\u00e1-los.\u00a0<\/span><span>\u00c9 o que nos diferencia de tantos outros na m\u00eddia, no momento em que a reportagem factual e honesta \u00e9 cr\u00edtica.<\/span><\/span><\/p>\n<p><span><span>Todas as contribui\u00e7\u00f5es que recebemos de leitores como voc\u00ea, grandes ou pequenos, v\u00e3o diretamente para o financiamento de nosso jornalismo.\u00a0<\/span><span>Esse suporte nos permite continuar trabalhando como n\u00f3s &#8211; mas devemos mant\u00ea-lo e desenvolv\u00ea-lo a cada ano que vem.\u00a0<\/span><\/span><strong>Apoie o The Guardian a partir de $ 1 &#8211; e leva apenas um minuto.\u00a0<\/strong><\/p>\n<\/div>\n<\/div>\n<\/div>\n","protected":false},"excerpt":{"rendered":"<p>&nbsp; Resist\u00eancia aos antibi\u00f3ticos \u00e9 uma amea\u00e7a t\u00e3o grande quanto a mudan\u00e7a clim\u00e1tica &#8211; chefe m\u00e9dico Este artigo tem mais&#8230;<\/p>\n","protected":false},"author":2,"featured_media":0,"comment_status":"closed","ping_status":"open","sticky":false,"template":"","format":"standard","meta":{"footnotes":""},"categories":[1,36,8],"tags":[],"_links":{"self":[{"href":"https:\/\/fonasc-cbh.org.br\/index.php?rest_route=\/wp\/v2\/posts\/20971"}],"collection":[{"href":"https:\/\/fonasc-cbh.org.br\/index.php?rest_route=\/wp\/v2\/posts"}],"about":[{"href":"https:\/\/fonasc-cbh.org.br\/index.php?rest_route=\/wp\/v2\/types\/post"}],"author":[{"embeddable":true,"href":"https:\/\/fonasc-cbh.org.br\/index.php?rest_route=\/wp\/v2\/users\/2"}],"replies":[{"embeddable":true,"href":"https:\/\/fonasc-cbh.org.br\/index.php?rest_route=%2Fwp%2Fv2%2Fcomments&post=20971"}],"version-history":[{"count":3,"href":"https:\/\/fonasc-cbh.org.br\/index.php?rest_route=\/wp\/v2\/posts\/20971\/revisions"}],"predecessor-version":[{"id":20974,"href":"https:\/\/fonasc-cbh.org.br\/index.php?rest_route=\/wp\/v2\/posts\/20971\/revisions\/20974"}],"wp:attachment":[{"href":"https:\/\/fonasc-cbh.org.br\/index.php?rest_route=%2Fwp%2Fv2%2Fmedia&parent=20971"}],"wp:term":[{"taxonomy":"category","embeddable":true,"href":"https:\/\/fonasc-cbh.org.br\/index.php?rest_route=%2Fwp%2Fv2%2Fcategories&post=20971"},{"taxonomy":"post_tag","embeddable":true,"href":"https:\/\/fonasc-cbh.org.br\/index.php?rest_route=%2Fwp%2Fv2%2Ftags&post=20971"}],"curies":[{"name":"wp","href":"https:\/\/api.w.org\/{rel}","templated":true}]}}