{"id":20967,"date":"2019-05-27T19:00:52","date_gmt":"2019-05-27T19:00:52","guid":{"rendered":"http:\/\/fonasc-cbh.org.br\/?p=20967"},"modified":"2019-05-27T19:00:52","modified_gmt":"2019-05-27T19:00:52","slug":"fonasc-cbh-participa-da-segunda-reuniao-do-cbh-dos-afluentes-da-margem-esquerda-do-rio-cuiaba","status":"publish","type":"post","link":"https:\/\/fonasc-cbh.org.br\/?p=20967","title":{"rendered":"FONASC.CBH PARTICIPA DA SEGUNDA REUNI\u00c3O DO CBH DOS AFLUENTES DA MARGEM ESQUERDA DO RIO CUIAB\u00c1"},"content":{"rendered":"<p><strong>FONASC.CBH PARTICIPA DA SEGUNDA REUNI\u00c3O DO CBH DOS AFLUENTES DA MARGEM ESQUERDA DO RIO CUIAB\u00c1<\/strong><\/p>\n<p><a href=\"https:\/\/fonasc-cbh.org.br\/wp-content\/uploads\/cbh-cuiaba.png\"><img loading=\"lazy\" decoding=\"async\" class=\"aligncenter size-full wp-image-20968\" title=\"cbh cuiaba\" src=\"https:\/\/fonasc-cbh.org.br\/wp-content\/uploads\/cbh-cuiaba.png\" alt=\"\" width=\"567\" height=\"319\" srcset=\"https:\/\/fonasc-cbh.org.br\/wp-content\/uploads\/cbh-cuiaba.png 567w, https:\/\/fonasc-cbh.org.br\/wp-content\/uploads\/cbh-cuiaba-300x168.png 300w\" sizes=\"(max-width: 567px) 100vw, 567px\" \/><\/a><\/p>\n<p><strong>Texto:<\/strong> Ascom Fonasc.CBH<br \/>\n<strong>Data:<\/strong> 27\/05\/2017<\/p>\n<p>O Fonasc.CBH participou na semana passada da segunda reuni\u00e3o ordin\u00e1ria do Comit\u00ea de Bacia Hidrogr\u00e1fica dos Afluentes da Margem Esquerda do Rio Cuiab\u00e1. As representantes do Fonasc.CBH nesta reuni\u00e3o ordin\u00e1ria do CBH foram as conselheiras Luciana Ferraz e Lediane Benedita Oliveira, ocasi\u00e3o em que ocorreu a posse dos membros do segmento da sociedade civil no CBH, cujo mandado previsto \u00e9 para o per\u00edodo de mar\u00e7o de 2019 a mar\u00e7o de 2020.<\/p>\n<p>Durante a reuni\u00e3o, a Promotora de Justi\u00e7a da 4\u00b0 Vara Civil V\u00e1rzea Grande Maria Fernanda Correa da Costa, representante do Minist\u00e9rio P\u00fablico, disse que estava \u00e0 disposi\u00e7\u00e3o e pronta a unir for\u00e7as para mostrar a lideran\u00e7a e\u00a0 relev\u00e2ncia do Comit\u00ea.<\/p>\n<p>As representantes do Fonasc.CBH ainda participaram da reuni\u00e3o de C\u00e2mara T\u00e9cnica do Cehidro, onde debateu-se a quest\u00e3o da outorga pelo uso das \u00e1guas subterr\u00e2neas e regulariza\u00e7\u00e3o de po\u00e7os em um per\u00edodo de at\u00e9 5 anos, conforme a resolu\u00e7\u00e3o do conselho.<\/p>\n<p>Ao final a representante do Fonasc.CBH foi indicada dentre os membros do segmento da sociedade civil escolhidas para participar do XXI Encob, que ser\u00e1 em Foz do Igua\u00e7u em outubro deste ano.<\/p>\n","protected":false},"excerpt":{"rendered":"<p>FONASC.CBH PARTICIPA DA SEGUNDA REUNI\u00c3O DO CBH DOS AFLUENTES DA MARGEM ESQUERDA DO RIO CUIAB\u00c1 Texto: Ascom Fonasc.CBH Data: 27\/05\/2017&#8230;<\/p>\n","protected":false},"author":2,"featured_media":0,"comment_status":"closed","ping_status":"open","sticky":false,"template":"","format":"standard","meta":{"footnotes":""},"categories":[1,40,8],"tags":[],"_links":{"self":[{"href":"https:\/\/fonasc-cbh.org.br\/index.php?rest_route=\/wp\/v2\/posts\/20967"}],"collection":[{"href":"https:\/\/fonasc-cbh.org.br\/index.php?rest_route=\/wp\/v2\/posts"}],"about":[{"href":"https:\/\/fonasc-cbh.org.br\/index.php?rest_route=\/wp\/v2\/types\/post"}],"author":[{"embeddable":true,"href":"https:\/\/fonasc-cbh.org.br\/index.php?rest_route=\/wp\/v2\/users\/2"}],"replies":[{"embeddable":true,"href":"https:\/\/fonasc-cbh.org.br\/index.php?rest_route=%2Fwp%2Fv2%2Fcomments&post=20967"}],"version-history":[{"count":2,"href":"https:\/\/fonasc-cbh.org.br\/index.php?rest_route=\/wp\/v2\/posts\/20967\/revisions"}],"predecessor-version":[{"id":20970,"href":"https:\/\/fonasc-cbh.org.br\/index.php?rest_route=\/wp\/v2\/posts\/20967\/revisions\/20970"}],"wp:attachment":[{"href":"https:\/\/fonasc-cbh.org.br\/index.php?rest_route=%2Fwp%2Fv2%2Fmedia&parent=20967"}],"wp:term":[{"taxonomy":"category","embeddable":true,"href":"https:\/\/fonasc-cbh.org.br\/index.php?rest_route=%2Fwp%2Fv2%2Fcategories&post=20967"},{"taxonomy":"post_tag","embeddable":true,"href":"https:\/\/fonasc-cbh.org.br\/index.php?rest_route=%2Fwp%2Fv2%2Ftags&post=20967"}],"curies":[{"name":"wp","href":"https:\/\/api.w.org\/{rel}","templated":true}]}}