{"id":20504,"date":"2019-02-18T21:05:10","date_gmt":"2019-02-18T21:05:10","guid":{"rendered":"http:\/\/fonasc-cbh.org.br\/?p=20504"},"modified":"2019-02-18T21:05:45","modified_gmt":"2019-02-18T21:05:45","slug":"fonasc-cbh-acompanhe-o-podcast-sobre-o-rompimento-da-barragem-de-corrego-feijao","status":"publish","type":"post","link":"https:\/\/fonasc-cbh.org.br\/?p=20504","title":{"rendered":"FONASC.CBH &#8211; ACOMPANHE O PODCAST SOBRE O ROMPIMENTO DA BARRAGEM DE C\u00d3RREGO FEIJ\u00c3O"},"content":{"rendered":"<pre><strong>FONASC.CBH - ACOMPANHE O PODCAST SOBRE O ROMPIMENTO DA BARRAGEM DE C\u00d3RREGO FEIJ\u00c3O<\/strong><\/pre>\n<pre><strong>Texto:<\/strong> Divulga\u00e7\u00e3o\r\n<strong>Data:<\/strong> 18\/02\/2019<\/pre>\n<pre>PODCAST - BRUMADINHO\r\nA trag\u00e9dia da Vale no C\u00f3rrego do Feij\u00e3o\r\n\r\nA verdadeira cr\u00f4nica dos fatos, pela voz de sobreviventes e ativistas sociais atuantes na regi\u00e3o! Ouvir esta produ\u00e7\u00e3o radiof\u00f4nica \u00e9 como vivenciar a tr\u00e1gica experi\u00eancia no C\u00f3rrego do Feij\u00e3o, atrav\u00e9s do registro emocionante das falas, depoimentos e toda atmosfera ambiente da narrativa...\r\n\r\nDiretamente da regi\u00e3o do C\u00f3rrego do Feij\u00e3o, em Brumadinho (MG), Gabriel Martinho registrou a cr\u00f4nica dos fatos como jamais seria apresentada pela imprensa tradicional. Uma produ\u00e7\u00e3o de (\u00e1udio arte e radiojornalismo)exclusiva para a R\u00e1dio Web Idade M\u00eddia - Comunica\u00e7\u00e3o para Cidadania.\r\n\r\nConhe\u00e7a Jaya, morador local que ajudou a salvar vidas na lama e nos guiou pelo cen\u00e1rio do crime da empresa Vale. Acompanhe a luta de Carol e o \u201cMovimento pelas \u00c1guas de Casa Branca, Brumadinho MG\u201d,\r\n\r\nTRAG\u00c9DIA DA VALE\r\nBRUMADINHO RESISTE!\r\n\r\nGabriel Martinho \u00e9 documentarista e colaborador da r\u00e1dio web Idade M\u00eddia. Formado pela Usiversidad de Cine (Buenos Ares), j\u00e1 foi membro da equipe do DOCTV e j\u00e1 esteve com a Idade M\u00eddia em 2017, na Transmiss\u00e3o Fordl\u00e2ndia \/ RadioEE (Par\u00e1) e 8\u00ba Encontro do MAB (Rio de Janeiro).\r\n\r\nAcompanhe em:\r\n<a href=\"https:\/\/soundcloud.com\/idademedia\/podcast-brumadinho-tragedia-da-vale\">https:\/\/soundcloud.com\/idademedia\/podcast-brumadinho-tragedia-da-vale<\/a><\/pre>\n","protected":false},"excerpt":{"rendered":"<p>FONASC.CBH &#8211; ACOMPANHE O PODCAST SOBRE O ROMPIMENTO DA BARRAGEM DE C\u00d3RREGO FEIJ\u00c3O Texto: Divulga\u00e7\u00e3o Data: 18\/02\/2019 PODCAST &#8211; BRUMADINHO&#8230;<\/p>\n","protected":false},"author":2,"featured_media":0,"comment_status":"closed","ping_status":"open","sticky":false,"template":"","format":"standard","meta":{"footnotes":""},"categories":[1,38,8],"tags":[],"_links":{"self":[{"href":"https:\/\/fonasc-cbh.org.br\/index.php?rest_route=\/wp\/v2\/posts\/20504"}],"collection":[{"href":"https:\/\/fonasc-cbh.org.br\/index.php?rest_route=\/wp\/v2\/posts"}],"about":[{"href":"https:\/\/fonasc-cbh.org.br\/index.php?rest_route=\/wp\/v2\/types\/post"}],"author":[{"embeddable":true,"href":"https:\/\/fonasc-cbh.org.br\/index.php?rest_route=\/wp\/v2\/users\/2"}],"replies":[{"embeddable":true,"href":"https:\/\/fonasc-cbh.org.br\/index.php?rest_route=%2Fwp%2Fv2%2Fcomments&post=20504"}],"version-history":[{"count":2,"href":"https:\/\/fonasc-cbh.org.br\/index.php?rest_route=\/wp\/v2\/posts\/20504\/revisions"}],"predecessor-version":[{"id":20506,"href":"https:\/\/fonasc-cbh.org.br\/index.php?rest_route=\/wp\/v2\/posts\/20504\/revisions\/20506"}],"wp:attachment":[{"href":"https:\/\/fonasc-cbh.org.br\/index.php?rest_route=%2Fwp%2Fv2%2Fmedia&parent=20504"}],"wp:term":[{"taxonomy":"category","embeddable":true,"href":"https:\/\/fonasc-cbh.org.br\/index.php?rest_route=%2Fwp%2Fv2%2Fcategories&post=20504"},{"taxonomy":"post_tag","embeddable":true,"href":"https:\/\/fonasc-cbh.org.br\/index.php?rest_route=%2Fwp%2Fv2%2Ftags&post=20504"}],"curies":[{"name":"wp","href":"https:\/\/api.w.org\/{rel}","templated":true}]}}