{"id":20500,"date":"2019-02-15T17:59:12","date_gmt":"2019-02-15T17:59:12","guid":{"rendered":"http:\/\/fonasc-cbh.org.br\/?p=20500"},"modified":"2019-02-15T17:59:12","modified_gmt":"2019-02-15T17:59:12","slug":"coordenador-do-fonasc-cbh-concede-entrevista-a-jornal-frances-sobre-o-rompimento-da-barragem-da-vale","status":"publish","type":"post","link":"https:\/\/fonasc-cbh.org.br\/?p=20500","title":{"rendered":"COORDENADOR DO FONASC.CBH CONCEDE ENTREVISTA A JORNAL FRANC\u00caS SOBRE O ROMPIMENTO DA BARRAGEM DA VALE"},"content":{"rendered":"<p style=\"text-align: center;\"><strong>COORDENADOR DO FONASC.CBH CONCEDE ENTREVISTA A JORNAL FRANC\u00caS SOBRE O ROMPIMENTO DA BARRAGEM DA VALE<\/strong><\/p>\n<p><strong>Texto:<\/strong> Divulga\u00e7\u00e3o<br \/>\n<strong>Data:<\/strong> 15\/02\/2019<\/p>\n<p>O coordenador nacional do Fonasc.CBH, Jo\u00e3o Cl\u00edmaco, concedeu entrevista ao jornal franc\u00eas Mediapart, onde falou do rompimento da Barragem da Mina C\u00f3rrego Feij\u00e3o, pertencente a empresa Vale. O coordenador falou ainda do posicionamento do Fonasc.CBH, diante do lobby das grandes mineradoras para obten\u00e7\u00e3o das licen\u00e7as ambientais.<\/p>\n<p>A mat\u00e9ria completa voc\u00ea acompanha no link abaixo.<\/p>\n<p><a href=\"https:\/\/fonasc-cbh.org.br\/wp-content\/uploads\/article-lobby-minier-mediapart.pdf\">article lobby minier &#8211; mediapart<\/a><\/p>\n<p>&nbsp;<\/p>\n","protected":false},"excerpt":{"rendered":"<p>COORDENADOR DO FONASC.CBH CONCEDE ENTREVISTA A JORNAL FRANC\u00caS SOBRE O ROMPIMENTO DA BARRAGEM DA VALE Texto: Divulga\u00e7\u00e3o Data: 15\/02\/2019 O&#8230;<\/p>\n","protected":false},"author":2,"featured_media":0,"comment_status":"closed","ping_status":"open","sticky":false,"template":"","format":"standard","meta":{"footnotes":""},"categories":[1,8],"tags":[],"_links":{"self":[{"href":"https:\/\/fonasc-cbh.org.br\/index.php?rest_route=\/wp\/v2\/posts\/20500"}],"collection":[{"href":"https:\/\/fonasc-cbh.org.br\/index.php?rest_route=\/wp\/v2\/posts"}],"about":[{"href":"https:\/\/fonasc-cbh.org.br\/index.php?rest_route=\/wp\/v2\/types\/post"}],"author":[{"embeddable":true,"href":"https:\/\/fonasc-cbh.org.br\/index.php?rest_route=\/wp\/v2\/users\/2"}],"replies":[{"embeddable":true,"href":"https:\/\/fonasc-cbh.org.br\/index.php?rest_route=%2Fwp%2Fv2%2Fcomments&post=20500"}],"version-history":[{"count":2,"href":"https:\/\/fonasc-cbh.org.br\/index.php?rest_route=\/wp\/v2\/posts\/20500\/revisions"}],"predecessor-version":[{"id":20503,"href":"https:\/\/fonasc-cbh.org.br\/index.php?rest_route=\/wp\/v2\/posts\/20500\/revisions\/20503"}],"wp:attachment":[{"href":"https:\/\/fonasc-cbh.org.br\/index.php?rest_route=%2Fwp%2Fv2%2Fmedia&parent=20500"}],"wp:term":[{"taxonomy":"category","embeddable":true,"href":"https:\/\/fonasc-cbh.org.br\/index.php?rest_route=%2Fwp%2Fv2%2Fcategories&post=20500"},{"taxonomy":"post_tag","embeddable":true,"href":"https:\/\/fonasc-cbh.org.br\/index.php?rest_route=%2Fwp%2Fv2%2Ftags&post=20500"}],"curies":[{"name":"wp","href":"https:\/\/api.w.org\/{rel}","templated":true}]}}