{"id":20481,"date":"2019-02-07T19:50:45","date_gmt":"2019-02-07T19:50:45","guid":{"rendered":"http:\/\/fonasc-cbh.org.br\/?p=20481"},"modified":"2019-02-07T19:50:45","modified_gmt":"2019-02-07T19:50:45","slug":"fonasc-cbh-trouxe-a-discussao-das-barragens-para-o-maranhao","status":"publish","type":"post","link":"https:\/\/fonasc-cbh.org.br\/?p=20481","title":{"rendered":"FONASC.CBH TROUXE A DISCUSS\u00c3O DAS BARRAGENS PARA O MARANH\u00c3O"},"content":{"rendered":"<p style=\"text-align: center;\"><strong>FONASC.CBH TROUXE A DISCUSS\u00c3O DAS BARRAGENS PARA O MARANH\u00c3O<\/strong><\/p>\n<p><strong>Texto:<\/strong> Ascom Fonasc.CBH<br \/>\n<strong>Data<\/strong>: 07\/02\/2019<\/p>\n<p style=\"text-align: justify;\">A vice-coordenadora nacional do Fonasc.CBH concedeu entrevistas aos ve\u00edculos de imprensa do Maranh\u00e3o para falar da situa\u00e7\u00e3o das barragens no Estado e tamb\u00e9m da atua\u00e7\u00e3o do Fonasc.CBH em todo Brasil. De acordo com ela, o Fonasc.CBH vem lutando pela seguran\u00e7a de barragens em todo Brasil, desde que a pol\u00edtica nacional sobre o assunto foi estabelecida em 2010 e que ano ap\u00f3s anos, a entidade vem colaborando com os estudos da Ag\u00eancia Nacional de \u00c1gua &#8211; ANA, que s\u00e3o referendados pelo Conselho Nacional de Recursos H\u00eddricos, do qual o Fonasc.CBH tem assento. Veja as entrevistas nos links abaixo:<\/p>\n<p><a href=\"https:\/\/imirante.com\/oestadoma\/noticias\/2019\/02\/01\/video-tudo-o-que-voce-precisa-saber-sobre-as-barragens-no-maranhao\/\">Entrevista ao portal Imirante\u00a0<\/a><\/p>\n<p><a href=\"http:\/\/tvbrasil.ebc.com.br\/reporter-brasil\/2019\/02\/barragens-em-regioes-urbanas-preocupam-ainda-mais-que-no-interior\">Entrevista para Rep\u00f3rter Brasil da EBC<\/a><\/p>\n<p><a href=\"https:\/\/m.facebook.com\/story.php?story_fbid=2324228467610446&amp;id=264165883616725\">Entrevista para Sala de Imprensa da TV Assembleia do Maranh\u00e3o<\/a><\/p>\n","protected":false},"excerpt":{"rendered":"<p>FONASC.CBH TROUXE A DISCUSS\u00c3O DAS BARRAGENS PARA O MARANH\u00c3O Texto: Ascom Fonasc.CBH Data: 07\/02\/2019 A vice-coordenadora nacional do Fonasc.CBH concedeu&#8230;<\/p>\n","protected":false},"author":2,"featured_media":0,"comment_status":"closed","ping_status":"open","sticky":false,"template":"","format":"standard","meta":{"footnotes":""},"categories":[1,37,8],"tags":[],"_links":{"self":[{"href":"https:\/\/fonasc-cbh.org.br\/index.php?rest_route=\/wp\/v2\/posts\/20481"}],"collection":[{"href":"https:\/\/fonasc-cbh.org.br\/index.php?rest_route=\/wp\/v2\/posts"}],"about":[{"href":"https:\/\/fonasc-cbh.org.br\/index.php?rest_route=\/wp\/v2\/types\/post"}],"author":[{"embeddable":true,"href":"https:\/\/fonasc-cbh.org.br\/index.php?rest_route=\/wp\/v2\/users\/2"}],"replies":[{"embeddable":true,"href":"https:\/\/fonasc-cbh.org.br\/index.php?rest_route=%2Fwp%2Fv2%2Fcomments&post=20481"}],"version-history":[{"count":2,"href":"https:\/\/fonasc-cbh.org.br\/index.php?rest_route=\/wp\/v2\/posts\/20481\/revisions"}],"predecessor-version":[{"id":20483,"href":"https:\/\/fonasc-cbh.org.br\/index.php?rest_route=\/wp\/v2\/posts\/20481\/revisions\/20483"}],"wp:attachment":[{"href":"https:\/\/fonasc-cbh.org.br\/index.php?rest_route=%2Fwp%2Fv2%2Fmedia&parent=20481"}],"wp:term":[{"taxonomy":"category","embeddable":true,"href":"https:\/\/fonasc-cbh.org.br\/index.php?rest_route=%2Fwp%2Fv2%2Fcategories&post=20481"},{"taxonomy":"post_tag","embeddable":true,"href":"https:\/\/fonasc-cbh.org.br\/index.php?rest_route=%2Fwp%2Fv2%2Ftags&post=20481"}],"curies":[{"name":"wp","href":"https:\/\/api.w.org\/{rel}","templated":true}]}}