{"id":20467,"date":"2019-02-05T19:45:17","date_gmt":"2019-02-05T19:45:17","guid":{"rendered":"http:\/\/fonasc-cbh.org.br\/?p=20467"},"modified":"2019-02-05T19:45:17","modified_gmt":"2019-02-05T19:45:17","slug":"fonasc-cbh-ja-havia-recomendado-que-a-vale-apresentasse-estudos-complementares-sobre-a-expansao-da-mina-corrego-feijao","status":"publish","type":"post","link":"https:\/\/fonasc-cbh.org.br\/?p=20467","title":{"rendered":"FONASC.CBH J\u00c1 HAVIA RECOMENDADO QUE A VALE APRESENTASSE ESTUDOS COMPLEMENTARES SOBRE A EXPANS\u00c3O DA MINA C\u00d3RREGO FEIJ\u00c3O"},"content":{"rendered":"<p style=\"text-align: center;\"><strong>FONASC.CBH J\u00c1 HAVIA RECOMENDADO QUE A VALE APRESENTASSE ESTUDOS COMPLEMENTARES SOBRE A EXPANS\u00c3O DA MINA C\u00d3RREGO FEIJ\u00c3O<\/strong><\/p>\n<p style=\"text-align: justify;\">\u00a0<strong>Texto:<\/strong> Ascom Fonasc.CBH<br \/>\n<strong>Data:<\/strong> 05\/02\/2019<\/p>\n<p style=\"text-align: justify;\">Antes mesmo da trag\u00e9dia se instalar em Brumadinho, por conta do rompimento da barragem da Mina C\u00f3rrego Feij\u00e3o, o Fonasc.CBH, no Conselho do Parque do Rola Mo\u00e7a, pediu vistas ao processo de expans\u00e3o da Mina operada pela Vale e recomendou ao gestor do Parque a exig\u00eancia de estudos complementares antes de manifestarem a aprova\u00e7\u00e3o das licen\u00e7as ambientais para a Mina.<\/p>\n<p style=\"text-align: justify;\">Esse processo foi apresentado e votado em 19 de novembro de 2018, antes mesmo da reuni\u00e3o da C\u00e2mara de Atividades Miner\u00e1rias do COPAM (realizada em 8 de dezembro), que tamb\u00e9m teve o parecer e voto contr\u00e1rio do Fonasc.CBH para libera\u00e7\u00e3o das tr\u00eas licen\u00e7as (pr\u00e9via, opera\u00e7\u00e3o e instala\u00e7\u00e3o) para expans\u00e3o da Mina C\u00f3rrego Feij\u00e3o.<\/p>\n<p style=\"text-align: justify;\">O conselheiro do Fonasc.CBH, Cl\u00e9verson Vidigal apresentou o parecer com a recomenda\u00e7\u00e3o de ser exigido estudos complementares, basendo-se nos princ\u00edpios da precau\u00e7\u00e3o.<\/p>\n<p style=\"text-align: justify;\">O parecer diz que: \u201cConsiderando ainda todo o acima exposto, nos MANIFESTAMOS pela IMPOSSIBILIDADE DO CONSELHO DO PESRM se manifestar a respeito do \u201cPlano de Continuidade das Opera\u00e7\u00f5es da Mina da Jangada e C\u00f3rrego do Feij\u00e3o\u201d, objeto do PA COPAM n\u00ba 00118\/2000\/030\/2013 (Mina da Jangada\/MBR) e PA COPAM n\u00ba 00245\/2004\/050\/2015 (Mina C\u00f3rrego do Feij\u00e3o\/VALE) e RECOMENDAMOS ao gestor do Parque Estadual da Serra do Rola Mo\u00e7a e da Esta\u00e7\u00e3o Ecol\u00f3gica de Fechos e ao Instituto Estadual de Florestas (IEF), \u00f3rg\u00e3o respons\u00e1vel pela administra\u00e7\u00e3o das referidas UC\u00b4s, que se manifestem PELA EXIG\u00caNCIA DE ESTUDOS COMPLEMENTARES, nos termos do Art. 3\u00ba, inciso II, da Resolu\u00e7\u00e3o CONAMA 428\/2010\u201d.<\/p>\n<p style=\"text-align: justify;\">Veja aqui o teor do parecer do Fonasc.CBH na \u00edntegra<\/p>\n<p style=\"text-align: justify;\">\u00a0<a href=\"https:\/\/fonasc-cbh.org.br\/wp-content\/uploads\/FEIJ\u00c3O-e-JANGADA-x-PESRM_FINAL-2.pdf\">FEIJ\u00c3O e JANGADA x PESRM_FINAL 2<\/a><\/p>\n<p style=\"text-align: justify;\"><strong>Esclarecimentos<\/strong><\/p>\n<p style=\"text-align: justify;\">O conselheiro Cl\u00e9verson explicou tamb\u00e9m que C\u00e2mara T\u00e9cnica de Outorga \u2013 CTIOAR &#8211; do Comit\u00ea de Bacia do Rio Paraopeba, do qual ele faz parte, emitiu um parecer de vistas para o empreendimento da USIMINAS e que foi votado no \u00faltimo dia 31\/01\/2019, foi referente a outorga solicitada e aprovada que trata t\u00e3o somente de dreno de fundo da pilha de rejeito, que ser\u00e1 implantada para empilhamento de rejeito a seco. \u201cPortanto, nada tendo a ver com barragem de rejeito. A visita t\u00e9cnica que aprovou a implanta\u00e7\u00e3o dos drenos de fundo se deu em 17\/01\/2019, muito antes da trag\u00e9dia da Vale\u201d, esclareceu o conselheiro.<\/p>\n","protected":false},"excerpt":{"rendered":"<p>FONASC.CBH J\u00c1 HAVIA RECOMENDADO QUE A VALE APRESENTASSE ESTUDOS COMPLEMENTARES SOBRE A EXPANS\u00c3O DA MINA C\u00d3RREGO FEIJ\u00c3O \u00a0Texto: Ascom Fonasc.CBH&#8230;<\/p>\n","protected":false},"author":2,"featured_media":0,"comment_status":"closed","ping_status":"open","sticky":false,"template":"","format":"standard","meta":{"footnotes":""},"categories":[1,38,8],"tags":[],"_links":{"self":[{"href":"https:\/\/fonasc-cbh.org.br\/index.php?rest_route=\/wp\/v2\/posts\/20467"}],"collection":[{"href":"https:\/\/fonasc-cbh.org.br\/index.php?rest_route=\/wp\/v2\/posts"}],"about":[{"href":"https:\/\/fonasc-cbh.org.br\/index.php?rest_route=\/wp\/v2\/types\/post"}],"author":[{"embeddable":true,"href":"https:\/\/fonasc-cbh.org.br\/index.php?rest_route=\/wp\/v2\/users\/2"}],"replies":[{"embeddable":true,"href":"https:\/\/fonasc-cbh.org.br\/index.php?rest_route=%2Fwp%2Fv2%2Fcomments&post=20467"}],"version-history":[{"count":2,"href":"https:\/\/fonasc-cbh.org.br\/index.php?rest_route=\/wp\/v2\/posts\/20467\/revisions"}],"predecessor-version":[{"id":20470,"href":"https:\/\/fonasc-cbh.org.br\/index.php?rest_route=\/wp\/v2\/posts\/20467\/revisions\/20470"}],"wp:attachment":[{"href":"https:\/\/fonasc-cbh.org.br\/index.php?rest_route=%2Fwp%2Fv2%2Fmedia&parent=20467"}],"wp:term":[{"taxonomy":"category","embeddable":true,"href":"https:\/\/fonasc-cbh.org.br\/index.php?rest_route=%2Fwp%2Fv2%2Fcategories&post=20467"},{"taxonomy":"post_tag","embeddable":true,"href":"https:\/\/fonasc-cbh.org.br\/index.php?rest_route=%2Fwp%2Fv2%2Ftags&post=20467"}],"curies":[{"name":"wp","href":"https:\/\/api.w.org\/{rel}","templated":true}]}}