{"id":20441,"date":"2019-01-31T18:09:03","date_gmt":"2019-01-31T18:09:03","guid":{"rendered":"http:\/\/fonasc-cbh.org.br\/?p=20441"},"modified":"2019-01-31T18:09:03","modified_gmt":"2019-01-31T18:09:03","slug":"fonasc-cbh-participa-de-evento-e-defende-a-agua-como-uso-social-de-bem-publico","status":"publish","type":"post","link":"https:\/\/fonasc-cbh.org.br\/?p=20441","title":{"rendered":"FONASC.CBH PARTICIPA DE EVENTO E DEFENDE A \u00c1GUA COMO USO SOCIAL DE BEM P\u00daBLICO"},"content":{"rendered":"<p style=\"text-align: center;\"><strong>FONASC.CBH PARTICIPA DE EVENTO E DEFENDE A \u00c1GUA COMO USO SOCIAL DE BEM P\u00daBLICO<\/strong><\/p>\n<p><a href=\"https:\/\/fonasc-cbh.org.br\/wp-content\/uploads\/fonasc-mt-semana-ambiental.png\"><img loading=\"lazy\" decoding=\"async\" class=\"aligncenter size-full wp-image-20442\" title=\"fonasc mt semana ambiental\" src=\"https:\/\/fonasc-cbh.org.br\/wp-content\/uploads\/fonasc-mt-semana-ambiental.png\" alt=\"\" width=\"498\" height=\"233\" srcset=\"https:\/\/fonasc-cbh.org.br\/wp-content\/uploads\/fonasc-mt-semana-ambiental.png 498w, https:\/\/fonasc-cbh.org.br\/wp-content\/uploads\/fonasc-mt-semana-ambiental-300x140.png 300w\" sizes=\"(max-width: 498px) 100vw, 498px\" \/><\/a><\/p>\n<p><strong>Texto:<\/strong> Ascom Fonasc.CBH<br \/>\n<strong>Data<\/strong>: 31\/01\/2019<\/p>\n<p style=\"text-align: justify;\">O F\u00f3rum Nacional da Sociedade Civil nos Comit\u00eas de Bacias Hidrogr\u00e1ficas (Fonasc.CBH) est\u00e1 participando desde ontem, dia 30 e hoje, dia 31 da II Semana do Engenheiro Ambiental, evento realizado no Centro Sebrae de Sustentabilidade em Cuiab\u00e1-MT.<\/p>\n<p style=\"text-align: justify;\">O evento tem como tema central a crise h\u00eddrica e o aproveitamento das \u00e1guas e est\u00e1 oferecendo aos participantes minicursos, palestras, al\u00e9m de visitas t\u00e9cnicas. A a\u00e7\u00e3o \u00e9 uma promo\u00e7\u00e3o da Associa\u00e7\u00e3o dos Engenheiros Ambientais de Mato Grosso<strong> &#8211; <\/strong>AEAM-MT<\/p>\n<p style=\"text-align: justify;\"><strong>\u00a0<\/strong>Durante a programa\u00e7\u00e3o, o Fonasc-CBH, atrav\u00e9s da engenheira Lediane Oliveira, falou da import\u00e2ncia da \u00e1gua e seus usos m\u00faltiplos, de como defender o acesso \u00e0 \u00e1gua como direito fundamental, lutando pelo valor social, como bem p\u00fablico e fator de desenvolvimento da democracia participativa Brasileira, atrav\u00e9s da articula\u00e7\u00e3o, mobiliza\u00e7\u00e3o social, capacita\u00e7\u00e3o pol\u00edtica e qualifica\u00e7\u00e3o de cidad\u00e3os e suas organiza\u00e7\u00f5es.<\/p>\n<p style=\"text-align: justify;\">\u00a0De acordo com Lediane, esse bem natural a qual todos tem direto, pode ser acessada conforme os princ\u00edpios do desenvolvimento sustent\u00e1vel, para a garantia da qualidade das gera\u00e7\u00f5es futuras e a vida, fundamentalmente preservando seu valor social. As lutas s\u00e3o constantes e alguns dos objetivos envolvem o fortalecimento da cidadania atrav\u00e9s da constante e alguns dos objetivos envolvem o fortalecimento da cidadania atrav\u00e9s da capta\u00e7\u00e3o mobiliza\u00e7\u00e3o e articula\u00e7\u00f5es de organiza\u00e7\u00f5es na gest\u00e3o de rios e \u00e1guas p\u00fablicas, defesa de mananciais e nascentes, cria\u00e7\u00f5es de leis e normas que protegem as \u00e1guas, e den\u00fancias contra o mal gerenciamento das \u00e1guas.<\/p>\n<p style=\"text-align: justify;\">\u00a0 \u201cO intuito deste evento \u00e9 de capacitar profissionais e estudantes para atender as necessidades do mercado de trabalho. Por meio de debates, mini-cursos e palestras com especialistas em assuntos inerentes ao mercado de trabalho do Engenheiro Ambiental e profissional da \u00e1rea ambiental, espera-se a troca de conhecimentos e a capacita\u00e7\u00e3o de profissionais da engenharia e estudantes. Tamb\u00e9m queremos propor a integra\u00e7\u00e3o entre profissionais e estudantes, a fim de estimular a troca de experi\u00eancias e a constru\u00e7\u00e3o de uma rede de relacionamentos\u201d, resume a presidente da AEAM-MT, Kamila Barros.<\/p>\n<p style=\"text-align: justify;\">\n","protected":false},"excerpt":{"rendered":"<p>FONASC.CBH PARTICIPA DE EVENTO E DEFENDE A \u00c1GUA COMO USO SOCIAL DE BEM P\u00daBLICO Texto: Ascom Fonasc.CBH Data: 31\/01\/2019 O&#8230;<\/p>\n","protected":false},"author":2,"featured_media":0,"comment_status":"closed","ping_status":"open","sticky":false,"template":"","format":"standard","meta":{"footnotes":""},"categories":[1,40,8],"tags":[],"_links":{"self":[{"href":"https:\/\/fonasc-cbh.org.br\/index.php?rest_route=\/wp\/v2\/posts\/20441"}],"collection":[{"href":"https:\/\/fonasc-cbh.org.br\/index.php?rest_route=\/wp\/v2\/posts"}],"about":[{"href":"https:\/\/fonasc-cbh.org.br\/index.php?rest_route=\/wp\/v2\/types\/post"}],"author":[{"embeddable":true,"href":"https:\/\/fonasc-cbh.org.br\/index.php?rest_route=\/wp\/v2\/users\/2"}],"replies":[{"embeddable":true,"href":"https:\/\/fonasc-cbh.org.br\/index.php?rest_route=%2Fwp%2Fv2%2Fcomments&post=20441"}],"version-history":[{"count":2,"href":"https:\/\/fonasc-cbh.org.br\/index.php?rest_route=\/wp\/v2\/posts\/20441\/revisions"}],"predecessor-version":[{"id":20444,"href":"https:\/\/fonasc-cbh.org.br\/index.php?rest_route=\/wp\/v2\/posts\/20441\/revisions\/20444"}],"wp:attachment":[{"href":"https:\/\/fonasc-cbh.org.br\/index.php?rest_route=%2Fwp%2Fv2%2Fmedia&parent=20441"}],"wp:term":[{"taxonomy":"category","embeddable":true,"href":"https:\/\/fonasc-cbh.org.br\/index.php?rest_route=%2Fwp%2Fv2%2Fcategories&post=20441"},{"taxonomy":"post_tag","embeddable":true,"href":"https:\/\/fonasc-cbh.org.br\/index.php?rest_route=%2Fwp%2Fv2%2Ftags&post=20441"}],"curies":[{"name":"wp","href":"https:\/\/api.w.org\/{rel}","templated":true}]}}