{"id":20413,"date":"2019-01-30T19:52:48","date_gmt":"2019-01-30T19:52:48","guid":{"rendered":"http:\/\/fonasc-cbh.org.br\/?p=20413"},"modified":"2019-01-30T19:52:48","modified_gmt":"2019-01-30T19:52:48","slug":"posicionamento-do-fonasc-cbh-e-destaque-na-imprensa-estrangeira","status":"publish","type":"post","link":"https:\/\/fonasc-cbh.org.br\/?p=20413","title":{"rendered":"POSICIONAMENTO DO FONASC.CBH \u00c9 DESTAQUE NA IMPRENSA ESTRANGEIRA"},"content":{"rendered":"<p style=\"text-align: center;\"><strong>POSICIONAMENTO DO FONASC.CBH \u00c9 DESTAQUE NA IMPRENSA ESTRANGEIRA<\/strong><\/p>\n<p><strong>Texto:<\/strong> Ascom Fonasc.CBH<br \/>\n<strong>Data:<\/strong> 30\/01\/2019<\/p>\n<p>O posicionamento do Fonasc.CBH (que disse n\u00e3o para amplia\u00e7\u00e3o da Mina de Feij\u00e3o) na reuni\u00e3o do dia 11 de dezembro \u00e9 destaque em v\u00e1rios ve\u00edculos de imprensa de Norte a Sul do Brasil e tamb\u00e9m na imprensa e \u00f3rg\u00e3os internacionais. Confira abaixo.<\/p>\n<p>Site Italiano<a href=\"http:\/\/www.nev.it\/nev\/2019\/01\/28\/brumadinho-lacrime-di-fango-e-sangue\/\"> Notizie Evangelique<\/a><\/p>\n<p>Portal de Not\u00edcia Italiano <a href=\"https:\/\/riforma.it\/it\/articolo\/2019\/01\/29\/brumadinho-lacrime-di-fango-e-sangue\">Riforma<\/a><\/p>\n<p>Site Espanhol <a href=\"https:\/\/www.periodistadigital.com\/religion\/america\/2019\/01\/27\/religion-iglesia-america-brasil-red-iglesias-mineria-llora-violencia-arrogante-extractivismo-crimen-brumadinho-minas-gerais-archidiocesis-belo-horizonte.shtml\">Religi\u00f3n Digital<\/a><\/p>\n<p>Portal Franc\u00eas de<a href=\"http:\/\/www.rfi.fr\/ameriques\/20190126-bresil-rupture-barrage-minier-vale-brumadinho-minas-gerais\"> Not\u00edcias RFI<\/a><\/p>\n<p>Portal Alem\u00e3o de Not\u00edcias <a href=\"https:\/\/www.focus.de\/politik\/ausland\/dammbruch-in-brasilien-suche-nach-den-verantwortlichen_id_10238463.html\">Focus DW<\/a><\/p>\n<p>&nbsp;<\/p>\n<p>&nbsp;<\/p>\n<p>&nbsp;<\/p>\n<p>&nbsp;<\/p>\n","protected":false},"excerpt":{"rendered":"<p>POSICIONAMENTO DO FONASC.CBH \u00c9 DESTAQUE NA IMPRENSA ESTRANGEIRA Texto: Ascom Fonasc.CBH Data: 30\/01\/2019 O posicionamento do Fonasc.CBH (que disse n\u00e3o&#8230;<\/p>\n","protected":false},"author":2,"featured_media":0,"comment_status":"closed","ping_status":"open","sticky":false,"template":"","format":"standard","meta":{"footnotes":""},"categories":[1,38,8],"tags":[],"_links":{"self":[{"href":"https:\/\/fonasc-cbh.org.br\/index.php?rest_route=\/wp\/v2\/posts\/20413"}],"collection":[{"href":"https:\/\/fonasc-cbh.org.br\/index.php?rest_route=\/wp\/v2\/posts"}],"about":[{"href":"https:\/\/fonasc-cbh.org.br\/index.php?rest_route=\/wp\/v2\/types\/post"}],"author":[{"embeddable":true,"href":"https:\/\/fonasc-cbh.org.br\/index.php?rest_route=\/wp\/v2\/users\/2"}],"replies":[{"embeddable":true,"href":"https:\/\/fonasc-cbh.org.br\/index.php?rest_route=%2Fwp%2Fv2%2Fcomments&post=20413"}],"version-history":[{"count":2,"href":"https:\/\/fonasc-cbh.org.br\/index.php?rest_route=\/wp\/v2\/posts\/20413\/revisions"}],"predecessor-version":[{"id":20415,"href":"https:\/\/fonasc-cbh.org.br\/index.php?rest_route=\/wp\/v2\/posts\/20413\/revisions\/20415"}],"wp:attachment":[{"href":"https:\/\/fonasc-cbh.org.br\/index.php?rest_route=%2Fwp%2Fv2%2Fmedia&parent=20413"}],"wp:term":[{"taxonomy":"category","embeddable":true,"href":"https:\/\/fonasc-cbh.org.br\/index.php?rest_route=%2Fwp%2Fv2%2Fcategories&post=20413"},{"taxonomy":"post_tag","embeddable":true,"href":"https:\/\/fonasc-cbh.org.br\/index.php?rest_route=%2Fwp%2Fv2%2Ftags&post=20413"}],"curies":[{"name":"wp","href":"https:\/\/api.w.org\/{rel}","templated":true}]}}