{"id":20410,"date":"2019-01-29T14:14:10","date_gmt":"2019-01-29T14:14:10","guid":{"rendered":"http:\/\/fonasc-cbh.org.br\/?p=20410"},"modified":"2019-01-29T14:14:10","modified_gmt":"2019-01-29T14:14:10","slug":"fonasc-ma-trouxe-a-discussao-de-seguranca-de-barragens-para-sao-luis","status":"publish","type":"post","link":"https:\/\/fonasc-cbh.org.br\/?p=20410","title":{"rendered":"FONASC-MA TROUXE A DISCUSS\u00c3O DE SEGURAN\u00c7A DE BARRAGENS PARA S\u00c3O LU\u00cdS"},"content":{"rendered":"<p style=\"text-align: center;\"><strong>FONASC-MA TROUXE A DISCUSS\u00c3O DE SEGURAN\u00c7A DE BARRAGENS PARA S\u00c3O LU\u00cdS<\/strong><\/p>\n<p><strong>Texto<\/strong>: Ascom Fonasc.CBH<br \/>\n<strong>Data<\/strong>: 29\/01\/2019<\/p>\n<p style=\"text-align: justify;\">Depois do rompimento da barragem de C\u00f3rrego do Feij\u00e3o em Brumadinho-MG, muitas pessoas t\u00eam replicado nas redes sociais imagens da \u00e1rea industrial de S\u00e3o Lu\u00eds que preocupam quanto a um prov\u00e1vel acidente de mesmas propor\u00e7\u00f5es do que ocorreu em Minas.<\/p>\n<p style=\"text-align: justify;\">Antes mesmo disso, o Fonasc.CBH, atrav\u00e9s do seu escrit\u00f3rio no Maranh\u00e3o, colocou a cidade na rota das discuss\u00f5es sobre Seguran\u00e7a de Barragens, quando trouxe para capital maranhense a rodada nacional de oficinas \u201cRevisando a Seguran\u00e7a de Barragens\u201d, em novembro de 2016.<\/p>\n<p style=\"text-align: justify;\">O evento, promovido pela Associa\u00e7\u00e3o Brasileira de Recursos H\u00eddricos (ABRH), teve o apoio e organiza\u00e7\u00e3o do Fonasc.CBH e uma programa\u00e7\u00e3o extensa sob o comando da Profa Dra Jussara Cruz. Na \u00e9poca, a vice-coordenadora nacional do Fonasc.CBH, Thereza Christina Pereira Castro disse que trazer a discuss\u00e3o para o Estado do Maranh\u00e3o foi bastante oportuno para construir um arcabou\u00e7o legal atualizado a fim de evitar acidentes e trag\u00e9dias como o caso de Mariana.<\/p>\n<p style=\"text-align: justify;\">Ambientalistas, t\u00e9cnicos, especialistas e \u00f3rg\u00e3os ligados ao setor e a sociedade civil trouxeram contribui\u00e7\u00f5es que foram consolidadas, sistematizadas e levadas para as inst\u00e2ncias colegiadas e de decis\u00e3o.<\/p>\n<p>&nbsp;<\/p>\n<p>&nbsp;<\/p>\n<p>&nbsp;<\/p>\n","protected":false},"excerpt":{"rendered":"<p>FONASC-MA TROUXE A DISCUSS\u00c3O DE SEGURAN\u00c7A DE BARRAGENS PARA S\u00c3O LU\u00cdS Texto: Ascom Fonasc.CBH Data: 29\/01\/2019 Depois do rompimento da&#8230;<\/p>\n","protected":false},"author":2,"featured_media":0,"comment_status":"closed","ping_status":"open","sticky":false,"template":"","format":"standard","meta":{"footnotes":""},"categories":[1,37,8],"tags":[],"_links":{"self":[{"href":"https:\/\/fonasc-cbh.org.br\/index.php?rest_route=\/wp\/v2\/posts\/20410"}],"collection":[{"href":"https:\/\/fonasc-cbh.org.br\/index.php?rest_route=\/wp\/v2\/posts"}],"about":[{"href":"https:\/\/fonasc-cbh.org.br\/index.php?rest_route=\/wp\/v2\/types\/post"}],"author":[{"embeddable":true,"href":"https:\/\/fonasc-cbh.org.br\/index.php?rest_route=\/wp\/v2\/users\/2"}],"replies":[{"embeddable":true,"href":"https:\/\/fonasc-cbh.org.br\/index.php?rest_route=%2Fwp%2Fv2%2Fcomments&post=20410"}],"version-history":[{"count":2,"href":"https:\/\/fonasc-cbh.org.br\/index.php?rest_route=\/wp\/v2\/posts\/20410\/revisions"}],"predecessor-version":[{"id":20412,"href":"https:\/\/fonasc-cbh.org.br\/index.php?rest_route=\/wp\/v2\/posts\/20410\/revisions\/20412"}],"wp:attachment":[{"href":"https:\/\/fonasc-cbh.org.br\/index.php?rest_route=%2Fwp%2Fv2%2Fmedia&parent=20410"}],"wp:term":[{"taxonomy":"category","embeddable":true,"href":"https:\/\/fonasc-cbh.org.br\/index.php?rest_route=%2Fwp%2Fv2%2Fcategories&post=20410"},{"taxonomy":"post_tag","embeddable":true,"href":"https:\/\/fonasc-cbh.org.br\/index.php?rest_route=%2Fwp%2Fv2%2Ftags&post=20410"}],"curies":[{"name":"wp","href":"https:\/\/api.w.org\/{rel}","templated":true}]}}