{"id":20404,"date":"2019-01-28T22:30:33","date_gmt":"2019-01-28T22:30:33","guid":{"rendered":"http:\/\/fonasc-cbh.org.br\/?p=20404"},"modified":"2019-01-28T22:30:33","modified_gmt":"2019-01-28T22:30:33","slug":"acesse-os-pareceres-do-fonasc-cbh-sobre-as-minas-de-corrego-feijao-e-jangada","status":"publish","type":"post","link":"https:\/\/fonasc-cbh.org.br\/?p=20404","title":{"rendered":"ACESSE OS PARECERES DO FONASC.CBH SOBRE AS MINAS DE C\u00d3RREGO FEIJ\u00c3O E JANGADA"},"content":{"rendered":"<p style=\"text-align: center;\"><strong>ACESSE OS PARECERES DO FONASC.CBH SOBRE AS MINAS DE C\u00d3RREGO FEIJ\u00c3O E JANGADA<\/strong><\/p>\n<p><strong>Texto:<\/strong> Ascom Fonasc.CBH<br \/>\n<strong>Data:<\/strong> 28\/01\/2019<\/p>\n<p>Apresenta\u00e7\u00e3o do Parecer do Fonasc.CBH na 37\u00aa Reuni\u00e3o da\u00a0C\u00c2MARA T\u00c9CNICA ESPECIALIZADA DE ATIVIDADES MINER\u00c1RIAS \u2013 CMI CONSELHO DE POL\u00cdTICA AMBIENTAL DE MINAS GERAIS \u2013 COPAM sobre a continuidade das opera\u00e7\u00f5es na Mina C\u00f3rrego do Feij\u00e3o.<\/p>\n<p><a href=\"https:\/\/fonasc-cbh.org.br\/wp-content\/uploads\/Item_5.2_Relato_de_vistas_FONASC_VALE1.pdf\">Item_5.2_Relato_de_vistas_FONASC_(VALE)<\/a><\/p>\n<p>Parecer do Fonasc.CBH sobre a continuidade das opera\u00e7\u00f5es da Mina da Jangada em Brumadinho<\/p>\n<p><a href=\"https:\/\/fonasc-cbh.org.br\/wp-content\/uploads\/Item_5.1_Relato_de_vistas_FONASC_MBR.pdf\">Item_5.1_Relato_de_vistas_FONASC_(MBR)<\/a><\/p>\n<p>Ata da\u00a0\u00a037\u00aa Reuni\u00e3o da\u00a0C\u00c2MARA T\u00c9CNICA ESPECIALIZADA DE ATIVIDADES MINER\u00c1RIAS \u2013 CMI em que o Fonasc.CBH vota contra as licen\u00e7as ambientais para expans\u00e3o das opera\u00e7\u00f5es na Mina C\u00f3rrego Feij\u00e3o<\/p>\n<p><a href=\"https:\/\/fonasc-cbh.org.br\/wp-content\/uploads\/Ata_37\u00aa_RE_CMI_.pdf\">Ata_37\u00aa_RE_CMI_<\/a><\/p>\n","protected":false},"excerpt":{"rendered":"<p>ACESSE OS PARECERES DO FONASC.CBH SOBRE AS MINAS DE C\u00d3RREGO FEIJ\u00c3O E JANGADA Texto: Ascom Fonasc.CBH Data: 28\/01\/2019 Apresenta\u00e7\u00e3o do&#8230;<\/p>\n","protected":false},"author":2,"featured_media":0,"comment_status":"closed","ping_status":"open","sticky":false,"template":"","format":"standard","meta":{"footnotes":""},"categories":[1,38,8],"tags":[],"_links":{"self":[{"href":"https:\/\/fonasc-cbh.org.br\/index.php?rest_route=\/wp\/v2\/posts\/20404"}],"collection":[{"href":"https:\/\/fonasc-cbh.org.br\/index.php?rest_route=\/wp\/v2\/posts"}],"about":[{"href":"https:\/\/fonasc-cbh.org.br\/index.php?rest_route=\/wp\/v2\/types\/post"}],"author":[{"embeddable":true,"href":"https:\/\/fonasc-cbh.org.br\/index.php?rest_route=\/wp\/v2\/users\/2"}],"replies":[{"embeddable":true,"href":"https:\/\/fonasc-cbh.org.br\/index.php?rest_route=%2Fwp%2Fv2%2Fcomments&post=20404"}],"version-history":[{"count":2,"href":"https:\/\/fonasc-cbh.org.br\/index.php?rest_route=\/wp\/v2\/posts\/20404\/revisions"}],"predecessor-version":[{"id":20409,"href":"https:\/\/fonasc-cbh.org.br\/index.php?rest_route=\/wp\/v2\/posts\/20404\/revisions\/20409"}],"wp:attachment":[{"href":"https:\/\/fonasc-cbh.org.br\/index.php?rest_route=%2Fwp%2Fv2%2Fmedia&parent=20404"}],"wp:term":[{"taxonomy":"category","embeddable":true,"href":"https:\/\/fonasc-cbh.org.br\/index.php?rest_route=%2Fwp%2Fv2%2Fcategories&post=20404"},{"taxonomy":"post_tag","embeddable":true,"href":"https:\/\/fonasc-cbh.org.br\/index.php?rest_route=%2Fwp%2Fv2%2Ftags&post=20404"}],"curies":[{"name":"wp","href":"https:\/\/api.w.org\/{rel}","templated":true}]}}