{"id":20372,"date":"2019-01-11T15:15:20","date_gmt":"2019-01-11T15:15:20","guid":{"rendered":"http:\/\/fonasc-cbh.org.br\/?p=20372"},"modified":"2019-01-14T18:27:58","modified_gmt":"2019-01-14T18:27:58","slug":"fonasc-cbh-participou-de-encontro-de-redes","status":"publish","type":"post","link":"https:\/\/fonasc-cbh.org.br\/?p=20372","title":{"rendered":"FONASC.CBH PARTICIPOU DE ENCONTRO DE REDES"},"content":{"rendered":"<p style=\"text-align: center;\"><strong>FONASC.CBH PARTICIPOU DE ENCONTRO DE REDES<\/strong><\/p>\n<p><strong>Texto:<\/strong> Divulga\u00e7\u00e3o<br \/>\n<strong>Data:<\/strong> 11\/01\/2019<\/p>\n<p style=\"text-align: justify;\">Em dezembro passado, aconteceu na sede da Ong Opan (Opera\u00e7\u00e3o Amaz\u00f4nia Nativa) um encontro de redes com a palestrante Viviane Junqueira. Ela deu in\u00edcio ao encontro com uma m\u00edstica chamada chipat originada na tribo Mundurucu aonde cada participante escolhe uma figura em desenho e conta uma hist\u00f3ria dando sequ\u00eancia nas hist\u00f3rias. A facilitadora seguiu falando o que \u00e9, como fazer e os tipos de Rede, Centralizada, Descentralizada e distribu\u00edda, e como trabalhar a comunica\u00e7\u00e3o e o objetivo em comum.<\/p>\n<p style=\"text-align: justify;\">Seguindo o encontro a Facilitadora Viviane pediu para as Redes presentes, Ansa, Isa\/Axa, Pacto das \u00e1guas, Opan, e Fonasc que colocassem em pap\u00e9is distintos os desafios e as fortalezas de cada institui\u00e7\u00e3o. Em comum entre seus arcos de atua\u00e7\u00f5es se destacaram como fortalezas: os valores, suas diversidades e diversifica\u00e7\u00f5es, o engajamento e seus interesses diante das tem\u00e1ticas de cada grupo, o apoio e o encorporamento de outras institui\u00e7\u00f5es dentro das principais a\u00e7\u00f5es do grupo, a diversidade e heterogenia, o amadurecimento das institui\u00e7\u00f5es que reduz as possibilidades de erros e por terem mais tempo de exist\u00eancia apresentam mais credibilidade e seguran\u00e7a.<\/p>\n<p style=\"text-align: justify;\">E entre os desafios citados estiveram: a sobrecarga de trabalho, a falta de comunica\u00e7\u00e3o interna e externa, otimiza\u00e7\u00e3o e horizontaliza\u00e7\u00e3o das a\u00e7\u00f5es e dos desafios, amplia\u00e7\u00e3o de resultados das a\u00e7\u00f5es e tarefas, al\u00e9m da potencializa\u00e7\u00e3o do engajamento e aumento de pessoas nas institui\u00e7\u00f5es.<\/p>\n<p style=\"text-align: justify;\">Viviane Amaral a autora do livro Redes falou da import\u00e2ncia da descentraliza\u00e7\u00e3o e transpar\u00eancia que d\u00e1 totalidade e horizontalidade, possibilitando a coopera\u00e7\u00e3o principalmente nas culturas ambientais, o desafio de Rede \u00e9 construir um ambiente aonde todos perdem o medo.<\/p>\n<p style=\"text-align: justify;\">\u00b4\u00b4Pessoas obedientes tem dificuldades por trabalhar em Redes pois rede \u00e9 pr\u00e1tica cultural, a pessoa tem que ser livre para trabalharem Rede; n\u00e3o \u00e9 ideia delegar poder e sim deixa l\u00e1 tomar as a\u00e7\u00f5es. Pois Rede \u00e9 feito de grupo de pessoas e comunidades em diversidades \u00e9ticas e que querem trabalhar juntos\u00b4\u00b4, disse Viviane Amaral.<\/p>\n<p style=\"text-align: justify;\">A Rede \u00e9 produzida a cada intera\u00e7\u00e3o de pessoas, comunica\u00e7\u00e3o interna e externa, a quest\u00e3o tecnol\u00f3gica cria desigualdade por isso \u00e9 necess\u00e1rio planejamento, reflex\u00e3o aprofundada, contemplar os interesses de espa\u00e7os tecnol\u00f3gicos, isso criar\u00e1 uma comunica\u00e7\u00e3o entre pessoas, comunidades, e essa intensidade gera um empoderamento. Para que isso ocorra a comunica\u00e7\u00e3o precisa circular, tem que haver uma resposta. A ess\u00eancia para que haja um abra\u00e7o maior entre os grupos \u00e9 a capacidade de resili\u00eancia, a distribui\u00e7\u00e3o de poder, para se colocar e interagir com as pessoas, com isso a energia colocada na conversa n\u00e3o \u00e9 desperdi\u00e7ada, ela opera por afinidades de ideias e integra\u00e7\u00e3o de pessoas.<\/p>\n","protected":false},"excerpt":{"rendered":"<p>FONASC.CBH PARTICIPOU DE ENCONTRO DE REDES Texto: Divulga\u00e7\u00e3o Data: 11\/01\/2019 Em dezembro passado, aconteceu na sede da Ong Opan (Opera\u00e7\u00e3o&#8230;<\/p>\n","protected":false},"author":2,"featured_media":0,"comment_status":"closed","ping_status":"open","sticky":false,"template":"","format":"standard","meta":{"footnotes":""},"categories":[1,8],"tags":[],"_links":{"self":[{"href":"https:\/\/fonasc-cbh.org.br\/index.php?rest_route=\/wp\/v2\/posts\/20372"}],"collection":[{"href":"https:\/\/fonasc-cbh.org.br\/index.php?rest_route=\/wp\/v2\/posts"}],"about":[{"href":"https:\/\/fonasc-cbh.org.br\/index.php?rest_route=\/wp\/v2\/types\/post"}],"author":[{"embeddable":true,"href":"https:\/\/fonasc-cbh.org.br\/index.php?rest_route=\/wp\/v2\/users\/2"}],"replies":[{"embeddable":true,"href":"https:\/\/fonasc-cbh.org.br\/index.php?rest_route=%2Fwp%2Fv2%2Fcomments&post=20372"}],"version-history":[{"count":3,"href":"https:\/\/fonasc-cbh.org.br\/index.php?rest_route=\/wp\/v2\/posts\/20372\/revisions"}],"predecessor-version":[{"id":20374,"href":"https:\/\/fonasc-cbh.org.br\/index.php?rest_route=\/wp\/v2\/posts\/20372\/revisions\/20374"}],"wp:attachment":[{"href":"https:\/\/fonasc-cbh.org.br\/index.php?rest_route=%2Fwp%2Fv2%2Fmedia&parent=20372"}],"wp:term":[{"taxonomy":"category","embeddable":true,"href":"https:\/\/fonasc-cbh.org.br\/index.php?rest_route=%2Fwp%2Fv2%2Fcategories&post=20372"},{"taxonomy":"post_tag","embeddable":true,"href":"https:\/\/fonasc-cbh.org.br\/index.php?rest_route=%2Fwp%2Fv2%2Ftags&post=20372"}],"curies":[{"name":"wp","href":"https:\/\/api.w.org\/{rel}","templated":true}]}}