{"id":20367,"date":"2019-01-11T14:45:54","date_gmt":"2019-01-11T14:45:54","guid":{"rendered":"http:\/\/fonasc-cbh.org.br\/?p=20367"},"modified":"2019-01-11T14:45:54","modified_gmt":"2019-01-11T14:45:54","slug":"fonasc-cbh-assina-nota-publica-em-defesa-da-educacao-ambiental","status":"publish","type":"post","link":"https:\/\/fonasc-cbh.org.br\/?p=20367","title":{"rendered":"FONASC.CBH ASSINA NOTA P\u00daBLICA EM DEFESA DA EDUCA\u00c7\u00c3O AMBIENTAL"},"content":{"rendered":"<div>\n<div data-required=\"true\" data-other-input=\"qSV85\" data-other-hidden=\"MfYA1e\" data-item-id=\"368182892\">\n<div>\n<div style=\"text-align: center;\" dir=\"auto\"><strong>FONASC.CBH ASSINA NOTA P\u00daBLICA EM DEFESA DA EDUCA\u00c7\u00c3O AMBIENTAL<\/strong><\/div>\n<div style=\"text-align: justify;\" dir=\"auto\"><strong>Texto:<\/strong> Ascom Fonasc.CBH<br \/>\n<strong>Data:<\/strong> 11\/01\/2019<\/div>\n<div style=\"text-align: justify;\" dir=\"auto\">O Fonasc.CBH assinou nota emitida pela Rede Brasileira de Educa\u00e7\u00e3o Ambiental (REBEA), em defesa da Pol\u00edtica de Educa\u00e7\u00e3o Ambiental no Brasil. O objetivo do documento \u00e9 evitar que os projetos em andamento da pol\u00edtica de educa\u00e7\u00e3o ambiental sejam desarticulados. A nota traz ainda uma linha do tempo da legisla\u00e7\u00e3o e dos avan\u00e7os da Educa\u00e7\u00e3o Ambiental.<\/div>\n<div style=\"text-align: justify;\" dir=\"auto\">Abaixo colocamos a nota na \u00edntegra e ao ler, se concordar com a import\u00e2ncia e necessidade dessa iniciativa, assine pessoalmente <a href=\"https:\/\/docs.google.com\/forms\/d\/e\/1FAIpQLScWMrRf5oi7rZ-90EPfmzi14AgMuSLZHAlazHDrjCXAZjwsYw\/viewform\">(atrav\u00e9s deste link)<\/a> e depois verifique na institui\u00e7\u00e3o que atua ou estuda e tamb\u00e9m nos coletivos e colegiados que participa a possibilidade de tamb\u00e9m assinarem.<br \/>\n_________________________________________________________________<\/div>\n<div dir=\"auto\"><strong>Em defesa da Educa\u00e7\u00e3o Ambiental<\/strong><\/div>\n<\/div>\n<div data-input=\"L9xHkb\"><strong>NOTA REBEA <\/strong><br \/>\nBrasil, 07 de janeiro de 2019<\/p>\n<p>\u00c0s V. Ex.as<br \/>\nIlmo. Sr. Ricardo V\u00e9lez Rodr\u00edguez &#8211; Ministro da Educa\u00e7\u00e3o<br \/>\nIlmo. Sr. Ricardo Salles &#8211; Ministro do Meio Ambiente<\/p>\n<p>REF. Nota aos Senhores Ministros da Educa\u00e7\u00e3o e do Meio Ambiente<\/p>\n<p>A REDE BRASILEIRA DE EDUCA\u00c7\u00c3O AMBIENTAL (REBEA), bem como todas as demais Redes estaduais, regionais e tem\u00e1ticas que a constituem, v\u00eam por meio desta, respeitosamente, nos dirigir aos novos gestores do Minist\u00e9rio da Educa\u00e7\u00e3o e do Minist\u00e9rio do Meio Ambiente com o prop\u00f3sito de cumprir nossas responsabilidades. Explicitamos, a seguir, algumas considera\u00e7\u00f5es muito importantes sobre os Objetivos Legais e de Estado em rela\u00e7\u00e3o \u00e0 Educa\u00e7\u00e3o Ambiental, no intuito de apontar caminhos para a consolida\u00e7\u00e3o dos importantes compromissos desses minist\u00e9rios.<br \/>\nO atual arcabou\u00e7o das pol\u00edticas p\u00fablicas de Educa\u00e7\u00e3o Ambiental no Brasil \u00e9 oriundo de mais de 30 anos de intera\u00e7\u00e3o entre educadores ambientais, especialistas, sociedade civil organizada e \u00f3rg\u00e3os p\u00fablicos ambientais e educacionais, e se mostra cada vez mais importante nos processos de conserva\u00e7\u00e3o da natureza e de constru\u00e7\u00e3o da sustentabilidade. Nesse arcabou\u00e7o, vale destacar que:<\/p>\n<p>A Constitui\u00e7\u00e3o Federal de 1988, no inciso VI do \u00a7 1\u00ba do artigo 225 determina que o Poder P\u00fablico deve promover a Educa\u00e7\u00e3o Ambiental em todos os n\u00edveis de ensino, impondo-se ao poder p\u00fablico e \u00e0 coletividade o dever de defender e preservar o meio ambiente para as presentes e futuras gera\u00e7\u00f5es;<br \/>\nA Lei n\u00ba 6.938\/1981, que disp\u00f5e sobre a Pol\u00edtica Nacional do Meio Ambiente, no inciso X do artigo 2\u00ba, estabelece que a educa\u00e7\u00e3o ambiental deve ser ministrada a todos os n\u00edveis de ensino;<br \/>\nA Lei n\u00ba 9.394\/1996, de Diretrizes e Bases da Educa\u00e7\u00e3o Nacional (LDB), prev\u00ea que na forma\u00e7\u00e3o b\u00e1sica do cidad\u00e3o seja assegurada a compreens\u00e3o do ambiente natural e social; que os curr\u00edculos do Ensino Fundamental e do M\u00e9dio devem abranger o conhecimento do mundo f\u00edsico e natural; que a Educa\u00e7\u00e3o Superior deve desenvolver o entendimento do ser humano e do meio em que vive;<br \/>\nA Resolu\u00e7\u00e3o n\u00ba 1\/2012, do Conselho Nacional de Educa\u00e7\u00e3o estabelece as Diretrizes Nacionais para a Educa\u00e7\u00e3o em Direitos Humanos, incluindo os direitos ambientais no conjunto dos internacionalmente reconhecidos, e define que a educa\u00e7\u00e3o para a cidadania compreende a dimens\u00e3o pol\u00edtica do cuidado com o meio ambiente local, regional e global;<br \/>\nA Resolu\u00e7\u00e3o n\u00ba 2\/2012, do Conselho Nacional de Educa\u00e7\u00e3o estabelece as Diretrizes Curriculares Nacionais para a Educa\u00e7\u00e3o Ambiental, inclusive reafirmando a pertin\u00eancia das quest\u00f5es ambientais na forma\u00e7\u00e3o de professores;<br \/>\nA Lei n\u00ba 9.795\/1999, regulamentada pelo Decreto n\u00ba 4.281, de 25 de junho de 2002, disp\u00f5e especificamente sobre a Educa\u00e7\u00e3o Ambiental (EA) e instituiu a Pol\u00edtica Nacional de Educa\u00e7\u00e3o Ambiental (PNEA), como componente essencial e permanente da educa\u00e7\u00e3o nacional, devendo estar presente, de forma articulada, em todos os n\u00edveis e modalidades do processo educativo. O Artigo 14 da PNEA define que a coordena\u00e7\u00e3o da Pol\u00edtica Nacional de Educa\u00e7\u00e3o Ambiental ficar\u00e1 a cargo de um \u00d3rg\u00e3o Gestor (OG), e que o MEC e o MMA fazem parte formal desse \u00d3rg\u00e3o, respectivamente representados pela Coordena\u00e7\u00e3o-Geral de Educa\u00e7\u00e3o Ambiental (CGEA-MEC) e Departamento de Educa\u00e7\u00e3o Ambiental (DEA-MMA).<br \/>\nO Decreto 9.672\/2019 reestruturou o MMA e definiu, em seu artigo 28 que, dentre as atribui\u00e7\u00f5es da Secretaria de Ecoturismo, est\u00e1 o apoio \u201c`a coordena\u00e7\u00e3o e defini\u00e7\u00e3o de pol\u00edticas p\u00fablicas relacionadas \u00e0 promo\u00e7\u00e3o geral de atividades, campanhas, eventos e articula\u00e7\u00f5es de conscientiza\u00e7\u00e3o ambiental, relacionamento e intera\u00e7\u00e3o com influenciadores, relacionados ao ecoturismo\u201d; e em seu artigo 31, dentre as atribui\u00e7\u00f5es do Departamento de Fomento e Projetos, cabe \u201cRealizar e planejar projetos e a\u00e7\u00f5es de fomento \u00e0 Ecoeconomia, Educa\u00e7\u00e3o Ambiental e Ecoturismo e nos diversos segmentos e entes federativos, bem como nos meios influenciadores\u201d, e [&#8230;] \u201cacompanhar e monitorar a\u00e7\u00f5es, iniciativas, estrat\u00e9gias, programas e projetos de Ecoeconomia, Educa\u00e7\u00e3o Ambiental e Ecoturismo\u201d (grifos nossos).<br \/>\nO Decreto 9.665\/2019, criou uma nova estrutura organizacional do Minist\u00e9rio da Educa\u00e7\u00e3o e citou a Educa\u00e7\u00e3o Ambiental no artigo 12, como vinculada \u00e0 Diretoria de Pol\u00edticas e Regula\u00e7\u00e3o da Educa\u00e7\u00e3o B\u00e1sica da Secretaria de Educa\u00e7\u00e3o B\u00e1sica, sendo respons\u00e1vel, dentre outras atribui\u00e7\u00f5es, por \u201csubsidiar a formula\u00e7\u00e3o das pol\u00edticas curriculares de educa\u00e7\u00e3o infantil, ensino fundamental e ensino m\u00e9dio, observados os temas transversais e a educa\u00e7\u00e3o ambiental, em conson\u00e2ncia com as Diretrizes Curriculares Nacionais e a Base Nacional Comum Curricular\u201d e \u201corientar e fomentar, em \u00e2mbito nacional, em articula\u00e7\u00e3o com sistemas de ensino e institui\u00e7\u00f5es voltadas para a educa\u00e7\u00e3o, o desenvolvimento de pol\u00edticas, programas e a\u00e7\u00f5es para a educa\u00e7\u00e3o integral, a educa\u00e7\u00e3o ambiental e os temas transversais\u201d.<br \/>\nOs Decretos 9.665\/2019 e 9.672\/2019, no entanto, n\u00e3o fizeram men\u00e7\u00e3o \u00e0 Lei 9.795\/1999, a qual define a Pol\u00edtica Nacional de Educa\u00e7\u00e3o Ambiental, PNEA, e atribui\u00e7\u00f5es ao Poder P\u00fablico em todos os n\u00edveis, e especificamente para o MMA e MEC; tamb\u00e9m n\u00e3o consideraram o Decreto 4281\/2002, que regulamentou a referida lei. Nos Decretos 9.665\/2019 e 9.672\/2019, a Educa\u00e7\u00e3o Ambiental, quando aparece, \u00e9 caracterizada apenas como \u201ca\u00e7\u00f5es\u201d e \u201cprojetos\u201d, quando, do ponto de vista da gest\u00e3o p\u00fablica eficiente e afinada com os regramentos institu\u00eddos, deveria ser tratada em n\u00edvel de Pol\u00edticas P\u00fablicas e Programas. Ficando alocada entre as atribui\u00e7\u00f5es do novo Departamento de Fomento e Projetos, situado no \u00e2mbito de uma Secretaria que trata especificamente apenas de Ecoturismo (no caso do MMA), e na Secretaria de Educa\u00e7\u00e3o B\u00e1sica (no caso do MEC), a Educa\u00e7\u00e3o Ambiental perde sua maior marca, qual seja, a de articula\u00e7\u00e3o institucional e de forma\u00e7\u00e3o ampla na \u00e1rea ambiental, incluindo todos os n\u00edveis e modalidades de ensino, bem como as diversas inst\u00e2ncias n\u00e3o escolarizadas da sociedade em geral (para al\u00e9m do ecoturismo apenas), divergindo assim do que prev\u00ea a Lei da Pol\u00edtica Nacional de Educa\u00e7\u00e3o Ambiental. Por sua vez, ao colocar a Educa\u00e7\u00e3o Ambiental em uma Secretaria exclusiva do ensino b\u00e1sico, por mais importante e necess\u00e1rio que seja, desconsidera-se preceito legal que diz que no caso da educa\u00e7\u00e3o formal, a Educa\u00e7\u00e3o Ambiental deve ocorrer desde a educa\u00e7\u00e3o infantil at\u00e9 o ensino superior.<\/p>\n<p>Destacamos especialmente que a lei da PNEA imp\u00f5e a exist\u00eancia do \u00d3rg\u00e3o Gestor, composto pelos Ministros do Meio Ambiente e da Educa\u00e7\u00e3o, e remete \u00e0 necessidade de existir formalmente nesses minist\u00e9rios divis\u00f5es espec\u00edficas que desenvolvam a parte operacional do OG. Por sua vez o Decreto 4.281\/2002, que regulamenta a referida Lei, institui o Comit\u00ea Assessor da PNEA, composto por membros que, atualmente, prosseguem no exerc\u00edcio de seus mandatos. Lembramos que essas inst\u00e2ncias no governo federal possibilitam um trabalho conjunto entre ambos os minist\u00e9rios, promovendo integra\u00e7\u00e3o de esfor\u00e7os e evitando sobreposi\u00e7\u00e3o de a\u00e7\u00f5es. Tal atua\u00e7\u00e3o conjunta MEC\/MMA \u00e9 uma grande inova\u00e7\u00e3o, que se tornou exemplo para toda a Am\u00e9rica Latina e para muitos outros pa\u00edses. Nesse contexto e de modo construtivo, propomos que:<\/p>\n<p>1) Partindo do organograma proposto pelo Decreto 9.672\/2019, a Secretaria de Ecoturismo seja re-denominada como Secretaria de Educa\u00e7\u00e3o Ambiental e Ecoturismo e incorpore as seguintes atribui\u00e7\u00f5es:<br \/>\nI) articular, formular e propor pol\u00edticas, normas e estrat\u00e9gias e desenvolver e apoiar estudos destinados \u00e0 implementa\u00e7\u00e3o das pol\u00edticas p\u00fablicas de meio ambiente nos temas relacionados com: a) a educa\u00e7\u00e3o ambiental; b) a articula\u00e7\u00e3o institucional; c) a produ\u00e7\u00e3o e o consumo sustent\u00e1veis; e) a responsabilidade socioambiental; e f) a cidadania e a participa\u00e7\u00e3o social;<br \/>\nII) coordenar e acompanhar pol\u00edticas, planos e estrat\u00e9gias relacionados \u00e0 produ\u00e7\u00e3o e ao consumo sustent\u00e1vel e \u00e0 responsabilidade socioambiental;<br \/>\nIII &#8211; coordenar, acompanhar e avaliar a implementa\u00e7\u00e3o da Pol\u00edtica Nacional de Educa\u00e7\u00e3o Ambiental, institu\u00edda pela Lei no 9.795, de 27 de abril de 1999;<br \/>\nIV &#8211; formular e implementar estrat\u00e9gias e mecanismos de fortalecimento institucional dos \u00f3rg\u00e3os e das entidades que comp\u00f5em o Sistema Nacional do Meio Ambiente &#8211; Sisnama;<br \/>\nV &#8211; coordenar a organiza\u00e7\u00e3o da Confer\u00eancia Nacional Infantojuvenil pelo Meio Ambiente;<br \/>\nVI &#8211; coordenar a organiza\u00e7\u00e3o da Confer\u00eancia Nacional do Meio Ambiente; e<br \/>\nVII &#8211; implementar a\u00e7\u00f5es de articula\u00e7\u00e3o e integra\u00e7\u00e3o das pol\u00edticas ambientais com as demais pol\u00edticas transversais.<\/p>\n<p>2) No \u00e2mbito da redefinida Secretaria, seja recriado o Departamento de Educa\u00e7\u00e3o Ambiental, com as seguintes atribui\u00e7\u00f5es:<br \/>\nI &#8211; coordenar, acompanhar e avaliar a implementa\u00e7\u00e3o da Pol\u00edtica Nacional de Educa\u00e7\u00e3o Ambiental, constituindo-se no agente gerencial e operacional que representa o MMA no \u00d3rg\u00e3o Gestor da PNEA;<br \/>\nII &#8211; subsidiar, elaborar, coordenar e implementar programas, estrategias, iniciativas e a\u00e7\u00f5es que promovam a constru\u00e7\u00e3o de valores, conhecimentos, habilidades, atitudes e compet\u00eancias destinadas \u00e0 conserva\u00e7\u00e3o do meio ambiente e ao enfrentamento das problem\u00e1ticas socioambientais, tendo como refer\u00eancia o Programa Nacional de Educa\u00e7\u00e3o ambiental \/ ProNEA, recentemente revisto e atualizado com a participa\u00e7\u00e3o de expressivo n\u00famero de educadores ambientais em todo o pa\u00eds ;<br \/>\nIII &#8211; articular, desenvolver e coordenar a\u00e7\u00f5es relacionadas \u00e0 forma\u00e7\u00e3o e \u00e0 capacita\u00e7\u00e3o no \u00e2mbito do Sisnama;<br \/>\nIV &#8211; coordenar, em conjunto com o Minist\u00e9rio da Educa\u00e7\u00e3o, a organiza\u00e7\u00e3o da Confer\u00eancia Nacional Infantojuvenil pelo Meio Ambiente;<br \/>\nV &#8211; articular a integra\u00e7\u00e3o intra e intergovernamental de a\u00e7\u00f5es direcionadas \u00e0 implementa\u00e7\u00e3o das pol\u00edticas p\u00fablicas de educa\u00e7\u00e3o ambiental;<br \/>\nVI &#8211; apoiar e elaborar estudos e projetos sobre m\u00e9todos, plataformas, instrumentos e a\u00e7\u00f5es relacionados \u00e0 educa\u00e7\u00e3o ambiental; e<br \/>\nVII &#8211; formular e apoiar estrat\u00e9gias e mecanismos de fortalecimento da participa\u00e7\u00e3o da sociedade e do controle social nos espa\u00e7os colegiados relacionados ao meio ambiente.<\/p>\n<p>3) No \u00e2mbito do Minist\u00e9rio da Educa\u00e7\u00e3o, alocada na Secretaria de Modalidades Especializadas de Educa\u00e7\u00e3o, seja mantida a Coordena\u00e7\u00e3o-Geral de Educa\u00e7\u00e3o Ambiental (CGEA), integrando, juntamente com o Departamento de Educa\u00e7\u00e3o Ambiental do MMA, o \u00d3rg\u00e3o Gestor da PNEA, com as seguintes atribui\u00e7\u00f5es:<br \/>\nI &#8211; subsidiar a formula\u00e7\u00e3o das pol\u00edticas curriculares de educa\u00e7\u00e3o infantil, ensino fundamental e ensino m\u00e9dio, observados os temas transversais e a educa\u00e7\u00e3o ambiental, em conson\u00e2ncia com as Diretrizes Curriculares Nacionais para a Educa\u00e7\u00e3o Ambiental e a Base Nacional Comum Curricular;<br \/>\nII &#8211; orientar e fomentar, em \u00e2mbito nacional, em articula\u00e7\u00e3o com sistemas de ensino e institui\u00e7\u00f5es voltadas para a educa\u00e7\u00e3o, o desenvolvimento e monitoramento de pol\u00edticas, programas e a\u00e7\u00f5es para a educa\u00e7\u00e3o integral, a educa\u00e7\u00e3o ambiental e os temas integradores, assegurando a transversalidade prevista pelas Bases Nacionais Comuns Curriculares (BNCC) dos Ensino Fundamental e M\u00e9dio, nos moldes do j\u00e1 realizado por diversas escolas. A BNCC faz men\u00e7\u00e3o que \u201ccabe aos sistemas e redes de ensino, assim como \u00e0s escolas, em suas respectivas esferas de autonomia e compet\u00eancia, incorporar aos curr\u00edculos e \u00e0s propostas pedag\u00f3gicas a abordagem de temas contempor\u00e2neos que afetam a vida humana em escala local, regional e global (dentre outros, a Educa\u00e7\u00e3o Ambiental conforme a Lei n\u00ba 9.795\/1999, o Parecer CNE\/CP n\u00ba 14\/2012 e a Resolu\u00e7\u00e3o CNE\/CP n\u00ba 2\/201218), preferencialmente de forma transversal e integradora\u201d.<\/p>\n<p>Tais medidas atendem \u00e0s exig\u00eancias legais da PNEA j\u00e1 citadas, garantindo a exist\u00eancia de locus espec\u00edficos em ambos os minist\u00e9rios para fortalecer o di\u00e1logo e intera\u00e7\u00e3o entre a EA dentro e fora da escola e tamb\u00e9m com as demais Secretarias e \u00d3rg\u00e3os. Permitem, tamb\u00e9m, a continuidade do Programa Nacional de Educa\u00e7\u00e3o Ambiental (ProNEA), recentemente revisado e atualizado e que precisa ser amplamente publicizado. Uma eventual extin\u00e7\u00e3o do OG, levar\u00e1 a questionamentos legais de descumprimento da Lei n\u00ba 9.795\/1999 e certamente redundar\u00e1 em interven\u00e7\u00e3o do Minist\u00e9rio P\u00fablico.<br \/>\nColocamo-nos \u00e0 disposi\u00e7\u00e3o para esclarecimentos e, como inst\u00e2ncia de controle social, colabora\u00e7\u00e3o no aperfei\u00e7oamento das propostas aqui apresentadas para aprimorar a Educa\u00e7\u00e3o Ambiental no Brasil.<\/p>\n<p>Rede Brasileira de Educa\u00e7\u00e3o Ambiental &#8211; REBEA*<br \/>\nF\u00f3rum Brasileiro de Ongs e Movimentos Sociais &#8211; FBOMS<br \/>\nF\u00f3rum Nacional da Sociedade Civil em Comit\u00eas de Bacias Hidrogr\u00e1ficas &#8211; FONASC<br \/>\nConfedera\u00e7\u00e3o Nacional dos Trabalhadores na Educa\u00e7\u00e3o &#8211; CNTE<\/p>\n<p>* Integram a malha de redes da REBEA:<br \/>\nArticula\u00e7\u00e3o Nacional dos Coletivos Jovens de Meio Ambiente no Brasil &#8211; ANCJ<br \/>\nRede Acreana de Educa\u00e7\u00e3o Ambiental \u2013 RAEA<br \/>\nRede Amazonense de Educa\u00e7\u00e3o Ambiental<br \/>\nRede Capixaba de Educa\u00e7\u00e3o Ambiental \u2013 RECEA<br \/>\nRede da Juventude pelo Meio Ambiente e Sustentabilidade \u2013 REJUMA<br \/>\nRede de Ambientaliza\u00e7\u00e3o e Sustentabilidade na Educa\u00e7\u00e3o Superior &#8211; RASES<br \/>\nRede de Educa\u00e7\u00e3o Ambiental Costeira e Marinha \u2013 REACOMAR<br \/>\nRede de Educa\u00e7\u00e3o Ambiental da Bahia \u2013 REABA (BA)<br \/>\nRede de Educa\u00e7\u00e3o Ambiental da Baixada Santista &#8211; REABS (SP)<br \/>\nRede de Educa\u00e7\u00e3o Ambiental da Para\u00edba \u2013 REAPB (PB)<br \/>\nRede de Educa\u00e7\u00e3o Ambiental da Serra dos \u00d3rg\u00e3os &#8211; REASO (RJ)<br \/>\nRede de Educa\u00e7\u00e3o Ambiental da Zona Oeste do Rio de Janeiro (RJ)<br \/>\nRede de Educa\u00e7\u00e3o Ambiental de Alagoas\u2013 REAAL (AL)<br \/>\nRede de Educa\u00e7\u00e3o Ambiental de Rond\u00f4nia &#8211; REARO<br \/>\nRede de Educa\u00e7\u00e3o Ambiental de S\u00e3o Carlos \u2013 REA-SC<br \/>\nRede de Educa\u00e7\u00e3o Ambiental de S\u00e3o Carlos (SP)<br \/>\nRede de Educa\u00e7\u00e3o Ambiental do Cerrado \u2013 REA Cerrado<br \/>\nRede de Educa\u00e7\u00e3o Ambiental do Litoral Norte Paulista (SP)<br \/>\nRede de Educa\u00e7\u00e3o Ambiental do Mato Grosso do Sul &#8211; REAMS<br \/>\nRede de Educa\u00e7\u00e3o Ambiental do Rio de Janeiro \u2013 REARJ<br \/>\nRede de Educa\u00e7\u00e3o Ambiental do Rio Grande do Norte \u2013 REARN (RN)<br \/>\nRede de Educa\u00e7\u00e3o Ambiental Linha Ecol\u00f3gica<br \/>\nRede de Educa\u00e7\u00e3o Ambiental para Escolas Sustent\u00e1veis &#8211; REAPES<br \/>\nRede de Educa\u00e7\u00e3o e Informa\u00e7\u00e3o Ambiental de Goi\u00e1s \u2013 REIA-GO<br \/>\nRede de Educadores Ambientais da Baixada de Jacarepagu\u00e1 (RJ) &#8211; REABJ<br \/>\nRede de Educadores Ambientais da Baixada Fluminense (RJ) &#8211; REABF<br \/>\nRede de Educadores Ambientais de Barretos &#8211; REAB ( SP)<br \/>\nRede de Educadores Ambientais de Niter\u00f3i (RJ)<br \/>\nRede de Educadores Ambientais do M\u00e9dio Para\u00edba do Sul (RJ)<br \/>\nRede de Informa\u00e7\u00e3o e Documenta\u00e7\u00e3o em Educa\u00e7\u00e3o Ambiental &#8211; IIDEA<br \/>\nRede ECOSURFI<br \/>\nRede Estrada Parque de Educa\u00e7\u00e3o Ambiental \u2013 (Barbacena &#8211; MG)<br \/>\nRede Materiais de Educa\u00e7\u00e3o Ambiental &#8211; REMATEA<br \/>\nRede Matogrossense de Educa\u00e7\u00e3o Ambiental &#8211; REMTEA<br \/>\nRede Mineira de Educa\u00e7\u00e3o Ambiental \u2013 RMEA<br \/>\nRede Olhares da Juventude<br \/>\nRede Pantanal de Educa\u00e7\u00e3o Ambiental \u2013 AGUAP\u00c9<br \/>\nRede Paraense de Educa\u00e7\u00e3o Ambiental \u2013 REDEPAEA<br \/>\nRede Paranaense de Educa\u00e7\u00e3o Ambiental \u2013 REA-PR<br \/>\nRede Paulista de Educa\u00e7\u00e3o Ambiental \u2013 REPEA<br \/>\nRede ProsEAndo de Educa\u00e7\u00e3o Ambiental de Ribeir\u00e3o Preto (SP)<br \/>\nRede Sul Brasileira de Educa\u00e7\u00e3o Ambiental \u2013 REASUL<br \/>\nRede Universit\u00e1ria de Programas de Educa\u00e7\u00e3o Ambiental para Sociedades Sustent\u00e1veis \u2013 RUPEA<\/p>\n<\/div>\n<\/div>\n<\/div>\n","protected":false},"excerpt":{"rendered":"<p>FONASC.CBH ASSINA NOTA P\u00daBLICA EM DEFESA DA EDUCA\u00c7\u00c3O AMBIENTAL Texto: Ascom Fonasc.CBH Data: 11\/01\/2019 O Fonasc.CBH assinou nota emitida pela&#8230;<\/p>\n","protected":false},"author":2,"featured_media":0,"comment_status":"closed","ping_status":"open","sticky":false,"template":"","format":"standard","meta":{"footnotes":""},"categories":[1,8],"tags":[],"_links":{"self":[{"href":"https:\/\/fonasc-cbh.org.br\/index.php?rest_route=\/wp\/v2\/posts\/20367"}],"collection":[{"href":"https:\/\/fonasc-cbh.org.br\/index.php?rest_route=\/wp\/v2\/posts"}],"about":[{"href":"https:\/\/fonasc-cbh.org.br\/index.php?rest_route=\/wp\/v2\/types\/post"}],"author":[{"embeddable":true,"href":"https:\/\/fonasc-cbh.org.br\/index.php?rest_route=\/wp\/v2\/users\/2"}],"replies":[{"embeddable":true,"href":"https:\/\/fonasc-cbh.org.br\/index.php?rest_route=%2Fwp%2Fv2%2Fcomments&post=20367"}],"version-history":[{"count":2,"href":"https:\/\/fonasc-cbh.org.br\/index.php?rest_route=\/wp\/v2\/posts\/20367\/revisions"}],"predecessor-version":[{"id":20369,"href":"https:\/\/fonasc-cbh.org.br\/index.php?rest_route=\/wp\/v2\/posts\/20367\/revisions\/20369"}],"wp:attachment":[{"href":"https:\/\/fonasc-cbh.org.br\/index.php?rest_route=%2Fwp%2Fv2%2Fmedia&parent=20367"}],"wp:term":[{"taxonomy":"category","embeddable":true,"href":"https:\/\/fonasc-cbh.org.br\/index.php?rest_route=%2Fwp%2Fv2%2Fcategories&post=20367"},{"taxonomy":"post_tag","embeddable":true,"href":"https:\/\/fonasc-cbh.org.br\/index.php?rest_route=%2Fwp%2Fv2%2Ftags&post=20367"}],"curies":[{"name":"wp","href":"https:\/\/api.w.org\/{rel}","templated":true}]}}