{"id":20320,"date":"2018-12-17T20:11:43","date_gmt":"2018-12-17T20:11:43","guid":{"rendered":"http:\/\/fonasc-cbh.org.br\/?p=20320"},"modified":"2018-12-17T20:11:43","modified_gmt":"2018-12-17T20:11:43","slug":"fonasc-ma-escolas-encerram-atividades-com-formaturas","status":"publish","type":"post","link":"https:\/\/fonasc-cbh.org.br\/?p=20320","title":{"rendered":"FONASC-MA &#8211; ESCOLAS ENCERRAM ATIVIDADES COM FORMATURAS"},"content":{"rendered":"<p style=\"text-align: center;\"><strong>FONASC-MA &#8211; ESCOLAS COMUNIT\u00c1RIAS ENCERRAM ATIVIDADES COM FORMATURAS<\/strong><\/p>\n<p><a href=\"https:\/\/fonasc-cbh.org.br\/wp-content\/uploads\/festas-abc.jpg\"><img loading=\"lazy\" decoding=\"async\" class=\"aligncenter size-full wp-image-20321\" title=\"festas abc\" src=\"https:\/\/fonasc-cbh.org.br\/wp-content\/uploads\/festas-abc.jpg\" alt=\"\" width=\"341\" height=\"422\" srcset=\"https:\/\/fonasc-cbh.org.br\/wp-content\/uploads\/festas-abc.jpg 341w, https:\/\/fonasc-cbh.org.br\/wp-content\/uploads\/festas-abc-242x300.jpg 242w\" sizes=\"(max-width: 341px) 100vw, 341px\" \/><\/a><\/p>\n<p><strong>Texto<\/strong>: Ascom Fonasc.CBH<br \/>\n<strong>Data<\/strong>: 17\/12\/2018<\/p>\n<p style=\"text-align: justify;\">As escolas comunit\u00e1rias, parcerias do Fonasc.CBH, atrav\u00e9s do Comit\u00ea Infanto Juvenil da Bacia Hidrogr\u00e1fica do Rio Jeniparana, encerraram neste final de semana as atividades pedag\u00f3gicas com formaturas e a\u00e7\u00f5es solid\u00e1rias. As escolas Casulo, Educando, Nossa Senhora Aparecida e Betesda organizaram uma linda programa\u00e7\u00e3o para os alunos e seus familiares.<\/p>\n<p style=\"text-align: justify;\">Como \u00e9 de praxe, o final do ano sempre reserva momentos como este em que se relembram das diversas a\u00e7\u00f5es e atividades desempenhadas ao longo de todo ano letivo e com certeza, entre as escolas comunit\u00e1rias, o destaque \u00e9 o cuidado com os recursos h\u00eddricos e o meio ambiente. A prova disso foi a participa\u00e7\u00e3o das escolas nas etapas da V Confer\u00eancia Infanto Juvenil pelo Meio Ambiente, cujo tema foi sobre o cuidar das \u00e1guas. Ali cada escola inscreveu um projeto e as escolas parceiras do Fonasc.CBH j\u00e1 possu\u00edam pr\u00e1ticas de redu\u00e7\u00e3o e reuso da \u00e1gua e puderam utilizar seus projetos para participar do evento nacional.<\/p>\n<p style=\"text-align: justify;\">A vice-coordenadora nacional do Fonasc.CBH, Thereza Christina Pereira Castro, ressalta a import\u00e2ncia desse trabalho. &#8220;As escolas j\u00e1 desenvolvem em seu dia-a-dia pr\u00e1ticas que ajudam na preserva\u00e7\u00e3o e conserva\u00e7\u00e3o dos recursos h\u00eddricos e do meio ambiente. Chegar ao final do ano nas festas de formatura e celebrar o senso do dever cumprido&#8221;, disse.<\/p>\n","protected":false},"excerpt":{"rendered":"<p>FONASC-MA &#8211; ESCOLAS COMUNIT\u00c1RIAS ENCERRAM ATIVIDADES COM FORMATURAS Texto: Ascom Fonasc.CBH Data: 17\/12\/2018 As escolas comunit\u00e1rias, parcerias do Fonasc.CBH, atrav\u00e9s&#8230;<\/p>\n","protected":false},"author":2,"featured_media":0,"comment_status":"closed","ping_status":"open","sticky":false,"template":"","format":"standard","meta":{"footnotes":""},"categories":[1,37,8],"tags":[],"_links":{"self":[{"href":"https:\/\/fonasc-cbh.org.br\/index.php?rest_route=\/wp\/v2\/posts\/20320"}],"collection":[{"href":"https:\/\/fonasc-cbh.org.br\/index.php?rest_route=\/wp\/v2\/posts"}],"about":[{"href":"https:\/\/fonasc-cbh.org.br\/index.php?rest_route=\/wp\/v2\/types\/post"}],"author":[{"embeddable":true,"href":"https:\/\/fonasc-cbh.org.br\/index.php?rest_route=\/wp\/v2\/users\/2"}],"replies":[{"embeddable":true,"href":"https:\/\/fonasc-cbh.org.br\/index.php?rest_route=%2Fwp%2Fv2%2Fcomments&post=20320"}],"version-history":[{"count":2,"href":"https:\/\/fonasc-cbh.org.br\/index.php?rest_route=\/wp\/v2\/posts\/20320\/revisions"}],"predecessor-version":[{"id":20323,"href":"https:\/\/fonasc-cbh.org.br\/index.php?rest_route=\/wp\/v2\/posts\/20320\/revisions\/20323"}],"wp:attachment":[{"href":"https:\/\/fonasc-cbh.org.br\/index.php?rest_route=%2Fwp%2Fv2%2Fmedia&parent=20320"}],"wp:term":[{"taxonomy":"category","embeddable":true,"href":"https:\/\/fonasc-cbh.org.br\/index.php?rest_route=%2Fwp%2Fv2%2Fcategories&post=20320"},{"taxonomy":"post_tag","embeddable":true,"href":"https:\/\/fonasc-cbh.org.br\/index.php?rest_route=%2Fwp%2Fv2%2Ftags&post=20320"}],"curies":[{"name":"wp","href":"https:\/\/api.w.org\/{rel}","templated":true}]}}