{"id":20296,"date":"2018-12-10T17:11:23","date_gmt":"2018-12-10T17:11:23","guid":{"rendered":"http:\/\/fonasc-cbh.org.br\/?p=20296"},"modified":"2018-12-10T17:11:23","modified_gmt":"2018-12-10T17:11:23","slug":"fonasc-cbh-e-eleito-para-o-comite-de-bacia-do-rio-guandu","status":"publish","type":"post","link":"https:\/\/fonasc-cbh.org.br\/?p=20296","title":{"rendered":"FONASC.CBH \u00c9 ELEITO PARA O COMIT\u00ca DE BACIA DO RIO GUANDU"},"content":{"rendered":"<p style=\"text-align: center;\"><strong>FONASC.CBH \u00c9 ELEITO PARA O COMIT\u00ca DE BACIA DO RIO GUANDU<\/strong><\/p>\n<p><strong>Texto:<\/strong> Ascom Fonasc.CBH<br \/>\n<strong>Data:<\/strong> 10\/12\/2018<\/p>\n<p style=\"text-align: justify;\">O Fonasc.CBH foi eleito como membro do Comit\u00ea de Bacia do Rio Guandu. Al\u00e9m do Fonasc.CBH, a entidade parceira\u00a0ADEFIMPA-RJ tamb\u00e9m foi eleita para compor o CBH do Rio Guandu. Ainda no Comit\u00ea restou uma vaga para suplente que dever\u00e1 ser preenchida atrav\u00e9s de um novo edital.<\/p>\n<p style=\"text-align: justify;\">A posse dos conselheiros ser\u00e1 no 14 de fevereiro de 2019 e nesta data acontecer\u00e1 tamb\u00e9m a elei\u00e7\u00e3o a Diretoria Colegiada 2019\/2021, em que o segmento da sociedade civil organizada deve indicar as entidades APEDEMA-RJ e a UEZO para compor a referida chapa para concorrer \u00e0 diretoria do CBH do Rio Guandu.<\/p>\n<p style=\"text-align: justify;\">Fazem parte do segmento da Sociedade Civil do CBH Rio GUANDU: APEDEMA-RJ, Acampar-RJ, OMA-Brasil, Ecocidade, 5\u00ba Elemento, Defensores do Planeta, NEPP, SINTSAMA-RJ e FAM-RIO).<\/p>\n<p>&nbsp;<\/p>\n","protected":false},"excerpt":{"rendered":"<p>FONASC.CBH \u00c9 ELEITO PARA O COMIT\u00ca DE BACIA DO RIO GUANDU Texto: Ascom Fonasc.CBH Data: 10\/12\/2018 O Fonasc.CBH foi eleito&#8230;<\/p>\n","protected":false},"author":2,"featured_media":0,"comment_status":"closed","ping_status":"open","sticky":false,"template":"","format":"standard","meta":{"footnotes":""},"categories":[1,8],"tags":[],"_links":{"self":[{"href":"https:\/\/fonasc-cbh.org.br\/index.php?rest_route=\/wp\/v2\/posts\/20296"}],"collection":[{"href":"https:\/\/fonasc-cbh.org.br\/index.php?rest_route=\/wp\/v2\/posts"}],"about":[{"href":"https:\/\/fonasc-cbh.org.br\/index.php?rest_route=\/wp\/v2\/types\/post"}],"author":[{"embeddable":true,"href":"https:\/\/fonasc-cbh.org.br\/index.php?rest_route=\/wp\/v2\/users\/2"}],"replies":[{"embeddable":true,"href":"https:\/\/fonasc-cbh.org.br\/index.php?rest_route=%2Fwp%2Fv2%2Fcomments&post=20296"}],"version-history":[{"count":2,"href":"https:\/\/fonasc-cbh.org.br\/index.php?rest_route=\/wp\/v2\/posts\/20296\/revisions"}],"predecessor-version":[{"id":20298,"href":"https:\/\/fonasc-cbh.org.br\/index.php?rest_route=\/wp\/v2\/posts\/20296\/revisions\/20298"}],"wp:attachment":[{"href":"https:\/\/fonasc-cbh.org.br\/index.php?rest_route=%2Fwp%2Fv2%2Fmedia&parent=20296"}],"wp:term":[{"taxonomy":"category","embeddable":true,"href":"https:\/\/fonasc-cbh.org.br\/index.php?rest_route=%2Fwp%2Fv2%2Fcategories&post=20296"},{"taxonomy":"post_tag","embeddable":true,"href":"https:\/\/fonasc-cbh.org.br\/index.php?rest_route=%2Fwp%2Fv2%2Ftags&post=20296"}],"curies":[{"name":"wp","href":"https:\/\/api.w.org\/{rel}","templated":true}]}}