{"id":20261,"date":"2018-11-28T18:43:41","date_gmt":"2018-11-28T18:43:41","guid":{"rendered":"http:\/\/fonasc-cbh.org.br\/?p=20261"},"modified":"2018-12-07T19:50:20","modified_gmt":"2018-12-07T19:50:20","slug":"fonasc-mg-contribuicoes-para-o-termo-de-referencia-do-plano-de-recursos-hidricos-do-rio-doce","status":"publish","type":"post","link":"https:\/\/fonasc-cbh.org.br\/?p=20261","title":{"rendered":"FONASC-MG CONTRIBUI\u00c7\u00d5ES PARA O TERMO DE REFER\u00caNCIA DO PLANO DE RECURSOS H\u00cdDRICOS DO RIO DOCE"},"content":{"rendered":"<p style=\"text-align: center;\"><strong>FONASC-MG CONTRIBUI\u00c7\u00d5ES PARA O TERMO DE REFER\u00caNCIA DO PLANO DE RECURSOS H\u00cdDRICOS DO RIO DOCE<\/strong><\/p>\n<figure style=\"width: 800px\" class=\"wp-caption aligncenter\"><img loading=\"lazy\" decoding=\"async\" class=\" \" title=\"Rio Doce\" src=\"https:\/\/ecotelhado.com\/wp-content\/uploads\/2017\/04\/riodoce.jpg\" alt=\"Rio Doce\" width=\"800\" height=\"400\" \/><figcaption class=\"wp-caption-text\">Rio Doce<\/figcaption><\/figure>\n<p><strong>Texto:<\/strong> Ascom Fonasc.CBH<br \/>\n<strong>Data<\/strong>: 28\/11\/2018<\/p>\n<p style=\"text-align: justify;\">O Fonasc.CBH, na condi\u00e7\u00e3o de membro do CBH Rio Doce e CBH Santo Ant\u00f4nio, participou ontem da Reuni\u00e3o conjunta das C\u00e2maras T\u00e9cnicas do Plano de Recursos H\u00eddricos(CTPLANs) e do de Programas e Projetos (CTPPs) que aconteceu no Audit\u00f3rio da ARDOCE em Ilha dos Ara\u00fajos, Gov. Valadares \u2013 MG.<\/p>\n<p style=\"text-align: justify;\">O coordenador nacional do Fonasc.CBH, Jo\u00e3o Cl\u00edmaco participou da reuni\u00e3o cuja pauta\u00a0 contou com a participa\u00e7\u00e3o o dos presidentes e relatores das C\u00e2maras T\u00e9cnicas dos CBHs Piranga, Piracicaba, Santo Ant\u00f4nio, Sua\u00e7u\u00ed, Caratinga e Manhua\u00e7u; e destinou-se a An\u00e1lise da proposta do Termo de Refer\u00eancia para a revis\u00e3o do Plano Integrado de Recursos H\u00eddricos da Bacia do Rio Doce e elabora\u00e7\u00e3o de nova\u00a0 proposta de enquadramento.<\/p>\n<p style=\"text-align: justify;\">O coordenador explicou que o Fonasc.CBH est\u00e1 atuando e fazendo parte de uma comiss\u00e3o que est\u00e1 participando da agenda de renova\u00e7\u00e3o do plano da bacia do Rio Doce por for\u00e7a da legisla\u00e7\u00e3o. Segundo ele, vai ser contratada uma empresa para executar o plano e os membros dos CBH\u2019s integrados ir\u00e3o propor e contribuir com propostas para o Termo de Refer\u00eancia de contrata\u00e7\u00e3o.<\/p>\n<p style=\"text-align: justify;\">\u201cOntem os debates foram acirrados, pois o setor de minera\u00e7\u00e3o vai querer moldar um plano de bacias dentro de suas expectativas. E eu fiz v\u00e1rias propostas para serem inclusas nesses termos de refer\u00eancia, dentre as quais a quest\u00e3o da contabilidade h\u00eddrica da bacia, levando em conta que tem que haver um ressarcimento e redirecionamento da \u00e1gua que \u00e9 jogada fora no mar ap\u00f3s beneficiamento das mineradoras\u201d, al\u00e9m da quest\u00e3o das \u00e1guas subterraneas e usos ditos insignificantes disse Cl\u00edmaco.<\/p>\n<p style=\"text-align: justify;\">Abaixo est\u00e1 o esbo\u00e7o do Termo de Refer\u00eancia para contribui\u00e7\u00f5es<\/p>\n<p style=\"text-align: justify;\">\u00a0<a href=\"https:\/\/fonasc-cbh.org.br\/wp-content\/uploads\/Minuta-TR_Atualizacao-PIRH-Doce_v12_Rev-IBIO-ANA-AGERH-IGAM_14-11-2018_vConsolidada_CBHs.docx\">Minuta-TR_Atualizacao-PIRH-Doce_v12_Rev-IBIO-ANA-AGERH-IGAM_14-11-2018_vConsolidada_CBHs<\/a><\/p>\n","protected":false},"excerpt":{"rendered":"<p>FONASC-MG CONTRIBUI\u00c7\u00d5ES PARA O TERMO DE REFER\u00caNCIA DO PLANO DE RECURSOS H\u00cdDRICOS DO RIO DOCE Texto: Ascom Fonasc.CBH Data: 28\/11\/2018&#8230;<\/p>\n","protected":false},"author":2,"featured_media":0,"comment_status":"closed","ping_status":"open","sticky":false,"template":"","format":"standard","meta":{"footnotes":""},"categories":[1,38,8],"tags":[],"_links":{"self":[{"href":"https:\/\/fonasc-cbh.org.br\/index.php?rest_route=\/wp\/v2\/posts\/20261"}],"collection":[{"href":"https:\/\/fonasc-cbh.org.br\/index.php?rest_route=\/wp\/v2\/posts"}],"about":[{"href":"https:\/\/fonasc-cbh.org.br\/index.php?rest_route=\/wp\/v2\/types\/post"}],"author":[{"embeddable":true,"href":"https:\/\/fonasc-cbh.org.br\/index.php?rest_route=\/wp\/v2\/users\/2"}],"replies":[{"embeddable":true,"href":"https:\/\/fonasc-cbh.org.br\/index.php?rest_route=%2Fwp%2Fv2%2Fcomments&post=20261"}],"version-history":[{"count":4,"href":"https:\/\/fonasc-cbh.org.br\/index.php?rest_route=\/wp\/v2\/posts\/20261\/revisions"}],"predecessor-version":[{"id":20264,"href":"https:\/\/fonasc-cbh.org.br\/index.php?rest_route=\/wp\/v2\/posts\/20261\/revisions\/20264"}],"wp:attachment":[{"href":"https:\/\/fonasc-cbh.org.br\/index.php?rest_route=%2Fwp%2Fv2%2Fmedia&parent=20261"}],"wp:term":[{"taxonomy":"category","embeddable":true,"href":"https:\/\/fonasc-cbh.org.br\/index.php?rest_route=%2Fwp%2Fv2%2Fcategories&post=20261"},{"taxonomy":"post_tag","embeddable":true,"href":"https:\/\/fonasc-cbh.org.br\/index.php?rest_route=%2Fwp%2Fv2%2Ftags&post=20261"}],"curies":[{"name":"wp","href":"https:\/\/api.w.org\/{rel}","templated":true}]}}