{"id":20245,"date":"2018-11-23T13:20:10","date_gmt":"2018-11-23T13:20:10","guid":{"rendered":"http:\/\/fonasc-cbh.org.br\/?p=20245"},"modified":"2018-11-23T14:36:25","modified_gmt":"2018-11-23T14:36:25","slug":"escolas-comunitarias-ganham-dia-municipal","status":"publish","type":"post","link":"https:\/\/fonasc-cbh.org.br\/?p=20245","title":{"rendered":"ESCOLAS COMUNIT\u00c1RIAS GANHAM DIA MUNICIPAL"},"content":{"rendered":"<p style=\"text-align: center;\"><strong>ESCOLAS COMUNIT\u00c1RIAS GANHAM DIA MUNICIPAL<\/strong><\/p>\n<figure id=\"attachment_20250\" aria-describedby=\"caption-attachment-20250\" style=\"width: 717px\" class=\"wp-caption aligncenter\"><a href=\"https:\/\/fonasc-cbh.org.br\/wp-content\/uploads\/essa-menor1.jpg\"><img loading=\"lazy\" decoding=\"async\" class=\"size-full wp-image-20250\" title=\"essa menor\" src=\"https:\/\/fonasc-cbh.org.br\/wp-content\/uploads\/essa-menor1.jpg\" alt=\"\" width=\"717\" height=\"348\" srcset=\"https:\/\/fonasc-cbh.org.br\/wp-content\/uploads\/essa-menor1.jpg 717w, https:\/\/fonasc-cbh.org.br\/wp-content\/uploads\/essa-menor1-300x145.jpg 300w\" sizes=\"(max-width: 717px) 100vw, 717px\" \/><\/a><figcaption id=\"caption-attachment-20250\" class=\"wp-caption-text\">As homenageadas entre Thereza Christina e o vereador Ricardo Diniz. Na imagem a educadora Judith Castro e os alunos do Instituto Educando<\/figcaption><\/figure>\n<p style=\"text-align: justify;\"><strong>Texto:<\/strong> Ascom Fonasc.CBH<br \/>\n<strong>Data<\/strong>: 23\/11\/2018<\/p>\n<p style=\"text-align: justify;\">\u00a0O projeto de lei 042\/2018, que institui o Dia Municipal da Escola Comunit\u00e1ria no calend\u00e1rio das datas comemorativas do munic\u00edpio de S\u00e3o Lu\u00eds, foi aprovado pela C\u00e2mara Municipal de Vereadores e j\u00e1 seguiu para sans\u00e3o do prefeito da cidade. O an\u00fancio foi feito pelo autor do projeto, vereador Ricardo Diniz, durante a homenagem prestadas as escolas comunit\u00e1rias na \u00faltima quarta-feira, 21, em sess\u00e3o solene, no plen\u00e1rio Sim\u00e3o Est\u00e1cio da Silveira. Anualmente, a data do Dia Municipal da Escola Comunit\u00e1ria ser\u00e1 celebrado dia 15 de mar\u00e7o.<\/p>\n<p style=\"text-align: justify;\">Ainda durante a sess\u00e3o solene, a C\u00e2mara Municipal de Vereadores de S\u00e3o Lu\u00eds homenageou a pedagoga e gestora do Instituto Maanaim, Maria Neuza Silva Ribeiro com o t\u00edtulo de Cidad\u00e3 Ludovicense, e tamb\u00e9m a gestora Leiliane Andrade, do Instituto Educando pela participa\u00e7\u00e3o da escola na V Confer\u00eancia Nacional Infanto Juvenil pelo Meio Ambiente, realizada em Sumar\u00e9-SP.<\/p>\n<p style=\"text-align: justify;\">\u00a0A vice-coordenadora nacional do Fonasc.CBH, Thereza Christina Pereira Castro participou da homenagem, uma vez que as escolas fazem parte do projeto de educa\u00e7\u00e3o ambiental desenvolvido entre o Fonasc e as escolas chamado Comit\u00ea Infanto Juvenil da Bacia Hidrogr\u00e1fica do Rio Jeniparana. \u201cAs escolas est\u00e3o de parab\u00e9ns, a homenagem \u00e9 justa pela seriedade e compet\u00eancia que as escolas realizam seus trabalhos. Conhe\u00e7o a trajet\u00f3ria das escolas e do quanto elas participam e contribuem com as diversas pol\u00edticas p\u00fablicas, e assim quem ganha somos todos n\u00f3s, cidad\u00e3os deste munic\u00edpio\u201d, afirmou.<\/p>\n<p style=\"text-align: justify;\">As homenageadas Neuza Ribeiro e Leiliane Andrade fizeram discursos emocionados e reconheceram que as homenagens s\u00e3o uma conquista do coletivo. Elas lembraram suas trajet\u00f3rias pessoais e profissionais e as lutas para concretizar os sonhos e ver o crescimento e a qualidade das escolas comunit\u00e1rias, cujo o \u201csegredo\u201d do sucesso \u00e9 o amor \u00e0 educa\u00e7\u00e3o.<\/p>\n<p style=\"text-align: justify;\">\u00a0O vereador Ricardo Diniz destacou a grande atua\u00e7\u00e3o da homenageada Neuza Ribeiro na \u00e1rea da Educa\u00e7\u00e3o. \u201cComo professora e gestora, Neuza Ribeiro tem uma atua\u00e7\u00e3o marcante, pois com responsabilidade e dedica\u00e7\u00e3o possui grande capacidade administrativa na \u00e1rea da Educa\u00e7\u00e3o atraindo a simpatia e o respeito de todos que, com ela trabalharam ao longo desses anos, por isso merce todo o nosso reconhecimento. O Instituto Educando, representou as escolas comunit\u00e1rias dentro de um evento nacional, compartilhando com todos a sua experi\u00eancia e isso \u00e9 motivo de termos muito orgulho\u201d, finalizou.<\/p>\n","protected":false},"excerpt":{"rendered":"<p>ESCOLAS COMUNIT\u00c1RIAS GANHAM DIA MUNICIPAL Texto: Ascom Fonasc.CBH Data: 23\/11\/2018 \u00a0O projeto de lei 042\/2018, que institui o Dia Municipal&#8230;<\/p>\n","protected":false},"author":2,"featured_media":0,"comment_status":"open","ping_status":"open","sticky":false,"template":"","format":"standard","meta":{"footnotes":""},"categories":[1,37,8],"tags":[],"_links":{"self":[{"href":"https:\/\/fonasc-cbh.org.br\/index.php?rest_route=\/wp\/v2\/posts\/20245"}],"collection":[{"href":"https:\/\/fonasc-cbh.org.br\/index.php?rest_route=\/wp\/v2\/posts"}],"about":[{"href":"https:\/\/fonasc-cbh.org.br\/index.php?rest_route=\/wp\/v2\/types\/post"}],"author":[{"embeddable":true,"href":"https:\/\/fonasc-cbh.org.br\/index.php?rest_route=\/wp\/v2\/users\/2"}],"replies":[{"embeddable":true,"href":"https:\/\/fonasc-cbh.org.br\/index.php?rest_route=%2Fwp%2Fv2%2Fcomments&post=20245"}],"version-history":[{"count":4,"href":"https:\/\/fonasc-cbh.org.br\/index.php?rest_route=\/wp\/v2\/posts\/20245\/revisions"}],"predecessor-version":[{"id":20247,"href":"https:\/\/fonasc-cbh.org.br\/index.php?rest_route=\/wp\/v2\/posts\/20245\/revisions\/20247"}],"wp:attachment":[{"href":"https:\/\/fonasc-cbh.org.br\/index.php?rest_route=%2Fwp%2Fv2%2Fmedia&parent=20245"}],"wp:term":[{"taxonomy":"category","embeddable":true,"href":"https:\/\/fonasc-cbh.org.br\/index.php?rest_route=%2Fwp%2Fv2%2Fcategories&post=20245"},{"taxonomy":"post_tag","embeddable":true,"href":"https:\/\/fonasc-cbh.org.br\/index.php?rest_route=%2Fwp%2Fv2%2Ftags&post=20245"}],"curies":[{"name":"wp","href":"https:\/\/api.w.org\/{rel}","templated":true}]}}