{"id":20235,"date":"2018-11-19T19:31:44","date_gmt":"2018-11-19T19:31:44","guid":{"rendered":"http:\/\/fonasc-cbh.org.br\/?p=20235"},"modified":"2018-11-19T19:31:44","modified_gmt":"2018-11-19T19:31:44","slug":"coordenador-do-fonasc-cbh-e-indicado-para-camara-tecnica-do-cbh-gd8","status":"publish","type":"post","link":"https:\/\/fonasc-cbh.org.br\/?p=20235","title":{"rendered":"COORDENADOR DO FONASC.CBH \u00c9 INDICADO PARA C\u00c2MARA T\u00c9CNICA DO CBH GD8"},"content":{"rendered":"<p style=\"text-align: center;\"><strong>COORDENADOR DO FONASC.CBH \u00c9 INDICADO PARA C\u00c2MARA T\u00c9CNICA DO CBH GD8<\/strong><\/p>\n<p><strong>Texto:<\/strong> Ascom Fonasc.CBH<br \/>\n<strong>Data<\/strong>: 19\/11\/2018<\/p>\n<p style=\"text-align: justify;\">O coordenador nacional do Fonasc.CBH, Jo\u00e3o Cl\u00edmaco foi indicado para compor a C\u00e2mara T\u00e9cnica de Assuntos Institucionais e Legais (CTIL) do Comit\u00ea da Bacia Hidrogr\u00e1fica dos Afluentes Mineiros do Baixo Rio Grande (CBH GD8).<\/p>\n<p style=\"text-align: justify;\">A indica\u00e7\u00e3o ocorreu conforme of\u00edcio do Fonasc.CBH n\u00ba 012\/2018, encaminhado semana passada para o presidente do CBH GD8, Marco T\u00falio Prata, que foi feita pelo coordenador regional do Fonasc.CBH, Antonio Geraldo de Oliveira.<\/p>\n","protected":false},"excerpt":{"rendered":"<p>COORDENADOR DO FONASC.CBH \u00c9 INDICADO PARA C\u00c2MARA T\u00c9CNICA DO CBH GD8 Texto: Ascom Fonasc.CBH Data: 19\/11\/2018 O coordenador nacional do&#8230;<\/p>\n","protected":false},"author":2,"featured_media":0,"comment_status":"open","ping_status":"open","sticky":false,"template":"","format":"standard","meta":{"footnotes":""},"categories":[1,38,8],"tags":[],"_links":{"self":[{"href":"https:\/\/fonasc-cbh.org.br\/index.php?rest_route=\/wp\/v2\/posts\/20235"}],"collection":[{"href":"https:\/\/fonasc-cbh.org.br\/index.php?rest_route=\/wp\/v2\/posts"}],"about":[{"href":"https:\/\/fonasc-cbh.org.br\/index.php?rest_route=\/wp\/v2\/types\/post"}],"author":[{"embeddable":true,"href":"https:\/\/fonasc-cbh.org.br\/index.php?rest_route=\/wp\/v2\/users\/2"}],"replies":[{"embeddable":true,"href":"https:\/\/fonasc-cbh.org.br\/index.php?rest_route=%2Fwp%2Fv2%2Fcomments&post=20235"}],"version-history":[{"count":2,"href":"https:\/\/fonasc-cbh.org.br\/index.php?rest_route=\/wp\/v2\/posts\/20235\/revisions"}],"predecessor-version":[{"id":20237,"href":"https:\/\/fonasc-cbh.org.br\/index.php?rest_route=\/wp\/v2\/posts\/20235\/revisions\/20237"}],"wp:attachment":[{"href":"https:\/\/fonasc-cbh.org.br\/index.php?rest_route=%2Fwp%2Fv2%2Fmedia&parent=20235"}],"wp:term":[{"taxonomy":"category","embeddable":true,"href":"https:\/\/fonasc-cbh.org.br\/index.php?rest_route=%2Fwp%2Fv2%2Fcategories&post=20235"},{"taxonomy":"post_tag","embeddable":true,"href":"https:\/\/fonasc-cbh.org.br\/index.php?rest_route=%2Fwp%2Fv2%2Ftags&post=20235"}],"curies":[{"name":"wp","href":"https:\/\/api.w.org\/{rel}","templated":true}]}}