{"id":20197,"date":"2018-11-16T17:27:22","date_gmt":"2018-11-16T17:27:22","guid":{"rendered":"http:\/\/fonasc-cbh.org.br\/?p=20197"},"modified":"2018-11-16T17:27:22","modified_gmt":"2018-11-16T17:27:22","slug":"organizacoes-da-sociedade-civil-se-preparam-para-participar-das-oficinas-de-capacitacao-em-recursos-hidricos-no-rio-de-janeiro","status":"publish","type":"post","link":"https:\/\/fonasc-cbh.org.br\/?p=20197","title":{"rendered":"ORGANIZA\u00c7\u00d5ES DA SOCIEDADE CIVIL SE PREPARAM PARA PARTICIPAR DAS OFICINAS DE CAPACITA\u00c7\u00c3O EM RECURSOS H\u00cdDRICOS NO RIO DE JANEIRO"},"content":{"rendered":"<p style=\"text-align: center;\"><strong>ORGANIZA\u00c7\u00d5ES DA SOCIEDADE CIVIL SE PREPARAM PARA PARTICIPAR DAS OFICINAS DE CAPACITA\u00c7\u00c3O EM RECURSOS H\u00cdDRICOS NO RIO DE JANEIRO<\/strong><\/p>\n<p><strong>Texto:<\/strong> Ascom Fonasc.CBH<br \/>\n<strong>Data:<\/strong> 16\/11\/2018<\/p>\n<p style=\"text-align: justify;\">\u00a0 \u00a0 \u00a0 \u00a0 Os representantes das organiza\u00e7\u00f5es da sociedade civil se preparam para participar de oficinas de capacita\u00e7\u00e3o em recursos h\u00eddricos, cujo objetivo \u00e9 fortalecer a participa\u00e7\u00e3o destas entidades que integram o Conselho Nacional de Recursos H\u00eddricos (CNRH).<\/p>\n<p style=\"text-align: justify;\">\u00a0 \u00a0 \u00a0 \u00a0 \u00a0As oficinas ir\u00e3o acontecer durante XIII Congresso Estadual de Meio Ambiente e Recursos H\u00eddricos da APEDEMA, conjuntamente com o X Encontro Nacional de Meio Ambiente, que ser\u00e3o realizadas no Parque Nacional (Parnaso) em Teresop\u00f3lis-RJ, no per\u00edodo de 22 a 25 de novembro deste ano.<\/p>\n<p style=\"text-align: justify;\">\u00a0 \u00a0 \u00a0 \u00a0 \u00a0O Fonasc.CBH est\u00e1 respons\u00e1vel pela ministra\u00e7\u00e3o das oficinas, cujo objetivo \u00e9 fortalecer e preparar as entidades da organiza\u00e7\u00e3o da sociedade civil para atuarem dentro da Pol\u00edtica Nacional de Recursos H\u00eddricos, especialmente dentro do colegiado do CNRH.<\/p>\n<p style=\"text-align: justify;\">\u00a0 \u00a0 \u00a0 \u00a0 O evento deve contar com a presen\u00e7a de entidades como APEDEMA, SOS Mata Atl\u00e2ntica, Abrace a Serra da Moeda, Instituto Gaia, Instituto Educando e outras.<\/p>\n","protected":false},"excerpt":{"rendered":"<p>ORGANIZA\u00c7\u00d5ES DA SOCIEDADE CIVIL SE PREPARAM PARA PARTICIPAR DAS OFICINAS DE CAPACITA\u00c7\u00c3O EM RECURSOS H\u00cdDRICOS NO RIO DE JANEIRO Texto:&#8230;<\/p>\n","protected":false},"author":2,"featured_media":0,"comment_status":"open","ping_status":"open","sticky":false,"template":"","format":"standard","meta":{"footnotes":""},"categories":[1,8],"tags":[],"_links":{"self":[{"href":"https:\/\/fonasc-cbh.org.br\/index.php?rest_route=\/wp\/v2\/posts\/20197"}],"collection":[{"href":"https:\/\/fonasc-cbh.org.br\/index.php?rest_route=\/wp\/v2\/posts"}],"about":[{"href":"https:\/\/fonasc-cbh.org.br\/index.php?rest_route=\/wp\/v2\/types\/post"}],"author":[{"embeddable":true,"href":"https:\/\/fonasc-cbh.org.br\/index.php?rest_route=\/wp\/v2\/users\/2"}],"replies":[{"embeddable":true,"href":"https:\/\/fonasc-cbh.org.br\/index.php?rest_route=%2Fwp%2Fv2%2Fcomments&post=20197"}],"version-history":[{"count":2,"href":"https:\/\/fonasc-cbh.org.br\/index.php?rest_route=\/wp\/v2\/posts\/20197\/revisions"}],"predecessor-version":[{"id":20199,"href":"https:\/\/fonasc-cbh.org.br\/index.php?rest_route=\/wp\/v2\/posts\/20197\/revisions\/20199"}],"wp:attachment":[{"href":"https:\/\/fonasc-cbh.org.br\/index.php?rest_route=%2Fwp%2Fv2%2Fmedia&parent=20197"}],"wp:term":[{"taxonomy":"category","embeddable":true,"href":"https:\/\/fonasc-cbh.org.br\/index.php?rest_route=%2Fwp%2Fv2%2Fcategories&post=20197"},{"taxonomy":"post_tag","embeddable":true,"href":"https:\/\/fonasc-cbh.org.br\/index.php?rest_route=%2Fwp%2Fv2%2Ftags&post=20197"}],"curies":[{"name":"wp","href":"https:\/\/api.w.org\/{rel}","templated":true}]}}